{"id":99,"name":"rerdh","url":"","description":"","link":"https:\/\/asso.unilim.fr\/rerdh\/author\/rerdh\/","slug":"rerdh","avatar_urls":{"24":"https:\/\/secure.gravatar.com\/avatar\/568ecf0decdce9a914995fe717ccc601ccb3697e398ceca8f1fc8785974b39fd?s=24&d=mm&r=g","48":"https:\/\/secure.gravatar.com\/avatar\/568ecf0decdce9a914995fe717ccc601ccb3697e398ceca8f1fc8785974b39fd?s=48&d=mm&r=g","96":"https:\/\/secure.gravatar.com\/avatar\/568ecf0decdce9a914995fe717ccc601ccb3697e398ceca8f1fc8785974b39fd?s=96&d=mm&r=g"},"meta":[],"yoast_head":"<!-- This site is optimized with the Yoast SEO plugin v26.3 - https:\/\/yoast.com\/wordpress\/plugins\/seo\/ -->\n<title>rerdh, auteur sur R\u00e9seau Europ\u00e9en de Recherche en Droits de l&#039;Homme (R.E.R.D.H.)<\/title>\n<meta name=\"robots\" content=\"index, follow, max-snippet:-1, max-image-preview:large, max-video-preview:-1\" \/>\n<link rel=\"canonical\" href=\"https:\/\/asso.unilim.fr\/rerdh\/author\/rerdh\/\" \/>\n<meta property=\"og:locale\" content=\"fr_FR\" \/>\n<meta property=\"og:type\" content=\"profile\" \/>\n<meta property=\"og:title\" content=\"rerdh, auteur sur R\u00e9seau Europ\u00e9en de Recherche en Droits de l&#039;Homme (R.E.R.D.H.)\" \/>\n<meta property=\"og:url\" content=\"https:\/\/asso.unilim.fr\/rerdh\/author\/rerdh\/\" \/>\n<meta property=\"og:site_name\" content=\"R\u00e9seau Europ\u00e9en de Recherche en Droits de l&#039;Homme (R.E.R.D.H.)\" \/>\n<meta property=\"og:image\" content=\"https:\/\/secure.gravatar.com\/avatar\/9ef8c204a95762d1fd4ea1f3ac67f0b9?s=500&d=mm&r=g\" \/>\n<meta name=\"twitter:card\" content=\"summary_large_image\" \/>\n<script type=\"application\/ld+json\" class=\"yoast-schema-graph\">{\"@context\":\"https:\/\/schema.org\",\"@graph\":[{\"@type\":\"ProfilePage\",\"@id\":\"https:\/\/asso.unilim.fr\/rerdh\/author\/rerdh\/\",\"url\":\"https:\/\/asso.unilim.fr\/rerdh\/author\/rerdh\/\",\"name\":\"rerdh, auteur sur R\u00e9seau Europ\u00e9en de Recherche en Droits de l&#039;Homme (R.E.R.D.H.)\",\"isPartOf\":{\"@id\":\"https:\/\/asso.unilim.fr\/rerdh\/#website\"},\"breadcrumb\":{\"@id\":\"https:\/\/asso.unilim.fr\/rerdh\/author\/rerdh\/#breadcrumb\"},\"inLanguage\":\"fr-FR\",\"potentialAction\":[{\"@type\":\"ReadAction\",\"target\":[\"https:\/\/asso.unilim.fr\/rerdh\/author\/rerdh\/\"]}]},{\"@type\":\"BreadcrumbList\",\"@id\":\"https:\/\/asso.unilim.fr\/rerdh\/author\/rerdh\/#breadcrumb\",\"itemListElement\":[{\"@type\":\"ListItem\",\"position\":1,\"name\":\"Accueil\",\"item\":\"https:\/\/asso.unilim.fr\/rerdh\/\"},{\"@type\":\"ListItem\",\"position\":2,\"name\":\"Archives pour rerdh\"}]},{\"@type\":\"WebSite\",\"@id\":\"https:\/\/asso.unilim.fr\/rerdh\/#website\",\"url\":\"https:\/\/asso.unilim.fr\/rerdh\/\",\"name\":\"R\u00e9seau Europ\u00e9en de Recherche en Droits de l&#039;Homme (R.E.R.D.H.)\",\"description\":\"universit\u00e9 ouverte source de r\u00e9ussites\",\"potentialAction\":[{\"@type\":\"SearchAction\",\"target\":{\"@type\":\"EntryPoint\",\"urlTemplate\":\"https:\/\/asso.unilim.fr\/rerdh\/?s={search_term_string}\"},\"query-input\":{\"@type\":\"PropertyValueSpecification\",\"valueRequired\":true,\"valueName\":\"search_term_string\"}}],\"inLanguage\":\"fr-FR\"},{\"@type\":\"Person\",\"@id\":\"https:\/\/asso.unilim.fr\/rerdh\/#\/schema\/person\/f4d5082afa67316e654ad7cbfb82a2ec\",\"name\":\"rerdh\",\"image\":{\"@type\":\"ImageObject\",\"inLanguage\":\"fr-FR\",\"@id\":\"https:\/\/asso.unilim.fr\/rerdh\/#\/schema\/person\/image\/\",\"url\":\"https:\/\/secure.gravatar.com\/avatar\/568ecf0decdce9a914995fe717ccc601ccb3697e398ceca8f1fc8785974b39fd?s=96&d=mm&r=g\",\"contentUrl\":\"https:\/\/secure.gravatar.com\/avatar\/568ecf0decdce9a914995fe717ccc601ccb3697e398ceca8f1fc8785974b39fd?s=96&d=mm&r=g\",\"caption\":\"rerdh\"},\"mainEntityOfPage\":{\"@id\":\"https:\/\/asso.unilim.fr\/rerdh\/author\/rerdh\/\"}}]}<\/script>\n<!-- \/ Yoast SEO plugin. -->","yoast_head_json":{"title":"rerdh, auteur sur R\u00e9seau Europ\u00e9en de Recherche en Droits de l&#039;Homme (R.E.R.D.H.)","robots":{"index":"index","follow":"follow","max-snippet":"max-snippet:-1","max-image-preview":"max-image-preview:large","max-video-preview":"max-video-preview:-1"},"canonical":"https:\/\/asso.unilim.fr\/rerdh\/author\/rerdh\/","og_locale":"fr_FR","og_type":"profile","og_title":"rerdh, auteur sur R\u00e9seau Europ\u00e9en de Recherche en Droits de l&#039;Homme (R.E.R.D.H.)","og_url":"https:\/\/asso.unilim.fr\/rerdh\/author\/rerdh\/","og_site_name":"R\u00e9seau Europ\u00e9en de Recherche en Droits de l&#039;Homme (R.E.R.D.H.)","og_image":[{"url":"https:\/\/secure.gravatar.com\/avatar\/9ef8c204a95762d1fd4ea1f3ac67f0b9?s=500&d=mm&r=g","type":"","width":"","height":""}],"twitter_card":"summary_large_image","schema":{"@context":"https:\/\/schema.org","@graph":[{"@type":"ProfilePage","@id":"https:\/\/asso.unilim.fr\/rerdh\/author\/rerdh\/","url":"https:\/\/asso.unilim.fr\/rerdh\/author\/rerdh\/","name":"rerdh, auteur sur R\u00e9seau Europ\u00e9en de Recherche en Droits de l&#039;Homme (R.E.R.D.H.)","isPartOf":{"@id":"https:\/\/asso.unilim.fr\/rerdh\/#website"},"breadcrumb":{"@id":"https:\/\/asso.unilim.fr\/rerdh\/author\/rerdh\/#breadcrumb"},"inLanguage":"fr-FR","potentialAction":[{"@type":"ReadAction","target":["https:\/\/asso.unilim.fr\/rerdh\/author\/rerdh\/"]}]},{"@type":"BreadcrumbList","@id":"https:\/\/asso.unilim.fr\/rerdh\/author\/rerdh\/#breadcrumb","itemListElement":[{"@type":"ListItem","position":1,"name":"Accueil","item":"https:\/\/asso.unilim.fr\/rerdh\/"},{"@type":"ListItem","position":2,"name":"Archives pour rerdh"}]},{"@type":"WebSite","@id":"https:\/\/asso.unilim.fr\/rerdh\/#website","url":"https:\/\/asso.unilim.fr\/rerdh\/","name":"R\u00e9seau Europ\u00e9en de Recherche en Droits de l&#039;Homme (R.E.R.D.H.)","description":"universit\u00e9 ouverte source de r\u00e9ussites","potentialAction":[{"@type":"SearchAction","target":{"@type":"EntryPoint","urlTemplate":"https:\/\/asso.unilim.fr\/rerdh\/?s={search_term_string}"},"query-input":{"@type":"PropertyValueSpecification","valueRequired":true,"valueName":"search_term_string"}}],"inLanguage":"fr-FR"},{"@type":"Person","@id":"https:\/\/asso.unilim.fr\/rerdh\/#\/schema\/person\/f4d5082afa67316e654ad7cbfb82a2ec","name":"rerdh","image":{"@type":"ImageObject","inLanguage":"fr-FR","@id":"https:\/\/asso.unilim.fr\/rerdh\/#\/schema\/person\/image\/","url":"https:\/\/secure.gravatar.com\/avatar\/568ecf0decdce9a914995fe717ccc601ccb3697e398ceca8f1fc8785974b39fd?s=96&d=mm&r=g","contentUrl":"https:\/\/secure.gravatar.com\/avatar\/568ecf0decdce9a914995fe717ccc601ccb3697e398ceca8f1fc8785974b39fd?s=96&d=mm&r=g","caption":"rerdh"},"mainEntityOfPage":{"@id":"https:\/\/asso.unilim.fr\/rerdh\/author\/rerdh\/"}}]}},"_links":{"self":[{"href":"https:\/\/asso.unilim.fr\/rerdh\/wp-json\/wp\/v2\/users\/99","targetHints":{"allow":["GET"]}}],"collection":[{"href":"https:\/\/asso.unilim.fr\/rerdh\/wp-json\/wp\/v2\/users"}]}}