{"id":440,"date":"2021-06-27T15:10:35","date_gmt":"2021-06-27T13:10:35","guid":{"rendered":"http:\/\/asso.unilim.fr\/rerdh\/?p=440"},"modified":"2021-06-27T15:10:35","modified_gmt":"2021-06-27T13:10:35","slug":"en-route-pour-2021-2022","status":"publish","type":"post","link":"https:\/\/asso.unilim.fr\/rerdh\/2021\/06\/27\/en-route-pour-2021-2022\/","title":{"rendered":"En route pour 2021 &amp; 2022 !"},"content":{"rendered":"<p>La crise sanitaire a ralenti l&rsquo;ann\u00e9e du R.E.R.D.H., en apparence seulement ! Le Bureau a profit\u00e9 de cette ann\u00e9e de \u00ab\u00a0transition\u00a0\u00bb pour repenser ses projets et son organisation.<\/p>\n<h3>Publication des actes du colloque \u00ab\u00a0<em>Dura lex sed lex\u00a0\u00bb<\/em><\/h3>\n<p>La publication est pr\u00e9vue fin 2021 aux \u00e9ditions Mare &amp; Martin.<\/p>\n<h3>Un nouveau cycle de conf\u00e9rences en pr\u00e9paration !<\/h3>\n<p>D\u00e8s la rentr\u00e9e universitaire 2021, le R.E.R.D.H. souhaite lancer un cycle de conf\u00e9rences ou soir\u00e9es d&rsquo;\u00e9tudes sur des juristes embl\u00e9matiques.<\/p>\n<h3>Un nouveau format pour le revue du R.E.R.D.H.<\/h3>\n<p>La revue change de nom et de formule. D\u00e9sormais annuelle, les \u00ab\u00a0Cahiers du RERDH) seront disponibles au format num\u00e9rique mais \u00e9galement sous format papier par publication au PULIM.<\/p>\n<p>Le prochain num\u00e9ro aura pour th\u00e9matique : <span style=\"color: #b51919\"><strong>Organisation internationale et \u00c9tat : compl\u00e9mentarit\u00e9 et\/ou subsidiarit\u00e9<\/strong><\/span>. L&rsquo;appel \u00e0 contribution sera prochainement disponible.<\/p>\n<p>&nbsp;<\/p>\n","protected":false},"excerpt":{"rendered":"<p>La crise sanitaire a ralenti l&rsquo;ann\u00e9e du R.E.R.D.H., en apparence seulement ! Le Bureau a profit\u00e9 de cette ann\u00e9e de \u00ab\u00a0transition\u00a0\u00bb pour repenser ses projets et son organisation. Publication des actes du colloque \u00ab\u00a0Dura lex sed lex\u00a0\u00bb La publication est pr\u00e9vue fin 2021 aux \u00e9ditions Mare &amp; Martin. Un nouveau cycle de conf\u00e9rences en pr\u00e9paration [&hellip;]<\/p>\n","protected":false},"author":99,"featured_media":101,"comment_status":"open","ping_status":"open","sticky":false,"template":"","format":"standard","meta":{"footnotes":""},"categories":[1],"tags":[],"class_list":["post-440","post","type-post","status-publish","format-standard","has-post-thumbnail","hentry","category-actualite"],"yoast_head":"<!-- This site is optimized with the Yoast SEO plugin v26.3 - https:\/\/yoast.com\/wordpress\/plugins\/seo\/ -->\n<title>En route pour 2021 &amp; 2022 ! - R\u00e9seau Europ\u00e9en de Recherche en Droits de l&#039;Homme (R.E.R.D.H.)<\/title>\n<meta name=\"robots\" content=\"index, follow, max-snippet:-1, max-image-preview:large, max-video-preview:-1\" \/>\n<link rel=\"canonical\" href=\"https:\/\/asso.unilim.fr\/rerdh\/2021\/06\/27\/en-route-pour-2021-2022\/\" \/>\n<meta property=\"og:locale\" content=\"fr_FR\" \/>\n<meta property=\"og:type\" content=\"article\" \/>\n<meta property=\"og:title\" content=\"En route pour 2021 &amp; 2022 ! - R\u00e9seau Europ\u00e9en de Recherche en Droits de l&#039;Homme (R.E.R.D.H.)\" \/>\n<meta property=\"og:description\" content=\"La crise sanitaire a ralenti l&rsquo;ann\u00e9e du R.E.R.D.H., en apparence seulement ! Le Bureau a profit\u00e9 de cette ann\u00e9e de \u00ab\u00a0transition\u00a0\u00bb pour repenser ses projets et son organisation. Publication des actes du colloque \u00ab\u00a0Dura lex sed lex\u00a0\u00bb La publication est pr\u00e9vue fin 2021 aux \u00e9ditions Mare &amp; Martin. Un nouveau cycle de conf\u00e9rences en pr\u00e9paration [&hellip;]\" \/>\n<meta property=\"og:url\" content=\"https:\/\/asso.unilim.fr\/rerdh\/2021\/06\/27\/en-route-pour-2021-2022\/\" \/>\n<meta property=\"og:site_name\" content=\"R\u00e9seau Europ\u00e9en de Recherche en Droits de l&#039;Homme (R.E.R.D.H.)\" \/>\n<meta property=\"article:published_time\" content=\"2021-06-27T13:10:35+00:00\" \/>\n<meta property=\"og:image\" content=\"https:\/\/asso.unilim.fr\/rerdh\/wp-content\/uploads\/sites\/11\/2019\/07\/Declaration_des_droits_de_lhomme_...Laurent_L_btv1b69480451_1-e1564038078634.jpeg\" \/>\n\t<meta property=\"og:image:width\" content=\"913\" \/>\n\t<meta property=\"og:image:height\" content=\"1328\" \/>\n\t<meta property=\"og:image:type\" content=\"image\/jpeg\" \/>\n<meta name=\"author\" content=\"rerdh\" \/>\n<meta name=\"twitter:card\" content=\"summary_large_image\" \/>\n<meta name=\"twitter:label1\" content=\"\u00c9crit par\" \/>\n\t<meta name=\"twitter:data1\" content=\"rerdh\" \/>\n\t<meta name=\"twitter:label2\" content=\"Dur\u00e9e de lecture estim\u00e9e\" \/>\n\t<meta name=\"twitter:data2\" content=\"1 minute\" \/>\n<script type=\"application\/ld+json\" class=\"yoast-schema-graph\">{\"@context\":\"https:\/\/schema.org\",\"@graph\":[{\"@type\":\"WebPage\",\"@id\":\"https:\/\/asso.unilim.fr\/rerdh\/2021\/06\/27\/en-route-pour-2021-2022\/\",\"url\":\"https:\/\/asso.unilim.fr\/rerdh\/2021\/06\/27\/en-route-pour-2021-2022\/\",\"name\":\"En route pour 2021 &amp; 2022 ! - R\u00e9seau Europ\u00e9en de Recherche en Droits de l&#039;Homme (R.E.R.D.H.)\",\"isPartOf\":{\"@id\":\"https:\/\/asso.unilim.fr\/rerdh\/#website\"},\"primaryImageOfPage\":{\"@id\":\"https:\/\/asso.unilim.fr\/rerdh\/2021\/06\/27\/en-route-pour-2021-2022\/#primaryimage\"},\"image\":{\"@id\":\"https:\/\/asso.unilim.fr\/rerdh\/2021\/06\/27\/en-route-pour-2021-2022\/#primaryimage\"},\"thumbnailUrl\":\"https:\/\/asso.unilim.fr\/rerdh\/wp-content\/uploads\/sites\/11\/2019\/07\/Declaration_des_droits_de_lhomme_...Laurent_L_btv1b69480451_1-e1564038078634.jpeg\",\"datePublished\":\"2021-06-27T13:10:35+00:00\",\"author\":{\"@id\":\"https:\/\/asso.unilim.fr\/rerdh\/#\/schema\/person\/f4d5082afa67316e654ad7cbfb82a2ec\"},\"breadcrumb\":{\"@id\":\"https:\/\/asso.unilim.fr\/rerdh\/2021\/06\/27\/en-route-pour-2021-2022\/#breadcrumb\"},\"inLanguage\":\"fr-FR\",\"potentialAction\":[{\"@type\":\"ReadAction\",\"target\":[\"https:\/\/asso.unilim.fr\/rerdh\/2021\/06\/27\/en-route-pour-2021-2022\/\"]}]},{\"@type\":\"ImageObject\",\"inLanguage\":\"fr-FR\",\"@id\":\"https:\/\/asso.unilim.fr\/rerdh\/2021\/06\/27\/en-route-pour-2021-2022\/#primaryimage\",\"url\":\"https:\/\/asso.unilim.fr\/rerdh\/wp-content\/uploads\/sites\/11\/2019\/07\/Declaration_des_droits_de_lhomme_...Laurent_L_btv1b69480451_1-e1564038078634.jpeg\",\"contentUrl\":\"https:\/\/asso.unilim.fr\/rerdh\/wp-content\/uploads\/sites\/11\/2019\/07\/Declaration_des_droits_de_lhomme_...Laurent_L_btv1b69480451_1-e1564038078634.jpeg\",\"width\":913,\"height\":1328},{\"@type\":\"BreadcrumbList\",\"@id\":\"https:\/\/asso.unilim.fr\/rerdh\/2021\/06\/27\/en-route-pour-2021-2022\/#breadcrumb\",\"itemListElement\":[{\"@type\":\"ListItem\",\"position\":1,\"name\":\"Accueil\",\"item\":\"https:\/\/asso.unilim.fr\/rerdh\/\"},{\"@type\":\"ListItem\",\"position\":2,\"name\":\"En route pour 2021 &amp; 2022 !\"}]},{\"@type\":\"WebSite\",\"@id\":\"https:\/\/asso.unilim.fr\/rerdh\/#website\",\"url\":\"https:\/\/asso.unilim.fr\/rerdh\/\",\"name\":\"R\u00e9seau Europ\u00e9en de Recherche en Droits de l&#039;Homme (R.E.R.D.H.)\",\"description\":\"universit\u00e9 ouverte source de r\u00e9ussites\",\"potentialAction\":[{\"@type\":\"SearchAction\",\"target\":{\"@type\":\"EntryPoint\",\"urlTemplate\":\"https:\/\/asso.unilim.fr\/rerdh\/?s={search_term_string}\"},\"query-input\":{\"@type\":\"PropertyValueSpecification\",\"valueRequired\":true,\"valueName\":\"search_term_string\"}}],\"inLanguage\":\"fr-FR\"},{\"@type\":\"Person\",\"@id\":\"https:\/\/asso.unilim.fr\/rerdh\/#\/schema\/person\/f4d5082afa67316e654ad7cbfb82a2ec\",\"name\":\"rerdh\",\"image\":{\"@type\":\"ImageObject\",\"inLanguage\":\"fr-FR\",\"@id\":\"https:\/\/asso.unilim.fr\/rerdh\/#\/schema\/person\/image\/\",\"url\":\"https:\/\/secure.gravatar.com\/avatar\/568ecf0decdce9a914995fe717ccc601ccb3697e398ceca8f1fc8785974b39fd?s=96&d=mm&r=g\",\"contentUrl\":\"https:\/\/secure.gravatar.com\/avatar\/568ecf0decdce9a914995fe717ccc601ccb3697e398ceca8f1fc8785974b39fd?s=96&d=mm&r=g\",\"caption\":\"rerdh\"},\"url\":\"https:\/\/asso.unilim.fr\/rerdh\/author\/rerdh\/\"}]}<\/script>\n<!-- \/ Yoast SEO plugin. -->","yoast_head_json":{"title":"En route pour 2021 &amp; 2022 ! - R\u00e9seau Europ\u00e9en de Recherche en Droits de l&#039;Homme (R.E.R.D.H.)","robots":{"index":"index","follow":"follow","max-snippet":"max-snippet:-1","max-image-preview":"max-image-preview:large","max-video-preview":"max-video-preview:-1"},"canonical":"https:\/\/asso.unilim.fr\/rerdh\/2021\/06\/27\/en-route-pour-2021-2022\/","og_locale":"fr_FR","og_type":"article","og_title":"En route pour 2021 &amp; 2022 ! - R\u00e9seau Europ\u00e9en de Recherche en Droits de l&#039;Homme (R.E.R.D.H.)","og_description":"La crise sanitaire a ralenti l&rsquo;ann\u00e9e du R.E.R.D.H., en apparence seulement ! Le Bureau a profit\u00e9 de cette ann\u00e9e de \u00ab\u00a0transition\u00a0\u00bb pour repenser ses projets et son organisation. Publication des actes du colloque \u00ab\u00a0Dura lex sed lex\u00a0\u00bb La publication est pr\u00e9vue fin 2021 aux \u00e9ditions Mare &amp; Martin. Un nouveau cycle de conf\u00e9rences en pr\u00e9paration [&hellip;]","og_url":"https:\/\/asso.unilim.fr\/rerdh\/2021\/06\/27\/en-route-pour-2021-2022\/","og_site_name":"R\u00e9seau Europ\u00e9en de Recherche en Droits de l&#039;Homme (R.E.R.D.H.)","article_published_time":"2021-06-27T13:10:35+00:00","og_image":[{"width":913,"height":1328,"url":"https:\/\/asso.unilim.fr\/rerdh\/wp-content\/uploads\/sites\/11\/2019\/07\/Declaration_des_droits_de_lhomme_...Laurent_L_btv1b69480451_1-e1564038078634.jpeg","type":"image\/jpeg"}],"author":"rerdh","twitter_card":"summary_large_image","twitter_misc":{"\u00c9crit par":"rerdh","Dur\u00e9e de lecture estim\u00e9e":"1 minute"},"schema":{"@context":"https:\/\/schema.org","@graph":[{"@type":"WebPage","@id":"https:\/\/asso.unilim.fr\/rerdh\/2021\/06\/27\/en-route-pour-2021-2022\/","url":"https:\/\/asso.unilim.fr\/rerdh\/2021\/06\/27\/en-route-pour-2021-2022\/","name":"En route pour 2021 &amp; 2022 ! - R\u00e9seau Europ\u00e9en de Recherche en Droits de l&#039;Homme (R.E.R.D.H.)","isPartOf":{"@id":"https:\/\/asso.unilim.fr\/rerdh\/#website"},"primaryImageOfPage":{"@id":"https:\/\/asso.unilim.fr\/rerdh\/2021\/06\/27\/en-route-pour-2021-2022\/#primaryimage"},"image":{"@id":"https:\/\/asso.unilim.fr\/rerdh\/2021\/06\/27\/en-route-pour-2021-2022\/#primaryimage"},"thumbnailUrl":"https:\/\/asso.unilim.fr\/rerdh\/wp-content\/uploads\/sites\/11\/2019\/07\/Declaration_des_droits_de_lhomme_...Laurent_L_btv1b69480451_1-e1564038078634.jpeg","datePublished":"2021-06-27T13:10:35+00:00","author":{"@id":"https:\/\/asso.unilim.fr\/rerdh\/#\/schema\/person\/f4d5082afa67316e654ad7cbfb82a2ec"},"breadcrumb":{"@id":"https:\/\/asso.unilim.fr\/rerdh\/2021\/06\/27\/en-route-pour-2021-2022\/#breadcrumb"},"inLanguage":"fr-FR","potentialAction":[{"@type":"ReadAction","target":["https:\/\/asso.unilim.fr\/rerdh\/2021\/06\/27\/en-route-pour-2021-2022\/"]}]},{"@type":"ImageObject","inLanguage":"fr-FR","@id":"https:\/\/asso.unilim.fr\/rerdh\/2021\/06\/27\/en-route-pour-2021-2022\/#primaryimage","url":"https:\/\/asso.unilim.fr\/rerdh\/wp-content\/uploads\/sites\/11\/2019\/07\/Declaration_des_droits_de_lhomme_...Laurent_L_btv1b69480451_1-e1564038078634.jpeg","contentUrl":"https:\/\/asso.unilim.fr\/rerdh\/wp-content\/uploads\/sites\/11\/2019\/07\/Declaration_des_droits_de_lhomme_...Laurent_L_btv1b69480451_1-e1564038078634.jpeg","width":913,"height":1328},{"@type":"BreadcrumbList","@id":"https:\/\/asso.unilim.fr\/rerdh\/2021\/06\/27\/en-route-pour-2021-2022\/#breadcrumb","itemListElement":[{"@type":"ListItem","position":1,"name":"Accueil","item":"https:\/\/asso.unilim.fr\/rerdh\/"},{"@type":"ListItem","position":2,"name":"En route pour 2021 &amp; 2022 !"}]},{"@type":"WebSite","@id":"https:\/\/asso.unilim.fr\/rerdh\/#website","url":"https:\/\/asso.unilim.fr\/rerdh\/","name":"R\u00e9seau Europ\u00e9en de Recherche en Droits de l&#039;Homme (R.E.R.D.H.)","description":"universit\u00e9 ouverte source de r\u00e9ussites","potentialAction":[{"@type":"SearchAction","target":{"@type":"EntryPoint","urlTemplate":"https:\/\/asso.unilim.fr\/rerdh\/?s={search_term_string}"},"query-input":{"@type":"PropertyValueSpecification","valueRequired":true,"valueName":"search_term_string"}}],"inLanguage":"fr-FR"},{"@type":"Person","@id":"https:\/\/asso.unilim.fr\/rerdh\/#\/schema\/person\/f4d5082afa67316e654ad7cbfb82a2ec","name":"rerdh","image":{"@type":"ImageObject","inLanguage":"fr-FR","@id":"https:\/\/asso.unilim.fr\/rerdh\/#\/schema\/person\/image\/","url":"https:\/\/secure.gravatar.com\/avatar\/568ecf0decdce9a914995fe717ccc601ccb3697e398ceca8f1fc8785974b39fd?s=96&d=mm&r=g","contentUrl":"https:\/\/secure.gravatar.com\/avatar\/568ecf0decdce9a914995fe717ccc601ccb3697e398ceca8f1fc8785974b39fd?s=96&d=mm&r=g","caption":"rerdh"},"url":"https:\/\/asso.unilim.fr\/rerdh\/author\/rerdh\/"}]}},"_links":{"self":[{"href":"https:\/\/asso.unilim.fr\/rerdh\/wp-json\/wp\/v2\/posts\/440","targetHints":{"allow":["GET"]}}],"collection":[{"href":"https:\/\/asso.unilim.fr\/rerdh\/wp-json\/wp\/v2\/posts"}],"about":[{"href":"https:\/\/asso.unilim.fr\/rerdh\/wp-json\/wp\/v2\/types\/post"}],"author":[{"embeddable":true,"href":"https:\/\/asso.unilim.fr\/rerdh\/wp-json\/wp\/v2\/users\/99"}],"replies":[{"embeddable":true,"href":"https:\/\/asso.unilim.fr\/rerdh\/wp-json\/wp\/v2\/comments?post=440"}],"version-history":[{"count":0,"href":"https:\/\/asso.unilim.fr\/rerdh\/wp-json\/wp\/v2\/posts\/440\/revisions"}],"wp:featuredmedia":[{"embeddable":true,"href":"https:\/\/asso.unilim.fr\/rerdh\/wp-json\/wp\/v2\/media\/101"}],"wp:attachment":[{"href":"https:\/\/asso.unilim.fr\/rerdh\/wp-json\/wp\/v2\/media?parent=440"}],"wp:term":[{"taxonomy":"category","embeddable":true,"href":"https:\/\/asso.unilim.fr\/rerdh\/wp-json\/wp\/v2\/categories?post=440"},{"taxonomy":"post_tag","embeddable":true,"href":"https:\/\/asso.unilim.fr\/rerdh\/wp-json\/wp\/v2\/tags?post=440"}],"curies":[{"name":"wp","href":"https:\/\/api.w.org\/{rel}","templated":true}]}}