{"id":388,"date":"2020-10-15T11:41:27","date_gmt":"2020-10-15T09:41:27","guid":{"rendered":"http:\/\/asso.unilim.fr\/rerdh\/?p=388"},"modified":"2020-10-15T11:44:05","modified_gmt":"2020-10-15T09:44:05","slug":"publication-du-premier-numero-de-la-revue-du-rerdh","status":"publish","type":"post","link":"https:\/\/asso.unilim.fr\/rerdh\/2020\/10\/15\/publication-du-premier-numero-de-la-revue-du-rerdh\/","title":{"rendered":"Publication du premier num\u00e9ro de la Revue du RERDH !"},"content":{"rendered":"<p>Le 8\u00e8me bureau du RERDH est heureux de vous annoncer la publication du <span style=\"text-decoration: underline\"><strong>premier num\u00e9ro<\/strong><\/span> de sa revue juridique en ligne :<\/p>\n<h4>La Revue Europ\u00e9enne de Recherche en Droits de l&rsquo;Homme.<\/h4>\n<p>Cette revue a pour objectif de s&rsquo;int\u00e9resser tant \u00e0 l&rsquo;actualit\u00e9 des droits fondamentaux qu&rsquo;\u00e0 leurs \u00e9volutions profondes.<\/p>\n<p>Ce premier num\u00e9ro est plus sp\u00e9cifiquement d\u00e9di\u00e9 aux \u00e9volutions des droits de l&rsquo;Homme sur la d\u00e9cennie 2010.<\/p>\n<p>Vous pouvez le<strong> consulter en cliquant <a href=\"https:\/\/www.unilim.fr\/rerdh\/notre-revue\/\">ici<\/a><\/strong>.<\/p>\n<p>Un appel \u00e0 communications pour le prochain num\u00e9ro sera bient\u00f4t disponible.<\/p>\n<p>Tr\u00e8s bonne lecture \u00e0 toutes et \u00e0 tous !<\/p>\n","protected":false},"excerpt":{"rendered":"<p>Le 8\u00e8me bureau du RERDH est heureux de vous annoncer la publication du premier num\u00e9ro de sa revue juridique en ligne : La Revue Europ\u00e9enne de Recherche en Droits de l&rsquo;Homme. Cette revue a pour objectif de s&rsquo;int\u00e9resser tant \u00e0 l&rsquo;actualit\u00e9 des droits fondamentaux qu&rsquo;\u00e0 leurs \u00e9volutions profondes. Ce premier num\u00e9ro est plus sp\u00e9cifiquement d\u00e9di\u00e9 [&hellip;]<\/p>\n","protected":false},"author":99,"featured_media":387,"comment_status":"open","ping_status":"open","sticky":false,"template":"","format":"standard","meta":{"footnotes":""},"categories":[3],"tags":[],"class_list":["post-388","post","type-post","status-publish","format-standard","has-post-thumbnail","hentry","category-recherche"],"yoast_head":"<!-- This site is optimized with the Yoast SEO plugin v26.3 - https:\/\/yoast.com\/wordpress\/plugins\/seo\/ -->\n<title>Publication du premier num\u00e9ro de la Revue du RERDH ! - R\u00e9seau Europ\u00e9en de Recherche en Droits de l&#039;Homme (R.E.R.D.H.)<\/title>\n<meta name=\"robots\" content=\"index, follow, max-snippet:-1, max-image-preview:large, max-video-preview:-1\" \/>\n<link rel=\"canonical\" href=\"https:\/\/asso.unilim.fr\/rerdh\/2020\/10\/15\/publication-du-premier-numero-de-la-revue-du-rerdh\/\" \/>\n<meta property=\"og:locale\" content=\"fr_FR\" \/>\n<meta property=\"og:type\" content=\"article\" \/>\n<meta property=\"og:title\" content=\"Publication du premier num\u00e9ro de la Revue du RERDH ! - R\u00e9seau Europ\u00e9en de Recherche en Droits de l&#039;Homme (R.E.R.D.H.)\" \/>\n<meta property=\"og:description\" content=\"Le 8\u00e8me bureau du RERDH est heureux de vous annoncer la publication du premier num\u00e9ro de sa revue juridique en ligne : La Revue Europ\u00e9enne de Recherche en Droits de l&rsquo;Homme. Cette revue a pour objectif de s&rsquo;int\u00e9resser tant \u00e0 l&rsquo;actualit\u00e9 des droits fondamentaux qu&rsquo;\u00e0 leurs \u00e9volutions profondes. Ce premier num\u00e9ro est plus sp\u00e9cifiquement d\u00e9di\u00e9 [&hellip;]\" \/>\n<meta property=\"og:url\" content=\"https:\/\/asso.unilim.fr\/rerdh\/2020\/10\/15\/publication-du-premier-numero-de-la-revue-du-rerdh\/\" \/>\n<meta property=\"og:site_name\" content=\"R\u00e9seau Europ\u00e9en de Recherche en Droits de l&#039;Homme (R.E.R.D.H.)\" \/>\n<meta property=\"article:published_time\" content=\"2020-10-15T09:41:27+00:00\" \/>\n<meta property=\"article:modified_time\" content=\"2020-10-15T09:44:05+00:00\" \/>\n<meta property=\"og:image\" content=\"https:\/\/asso.unilim.fr\/rerdh\/wp-content\/uploads\/sites\/11\/2020\/10\/Capture.png\" \/>\n\t<meta property=\"og:image:width\" content=\"1256\" \/>\n\t<meta property=\"og:image:height\" content=\"482\" \/>\n\t<meta property=\"og:image:type\" content=\"image\/png\" \/>\n<meta name=\"author\" content=\"rerdh\" \/>\n<meta name=\"twitter:card\" content=\"summary_large_image\" \/>\n<meta name=\"twitter:label1\" content=\"\u00c9crit par\" \/>\n\t<meta name=\"twitter:data1\" content=\"rerdh\" \/>\n<script type=\"application\/ld+json\" class=\"yoast-schema-graph\">{\"@context\":\"https:\/\/schema.org\",\"@graph\":[{\"@type\":\"WebPage\",\"@id\":\"https:\/\/asso.unilim.fr\/rerdh\/2020\/10\/15\/publication-du-premier-numero-de-la-revue-du-rerdh\/\",\"url\":\"https:\/\/asso.unilim.fr\/rerdh\/2020\/10\/15\/publication-du-premier-numero-de-la-revue-du-rerdh\/\",\"name\":\"Publication du premier num\u00e9ro de la Revue du RERDH ! - R\u00e9seau Europ\u00e9en de Recherche en Droits de l&#039;Homme (R.E.R.D.H.)\",\"isPartOf\":{\"@id\":\"https:\/\/asso.unilim.fr\/rerdh\/#website\"},\"primaryImageOfPage\":{\"@id\":\"https:\/\/asso.unilim.fr\/rerdh\/2020\/10\/15\/publication-du-premier-numero-de-la-revue-du-rerdh\/#primaryimage\"},\"image\":{\"@id\":\"https:\/\/asso.unilim.fr\/rerdh\/2020\/10\/15\/publication-du-premier-numero-de-la-revue-du-rerdh\/#primaryimage\"},\"thumbnailUrl\":\"https:\/\/asso.unilim.fr\/rerdh\/wp-content\/uploads\/sites\/11\/2020\/10\/Capture.png\",\"datePublished\":\"2020-10-15T09:41:27+00:00\",\"dateModified\":\"2020-10-15T09:44:05+00:00\",\"author\":{\"@id\":\"https:\/\/asso.unilim.fr\/rerdh\/#\/schema\/person\/f4d5082afa67316e654ad7cbfb82a2ec\"},\"breadcrumb\":{\"@id\":\"https:\/\/asso.unilim.fr\/rerdh\/2020\/10\/15\/publication-du-premier-numero-de-la-revue-du-rerdh\/#breadcrumb\"},\"inLanguage\":\"fr-FR\",\"potentialAction\":[{\"@type\":\"ReadAction\",\"target\":[\"https:\/\/asso.unilim.fr\/rerdh\/2020\/10\/15\/publication-du-premier-numero-de-la-revue-du-rerdh\/\"]}]},{\"@type\":\"ImageObject\",\"inLanguage\":\"fr-FR\",\"@id\":\"https:\/\/asso.unilim.fr\/rerdh\/2020\/10\/15\/publication-du-premier-numero-de-la-revue-du-rerdh\/#primaryimage\",\"url\":\"https:\/\/asso.unilim.fr\/rerdh\/wp-content\/uploads\/sites\/11\/2020\/10\/Capture.png\",\"contentUrl\":\"https:\/\/asso.unilim.fr\/rerdh\/wp-content\/uploads\/sites\/11\/2020\/10\/Capture.png\",\"width\":1256,\"height\":482},{\"@type\":\"BreadcrumbList\",\"@id\":\"https:\/\/asso.unilim.fr\/rerdh\/2020\/10\/15\/publication-du-premier-numero-de-la-revue-du-rerdh\/#breadcrumb\",\"itemListElement\":[{\"@type\":\"ListItem\",\"position\":1,\"name\":\"Accueil\",\"item\":\"https:\/\/asso.unilim.fr\/rerdh\/\"},{\"@type\":\"ListItem\",\"position\":2,\"name\":\"Publication du premier num\u00e9ro de la Revue du RERDH !\"}]},{\"@type\":\"WebSite\",\"@id\":\"https:\/\/asso.unilim.fr\/rerdh\/#website\",\"url\":\"https:\/\/asso.unilim.fr\/rerdh\/\",\"name\":\"R\u00e9seau Europ\u00e9en de Recherche en Droits de l&#039;Homme (R.E.R.D.H.)\",\"description\":\"universit\u00e9 ouverte source de r\u00e9ussites\",\"potentialAction\":[{\"@type\":\"SearchAction\",\"target\":{\"@type\":\"EntryPoint\",\"urlTemplate\":\"https:\/\/asso.unilim.fr\/rerdh\/?s={search_term_string}\"},\"query-input\":{\"@type\":\"PropertyValueSpecification\",\"valueRequired\":true,\"valueName\":\"search_term_string\"}}],\"inLanguage\":\"fr-FR\"},{\"@type\":\"Person\",\"@id\":\"https:\/\/asso.unilim.fr\/rerdh\/#\/schema\/person\/f4d5082afa67316e654ad7cbfb82a2ec\",\"name\":\"rerdh\",\"image\":{\"@type\":\"ImageObject\",\"inLanguage\":\"fr-FR\",\"@id\":\"https:\/\/asso.unilim.fr\/rerdh\/#\/schema\/person\/image\/\",\"url\":\"https:\/\/secure.gravatar.com\/avatar\/568ecf0decdce9a914995fe717ccc601ccb3697e398ceca8f1fc8785974b39fd?s=96&d=mm&r=g\",\"contentUrl\":\"https:\/\/secure.gravatar.com\/avatar\/568ecf0decdce9a914995fe717ccc601ccb3697e398ceca8f1fc8785974b39fd?s=96&d=mm&r=g\",\"caption\":\"rerdh\"},\"url\":\"https:\/\/asso.unilim.fr\/rerdh\/author\/rerdh\/\"}]}<\/script>\n<!-- \/ Yoast SEO plugin. -->","yoast_head_json":{"title":"Publication du premier num\u00e9ro de la Revue du RERDH ! - R\u00e9seau Europ\u00e9en de Recherche en Droits de l&#039;Homme (R.E.R.D.H.)","robots":{"index":"index","follow":"follow","max-snippet":"max-snippet:-1","max-image-preview":"max-image-preview:large","max-video-preview":"max-video-preview:-1"},"canonical":"https:\/\/asso.unilim.fr\/rerdh\/2020\/10\/15\/publication-du-premier-numero-de-la-revue-du-rerdh\/","og_locale":"fr_FR","og_type":"article","og_title":"Publication du premier num\u00e9ro de la Revue du RERDH ! - R\u00e9seau Europ\u00e9en de Recherche en Droits de l&#039;Homme (R.E.R.D.H.)","og_description":"Le 8\u00e8me bureau du RERDH est heureux de vous annoncer la publication du premier num\u00e9ro de sa revue juridique en ligne : La Revue Europ\u00e9enne de Recherche en Droits de l&rsquo;Homme. Cette revue a pour objectif de s&rsquo;int\u00e9resser tant \u00e0 l&rsquo;actualit\u00e9 des droits fondamentaux qu&rsquo;\u00e0 leurs \u00e9volutions profondes. Ce premier num\u00e9ro est plus sp\u00e9cifiquement d\u00e9di\u00e9 [&hellip;]","og_url":"https:\/\/asso.unilim.fr\/rerdh\/2020\/10\/15\/publication-du-premier-numero-de-la-revue-du-rerdh\/","og_site_name":"R\u00e9seau Europ\u00e9en de Recherche en Droits de l&#039;Homme (R.E.R.D.H.)","article_published_time":"2020-10-15T09:41:27+00:00","article_modified_time":"2020-10-15T09:44:05+00:00","og_image":[{"width":1256,"height":482,"url":"https:\/\/asso.unilim.fr\/rerdh\/wp-content\/uploads\/sites\/11\/2020\/10\/Capture.png","type":"image\/png"}],"author":"rerdh","twitter_card":"summary_large_image","twitter_misc":{"\u00c9crit par":"rerdh"},"schema":{"@context":"https:\/\/schema.org","@graph":[{"@type":"WebPage","@id":"https:\/\/asso.unilim.fr\/rerdh\/2020\/10\/15\/publication-du-premier-numero-de-la-revue-du-rerdh\/","url":"https:\/\/asso.unilim.fr\/rerdh\/2020\/10\/15\/publication-du-premier-numero-de-la-revue-du-rerdh\/","name":"Publication du premier num\u00e9ro de la Revue du RERDH ! - R\u00e9seau Europ\u00e9en de Recherche en Droits de l&#039;Homme (R.E.R.D.H.)","isPartOf":{"@id":"https:\/\/asso.unilim.fr\/rerdh\/#website"},"primaryImageOfPage":{"@id":"https:\/\/asso.unilim.fr\/rerdh\/2020\/10\/15\/publication-du-premier-numero-de-la-revue-du-rerdh\/#primaryimage"},"image":{"@id":"https:\/\/asso.unilim.fr\/rerdh\/2020\/10\/15\/publication-du-premier-numero-de-la-revue-du-rerdh\/#primaryimage"},"thumbnailUrl":"https:\/\/asso.unilim.fr\/rerdh\/wp-content\/uploads\/sites\/11\/2020\/10\/Capture.png","datePublished":"2020-10-15T09:41:27+00:00","dateModified":"2020-10-15T09:44:05+00:00","author":{"@id":"https:\/\/asso.unilim.fr\/rerdh\/#\/schema\/person\/f4d5082afa67316e654ad7cbfb82a2ec"},"breadcrumb":{"@id":"https:\/\/asso.unilim.fr\/rerdh\/2020\/10\/15\/publication-du-premier-numero-de-la-revue-du-rerdh\/#breadcrumb"},"inLanguage":"fr-FR","potentialAction":[{"@type":"ReadAction","target":["https:\/\/asso.unilim.fr\/rerdh\/2020\/10\/15\/publication-du-premier-numero-de-la-revue-du-rerdh\/"]}]},{"@type":"ImageObject","inLanguage":"fr-FR","@id":"https:\/\/asso.unilim.fr\/rerdh\/2020\/10\/15\/publication-du-premier-numero-de-la-revue-du-rerdh\/#primaryimage","url":"https:\/\/asso.unilim.fr\/rerdh\/wp-content\/uploads\/sites\/11\/2020\/10\/Capture.png","contentUrl":"https:\/\/asso.unilim.fr\/rerdh\/wp-content\/uploads\/sites\/11\/2020\/10\/Capture.png","width":1256,"height":482},{"@type":"BreadcrumbList","@id":"https:\/\/asso.unilim.fr\/rerdh\/2020\/10\/15\/publication-du-premier-numero-de-la-revue-du-rerdh\/#breadcrumb","itemListElement":[{"@type":"ListItem","position":1,"name":"Accueil","item":"https:\/\/asso.unilim.fr\/rerdh\/"},{"@type":"ListItem","position":2,"name":"Publication du premier num\u00e9ro de la Revue du RERDH !"}]},{"@type":"WebSite","@id":"https:\/\/asso.unilim.fr\/rerdh\/#website","url":"https:\/\/asso.unilim.fr\/rerdh\/","name":"R\u00e9seau Europ\u00e9en de Recherche en Droits de l&#039;Homme (R.E.R.D.H.)","description":"universit\u00e9 ouverte source de r\u00e9ussites","potentialAction":[{"@type":"SearchAction","target":{"@type":"EntryPoint","urlTemplate":"https:\/\/asso.unilim.fr\/rerdh\/?s={search_term_string}"},"query-input":{"@type":"PropertyValueSpecification","valueRequired":true,"valueName":"search_term_string"}}],"inLanguage":"fr-FR"},{"@type":"Person","@id":"https:\/\/asso.unilim.fr\/rerdh\/#\/schema\/person\/f4d5082afa67316e654ad7cbfb82a2ec","name":"rerdh","image":{"@type":"ImageObject","inLanguage":"fr-FR","@id":"https:\/\/asso.unilim.fr\/rerdh\/#\/schema\/person\/image\/","url":"https:\/\/secure.gravatar.com\/avatar\/568ecf0decdce9a914995fe717ccc601ccb3697e398ceca8f1fc8785974b39fd?s=96&d=mm&r=g","contentUrl":"https:\/\/secure.gravatar.com\/avatar\/568ecf0decdce9a914995fe717ccc601ccb3697e398ceca8f1fc8785974b39fd?s=96&d=mm&r=g","caption":"rerdh"},"url":"https:\/\/asso.unilim.fr\/rerdh\/author\/rerdh\/"}]}},"_links":{"self":[{"href":"https:\/\/asso.unilim.fr\/rerdh\/wp-json\/wp\/v2\/posts\/388","targetHints":{"allow":["GET"]}}],"collection":[{"href":"https:\/\/asso.unilim.fr\/rerdh\/wp-json\/wp\/v2\/posts"}],"about":[{"href":"https:\/\/asso.unilim.fr\/rerdh\/wp-json\/wp\/v2\/types\/post"}],"author":[{"embeddable":true,"href":"https:\/\/asso.unilim.fr\/rerdh\/wp-json\/wp\/v2\/users\/99"}],"replies":[{"embeddable":true,"href":"https:\/\/asso.unilim.fr\/rerdh\/wp-json\/wp\/v2\/comments?post=388"}],"version-history":[{"count":0,"href":"https:\/\/asso.unilim.fr\/rerdh\/wp-json\/wp\/v2\/posts\/388\/revisions"}],"wp:featuredmedia":[{"embeddable":true,"href":"https:\/\/asso.unilim.fr\/rerdh\/wp-json\/wp\/v2\/media\/387"}],"wp:attachment":[{"href":"https:\/\/asso.unilim.fr\/rerdh\/wp-json\/wp\/v2\/media?parent=388"}],"wp:term":[{"taxonomy":"category","embeddable":true,"href":"https:\/\/asso.unilim.fr\/rerdh\/wp-json\/wp\/v2\/categories?post=388"},{"taxonomy":"post_tag","embeddable":true,"href":"https:\/\/asso.unilim.fr\/rerdh\/wp-json\/wp\/v2\/tags?post=388"}],"curies":[{"name":"wp","href":"https:\/\/api.w.org\/{rel}","templated":true}]}}