{"id":340,"date":"2020-01-28T08:19:04","date_gmt":"2020-01-28T07:19:04","guid":{"rendered":"http:\/\/asso.unilim.fr\/rerdh\/?p=340"},"modified":"2020-01-28T08:19:04","modified_gmt":"2020-01-28T07:19:04","slug":"les-actes-du-colloque-pornographie-et-droit-enfin-disponibles","status":"publish","type":"post","link":"https:\/\/asso.unilim.fr\/rerdh\/2020\/01\/28\/les-actes-du-colloque-pornographie-et-droit-enfin-disponibles\/","title":{"rendered":"Les actes du colloque \u00ab\u00a0Pornographie et Droit\u00a0\u00bb enfin disponibles !"},"content":{"rendered":"<p><span style=\"font-weight: 400\">Les actes du <\/span><b>6<\/b><b>\u00e8me<\/b><b> colloque organis\u00e9s par le R.E.R.D.H<\/b><span style=\"font-weight: 400\">. viennent de sortir aux \u00e9ditions Mare &amp; Martin, collection Droit &amp; Science politique. Toutes les informations sur le <a href=\"http:\/\/www.mareetmartin.com\/livre\/pornographie-et-droit\" target=\"_blank\" rel=\"noopener noreferrer\">site de l&rsquo;\u00e9diteur.<\/a><\/span><\/p>\n<p>&nbsp;<\/p>\n<p style=\"text-align: justify\"><span style=\"font-weight: 400\">Dans cet ouvrage de 284 pages, vous d\u00e9couvrirez ou re-d\u00e9couvrirez les contributions de Mika\u00ebl Benillouche, Daniel Borrillo, Caroline Boyer-Capelle, Xavier Daverat, Karine Favro, Vincent Fourgeaud, Christos L. Giannopoulos, Adrien Lauba, Julie L\u00e9onhard, Claire Maingon, Jean Morange, Baptiste Nicaud Francois-Xavier Raducanou, Cl\u00e9mence Renaud, Denis Ramond, Julien Sordet, Alexandre Tourette, Marion Wujek-Moreau.<\/span><\/p>\n<p>&nbsp;<\/p>\n<p><span style=\"font-weight: 400\">F\u00e9licitations au Bureau qui a r\u00e9alis\u00e9 ce projet<\/span><span style=\"font-weight: 400\"> : <\/span>R\u00e9mi Delmas, Mme Camille Dolmaire, M. Quentin Ricordel, M. Thomas Besse, Mme Marion Wujek-Moreau et Mme Marion Villar.<\/p>\n<p>&nbsp;<\/p>\n<h6><span style=\"font-weight: 400\">Pornographie et droit<\/span><\/h6>\n<h6><span style=\"font-weight: 400\">Sous la direction du R\u00e9seau Europ\u00e9en de Recherche en Droits de l\u2019Homme<\/span><\/h6>\n<h6><span style=\"font-weight: 400\">Editeur : Mare &amp; Martin<\/span><\/h6>\n<h6><span style=\"font-weight: 400\">Collection : Droit &amp; Science Politique<\/span><\/h6>\n<h6><span style=\"font-weight: 400\">Parution : 01\/2020<\/span><\/h6>\n<h6><span style=\"font-weight: 400\">ISBN : 978-2-84934-374-6<\/span><\/h6>\n<h6><b>24 euros<\/b><\/h6>\n<p>&nbsp;<\/p>\n","protected":false},"excerpt":{"rendered":"<p>Les actes du 6\u00e8me colloque organis\u00e9s par le R.E.R.D.H. viennent de sortir aux \u00e9ditions Mare &amp; Martin, collection Droit &amp; Science politique. Toutes les informations sur le site de l&rsquo;\u00e9diteur. &nbsp; Dans cet ouvrage de 284 pages, vous d\u00e9couvrirez ou re-d\u00e9couvrirez les contributions de Mika\u00ebl Benillouche, Daniel Borrillo, Caroline Boyer-Capelle, Xavier Daverat, Karine Favro, Vincent [&hellip;]<\/p>\n","protected":false},"author":99,"featured_media":89,"comment_status":"open","ping_status":"open","sticky":false,"template":"","format":"standard","meta":{"footnotes":""},"categories":[5],"tags":[],"class_list":["post-340","post","type-post","status-publish","format-standard","has-post-thumbnail","hentry","category-colloque"],"yoast_head":"<!-- This site is optimized with the Yoast SEO plugin v26.3 - https:\/\/yoast.com\/wordpress\/plugins\/seo\/ -->\n<title>Les actes du colloque &quot;Pornographie et Droit&quot; enfin disponibles ! - R\u00e9seau Europ\u00e9en de Recherche en Droits de l&#039;Homme (R.E.R.D.H.)<\/title>\n<meta name=\"robots\" content=\"index, follow, max-snippet:-1, max-image-preview:large, max-video-preview:-1\" \/>\n<link rel=\"canonical\" href=\"https:\/\/asso.unilim.fr\/rerdh\/2020\/01\/28\/les-actes-du-colloque-pornographie-et-droit-enfin-disponibles\/\" \/>\n<meta property=\"og:locale\" content=\"fr_FR\" \/>\n<meta property=\"og:type\" content=\"article\" \/>\n<meta property=\"og:title\" content=\"Les actes du colloque &quot;Pornographie et Droit&quot; enfin disponibles ! - R\u00e9seau Europ\u00e9en de Recherche en Droits de l&#039;Homme (R.E.R.D.H.)\" \/>\n<meta property=\"og:description\" content=\"Les actes du 6\u00e8me colloque organis\u00e9s par le R.E.R.D.H. viennent de sortir aux \u00e9ditions Mare &amp; Martin, collection Droit &amp; Science politique. Toutes les informations sur le site de l&rsquo;\u00e9diteur. &nbsp; Dans cet ouvrage de 284 pages, vous d\u00e9couvrirez ou re-d\u00e9couvrirez les contributions de Mika\u00ebl Benillouche, Daniel Borrillo, Caroline Boyer-Capelle, Xavier Daverat, Karine Favro, Vincent [&hellip;]\" \/>\n<meta property=\"og:url\" content=\"https:\/\/asso.unilim.fr\/rerdh\/2020\/01\/28\/les-actes-du-colloque-pornographie-et-droit-enfin-disponibles\/\" \/>\n<meta property=\"og:site_name\" content=\"R\u00e9seau Europ\u00e9en de Recherche en Droits de l&#039;Homme (R.E.R.D.H.)\" \/>\n<meta property=\"article:published_time\" content=\"2020-01-28T07:19:04+00:00\" \/>\n<meta property=\"og:image\" content=\"https:\/\/asso.unilim.fr\/rerdh\/wp-content\/uploads\/sites\/11\/2019\/07\/Affiche-Pornographie-Droit.jpg\" \/>\n\t<meta property=\"og:image:width\" content=\"1535\" \/>\n\t<meta property=\"og:image:height\" content=\"2048\" \/>\n\t<meta property=\"og:image:type\" content=\"image\/jpeg\" \/>\n<meta name=\"author\" content=\"rerdh\" \/>\n<meta name=\"twitter:card\" content=\"summary_large_image\" \/>\n<meta name=\"twitter:label1\" content=\"\u00c9crit par\" \/>\n\t<meta name=\"twitter:data1\" content=\"rerdh\" \/>\n\t<meta name=\"twitter:label2\" content=\"Dur\u00e9e de lecture estim\u00e9e\" \/>\n\t<meta name=\"twitter:data2\" content=\"1 minute\" \/>\n<script type=\"application\/ld+json\" class=\"yoast-schema-graph\">{\"@context\":\"https:\/\/schema.org\",\"@graph\":[{\"@type\":\"WebPage\",\"@id\":\"https:\/\/asso.unilim.fr\/rerdh\/2020\/01\/28\/les-actes-du-colloque-pornographie-et-droit-enfin-disponibles\/\",\"url\":\"https:\/\/asso.unilim.fr\/rerdh\/2020\/01\/28\/les-actes-du-colloque-pornographie-et-droit-enfin-disponibles\/\",\"name\":\"Les actes du colloque \\\"Pornographie et Droit\\\" enfin disponibles ! - R\u00e9seau Europ\u00e9en de Recherche en Droits de l&#039;Homme (R.E.R.D.H.)\",\"isPartOf\":{\"@id\":\"https:\/\/asso.unilim.fr\/rerdh\/#website\"},\"primaryImageOfPage\":{\"@id\":\"https:\/\/asso.unilim.fr\/rerdh\/2020\/01\/28\/les-actes-du-colloque-pornographie-et-droit-enfin-disponibles\/#primaryimage\"},\"image\":{\"@id\":\"https:\/\/asso.unilim.fr\/rerdh\/2020\/01\/28\/les-actes-du-colloque-pornographie-et-droit-enfin-disponibles\/#primaryimage\"},\"thumbnailUrl\":\"https:\/\/asso.unilim.fr\/rerdh\/wp-content\/uploads\/sites\/11\/2019\/07\/Affiche-Pornographie-Droit.jpg\",\"datePublished\":\"2020-01-28T07:19:04+00:00\",\"author\":{\"@id\":\"https:\/\/asso.unilim.fr\/rerdh\/#\/schema\/person\/f4d5082afa67316e654ad7cbfb82a2ec\"},\"breadcrumb\":{\"@id\":\"https:\/\/asso.unilim.fr\/rerdh\/2020\/01\/28\/les-actes-du-colloque-pornographie-et-droit-enfin-disponibles\/#breadcrumb\"},\"inLanguage\":\"fr-FR\",\"potentialAction\":[{\"@type\":\"ReadAction\",\"target\":[\"https:\/\/asso.unilim.fr\/rerdh\/2020\/01\/28\/les-actes-du-colloque-pornographie-et-droit-enfin-disponibles\/\"]}]},{\"@type\":\"ImageObject\",\"inLanguage\":\"fr-FR\",\"@id\":\"https:\/\/asso.unilim.fr\/rerdh\/2020\/01\/28\/les-actes-du-colloque-pornographie-et-droit-enfin-disponibles\/#primaryimage\",\"url\":\"https:\/\/asso.unilim.fr\/rerdh\/wp-content\/uploads\/sites\/11\/2019\/07\/Affiche-Pornographie-Droit.jpg\",\"contentUrl\":\"https:\/\/asso.unilim.fr\/rerdh\/wp-content\/uploads\/sites\/11\/2019\/07\/Affiche-Pornographie-Droit.jpg\",\"width\":1535,\"height\":2048,\"caption\":\"Dessin r\u00e9alis\u00e9 par Florence DEGARDIN\"},{\"@type\":\"BreadcrumbList\",\"@id\":\"https:\/\/asso.unilim.fr\/rerdh\/2020\/01\/28\/les-actes-du-colloque-pornographie-et-droit-enfin-disponibles\/#breadcrumb\",\"itemListElement\":[{\"@type\":\"ListItem\",\"position\":1,\"name\":\"Accueil\",\"item\":\"https:\/\/asso.unilim.fr\/rerdh\/\"},{\"@type\":\"ListItem\",\"position\":2,\"name\":\"Les actes du colloque \u00ab\u00a0Pornographie et Droit\u00a0\u00bb enfin disponibles !\"}]},{\"@type\":\"WebSite\",\"@id\":\"https:\/\/asso.unilim.fr\/rerdh\/#website\",\"url\":\"https:\/\/asso.unilim.fr\/rerdh\/\",\"name\":\"R\u00e9seau Europ\u00e9en de Recherche en Droits de l&#039;Homme (R.E.R.D.H.)\",\"description\":\"universit\u00e9 ouverte source de r\u00e9ussites\",\"potentialAction\":[{\"@type\":\"SearchAction\",\"target\":{\"@type\":\"EntryPoint\",\"urlTemplate\":\"https:\/\/asso.unilim.fr\/rerdh\/?s={search_term_string}\"},\"query-input\":{\"@type\":\"PropertyValueSpecification\",\"valueRequired\":true,\"valueName\":\"search_term_string\"}}],\"inLanguage\":\"fr-FR\"},{\"@type\":\"Person\",\"@id\":\"https:\/\/asso.unilim.fr\/rerdh\/#\/schema\/person\/f4d5082afa67316e654ad7cbfb82a2ec\",\"name\":\"rerdh\",\"image\":{\"@type\":\"ImageObject\",\"inLanguage\":\"fr-FR\",\"@id\":\"https:\/\/asso.unilim.fr\/rerdh\/#\/schema\/person\/image\/\",\"url\":\"https:\/\/secure.gravatar.com\/avatar\/568ecf0decdce9a914995fe717ccc601ccb3697e398ceca8f1fc8785974b39fd?s=96&d=mm&r=g\",\"contentUrl\":\"https:\/\/secure.gravatar.com\/avatar\/568ecf0decdce9a914995fe717ccc601ccb3697e398ceca8f1fc8785974b39fd?s=96&d=mm&r=g\",\"caption\":\"rerdh\"},\"url\":\"https:\/\/asso.unilim.fr\/rerdh\/author\/rerdh\/\"}]}<\/script>\n<!-- \/ Yoast SEO plugin. -->","yoast_head_json":{"title":"Les actes du colloque \"Pornographie et Droit\" enfin disponibles ! - R\u00e9seau Europ\u00e9en de Recherche en Droits de l&#039;Homme (R.E.R.D.H.)","robots":{"index":"index","follow":"follow","max-snippet":"max-snippet:-1","max-image-preview":"max-image-preview:large","max-video-preview":"max-video-preview:-1"},"canonical":"https:\/\/asso.unilim.fr\/rerdh\/2020\/01\/28\/les-actes-du-colloque-pornographie-et-droit-enfin-disponibles\/","og_locale":"fr_FR","og_type":"article","og_title":"Les actes du colloque \"Pornographie et Droit\" enfin disponibles ! - R\u00e9seau Europ\u00e9en de Recherche en Droits de l&#039;Homme (R.E.R.D.H.)","og_description":"Les actes du 6\u00e8me colloque organis\u00e9s par le R.E.R.D.H. viennent de sortir aux \u00e9ditions Mare &amp; Martin, collection Droit &amp; Science politique. Toutes les informations sur le site de l&rsquo;\u00e9diteur. &nbsp; Dans cet ouvrage de 284 pages, vous d\u00e9couvrirez ou re-d\u00e9couvrirez les contributions de Mika\u00ebl Benillouche, Daniel Borrillo, Caroline Boyer-Capelle, Xavier Daverat, Karine Favro, Vincent [&hellip;]","og_url":"https:\/\/asso.unilim.fr\/rerdh\/2020\/01\/28\/les-actes-du-colloque-pornographie-et-droit-enfin-disponibles\/","og_site_name":"R\u00e9seau Europ\u00e9en de Recherche en Droits de l&#039;Homme (R.E.R.D.H.)","article_published_time":"2020-01-28T07:19:04+00:00","og_image":[{"width":1535,"height":2048,"url":"https:\/\/asso.unilim.fr\/rerdh\/wp-content\/uploads\/sites\/11\/2019\/07\/Affiche-Pornographie-Droit.jpg","type":"image\/jpeg"}],"author":"rerdh","twitter_card":"summary_large_image","twitter_misc":{"\u00c9crit par":"rerdh","Dur\u00e9e de lecture estim\u00e9e":"1 minute"},"schema":{"@context":"https:\/\/schema.org","@graph":[{"@type":"WebPage","@id":"https:\/\/asso.unilim.fr\/rerdh\/2020\/01\/28\/les-actes-du-colloque-pornographie-et-droit-enfin-disponibles\/","url":"https:\/\/asso.unilim.fr\/rerdh\/2020\/01\/28\/les-actes-du-colloque-pornographie-et-droit-enfin-disponibles\/","name":"Les actes du colloque \"Pornographie et Droit\" enfin disponibles ! - R\u00e9seau Europ\u00e9en de Recherche en Droits de l&#039;Homme (R.E.R.D.H.)","isPartOf":{"@id":"https:\/\/asso.unilim.fr\/rerdh\/#website"},"primaryImageOfPage":{"@id":"https:\/\/asso.unilim.fr\/rerdh\/2020\/01\/28\/les-actes-du-colloque-pornographie-et-droit-enfin-disponibles\/#primaryimage"},"image":{"@id":"https:\/\/asso.unilim.fr\/rerdh\/2020\/01\/28\/les-actes-du-colloque-pornographie-et-droit-enfin-disponibles\/#primaryimage"},"thumbnailUrl":"https:\/\/asso.unilim.fr\/rerdh\/wp-content\/uploads\/sites\/11\/2019\/07\/Affiche-Pornographie-Droit.jpg","datePublished":"2020-01-28T07:19:04+00:00","author":{"@id":"https:\/\/asso.unilim.fr\/rerdh\/#\/schema\/person\/f4d5082afa67316e654ad7cbfb82a2ec"},"breadcrumb":{"@id":"https:\/\/asso.unilim.fr\/rerdh\/2020\/01\/28\/les-actes-du-colloque-pornographie-et-droit-enfin-disponibles\/#breadcrumb"},"inLanguage":"fr-FR","potentialAction":[{"@type":"ReadAction","target":["https:\/\/asso.unilim.fr\/rerdh\/2020\/01\/28\/les-actes-du-colloque-pornographie-et-droit-enfin-disponibles\/"]}]},{"@type":"ImageObject","inLanguage":"fr-FR","@id":"https:\/\/asso.unilim.fr\/rerdh\/2020\/01\/28\/les-actes-du-colloque-pornographie-et-droit-enfin-disponibles\/#primaryimage","url":"https:\/\/asso.unilim.fr\/rerdh\/wp-content\/uploads\/sites\/11\/2019\/07\/Affiche-Pornographie-Droit.jpg","contentUrl":"https:\/\/asso.unilim.fr\/rerdh\/wp-content\/uploads\/sites\/11\/2019\/07\/Affiche-Pornographie-Droit.jpg","width":1535,"height":2048,"caption":"Dessin r\u00e9alis\u00e9 par Florence DEGARDIN"},{"@type":"BreadcrumbList","@id":"https:\/\/asso.unilim.fr\/rerdh\/2020\/01\/28\/les-actes-du-colloque-pornographie-et-droit-enfin-disponibles\/#breadcrumb","itemListElement":[{"@type":"ListItem","position":1,"name":"Accueil","item":"https:\/\/asso.unilim.fr\/rerdh\/"},{"@type":"ListItem","position":2,"name":"Les actes du colloque \u00ab\u00a0Pornographie et Droit\u00a0\u00bb enfin disponibles !"}]},{"@type":"WebSite","@id":"https:\/\/asso.unilim.fr\/rerdh\/#website","url":"https:\/\/asso.unilim.fr\/rerdh\/","name":"R\u00e9seau Europ\u00e9en de Recherche en Droits de l&#039;Homme (R.E.R.D.H.)","description":"universit\u00e9 ouverte source de r\u00e9ussites","potentialAction":[{"@type":"SearchAction","target":{"@type":"EntryPoint","urlTemplate":"https:\/\/asso.unilim.fr\/rerdh\/?s={search_term_string}"},"query-input":{"@type":"PropertyValueSpecification","valueRequired":true,"valueName":"search_term_string"}}],"inLanguage":"fr-FR"},{"@type":"Person","@id":"https:\/\/asso.unilim.fr\/rerdh\/#\/schema\/person\/f4d5082afa67316e654ad7cbfb82a2ec","name":"rerdh","image":{"@type":"ImageObject","inLanguage":"fr-FR","@id":"https:\/\/asso.unilim.fr\/rerdh\/#\/schema\/person\/image\/","url":"https:\/\/secure.gravatar.com\/avatar\/568ecf0decdce9a914995fe717ccc601ccb3697e398ceca8f1fc8785974b39fd?s=96&d=mm&r=g","contentUrl":"https:\/\/secure.gravatar.com\/avatar\/568ecf0decdce9a914995fe717ccc601ccb3697e398ceca8f1fc8785974b39fd?s=96&d=mm&r=g","caption":"rerdh"},"url":"https:\/\/asso.unilim.fr\/rerdh\/author\/rerdh\/"}]}},"_links":{"self":[{"href":"https:\/\/asso.unilim.fr\/rerdh\/wp-json\/wp\/v2\/posts\/340","targetHints":{"allow":["GET"]}}],"collection":[{"href":"https:\/\/asso.unilim.fr\/rerdh\/wp-json\/wp\/v2\/posts"}],"about":[{"href":"https:\/\/asso.unilim.fr\/rerdh\/wp-json\/wp\/v2\/types\/post"}],"author":[{"embeddable":true,"href":"https:\/\/asso.unilim.fr\/rerdh\/wp-json\/wp\/v2\/users\/99"}],"replies":[{"embeddable":true,"href":"https:\/\/asso.unilim.fr\/rerdh\/wp-json\/wp\/v2\/comments?post=340"}],"version-history":[{"count":0,"href":"https:\/\/asso.unilim.fr\/rerdh\/wp-json\/wp\/v2\/posts\/340\/revisions"}],"wp:featuredmedia":[{"embeddable":true,"href":"https:\/\/asso.unilim.fr\/rerdh\/wp-json\/wp\/v2\/media\/89"}],"wp:attachment":[{"href":"https:\/\/asso.unilim.fr\/rerdh\/wp-json\/wp\/v2\/media?parent=340"}],"wp:term":[{"taxonomy":"category","embeddable":true,"href":"https:\/\/asso.unilim.fr\/rerdh\/wp-json\/wp\/v2\/categories?post=340"},{"taxonomy":"post_tag","embeddable":true,"href":"https:\/\/asso.unilim.fr\/rerdh\/wp-json\/wp\/v2\/tags?post=340"}],"curies":[{"name":"wp","href":"https:\/\/api.w.org\/{rel}","templated":true}]}}