{"id":317,"date":"2019-12-05T10:51:15","date_gmt":"2019-12-05T09:51:15","guid":{"rendered":"http:\/\/asso.unilim.fr\/rerdh\/?p=317"},"modified":"2019-12-05T10:51:15","modified_gmt":"2019-12-05T09:51:15","slug":"la-campagne-dadhesion-2019-2020-est-ouverte","status":"publish","type":"post","link":"https:\/\/asso.unilim.fr\/rerdh\/2019\/12\/05\/la-campagne-dadhesion-2019-2020-est-ouverte\/","title":{"rendered":"La campagne d&rsquo;adh\u00e9sion 2019-2020 est ouverte !"},"content":{"rendered":"<p>Vous pouvez d\u00e8s \u00e0 pr\u00e9sent adh\u00e9rer au R.E.R.D.H. en qualit\u00e9 de membre observateur, membre adh\u00e9rent ou membre bienfaiteur.<\/p>\n<p style=\"text-align: justify\">La proc\u00e9dure \u00e0 suivre est simple. Il vous suffit de remplir <a href=\"http:\/\/www.unilim.fr\/rerdh\/wp-content\/uploads\/sites\/11\/2019\/12\/Bulletin-adhesion.docx\">Bulletin adh\u00e9sion<\/a> et d&rsquo;acquitter votre cotisation par virement bancaire (<a href=\"http:\/\/www.unilim.fr\/rerdh\/wp-content\/uploads\/sites\/11\/2019\/12\/RIB-RERDH.pdf\" target=\"_blank\" rel=\"noopener noreferrer\">RIB<\/a>), par ch\u00e8que ou en esp\u00e8ce. L&rsquo;ensemble des pi\u00e8ces peut \u00eatre remise en mains propres aux membres du Bureau ou envoy\u00e9 \u00e0 l&rsquo;adresse suivante :<\/p>\n<p style=\"padding-left: 160px\">R.E.R.D.H.<br \/>\nFacult\u00e9 de Droit et des Sciences \u00e9conomiques de Limoges<br \/>\n5 rue F\u00e9lix Ebou\u00e9<br \/>\n87000 LIMOGES<\/p>\n<p>Pour toute information compl\u00e9mentaire, n&rsquo;h\u00e9sitez pas \u00e0 contacter les membres du Bureau.<\/p>\n","protected":false},"excerpt":{"rendered":"<p>Vous pouvez d\u00e8s \u00e0 pr\u00e9sent adh\u00e9rer au R.E.R.D.H. en qualit\u00e9 de membre observateur, membre adh\u00e9rent ou membre bienfaiteur. La proc\u00e9dure \u00e0 suivre est simple. Il vous suffit de remplir Bulletin adh\u00e9sion et d&rsquo;acquitter votre cotisation par virement bancaire (RIB), par ch\u00e8que ou en esp\u00e8ce. L&rsquo;ensemble des pi\u00e8ces peut \u00eatre remise en mains propres aux membres [&hellip;]<\/p>\n","protected":false},"author":99,"featured_media":0,"comment_status":"open","ping_status":"open","sticky":false,"template":"","format":"standard","meta":{"footnotes":""},"categories":[1],"tags":[],"class_list":["post-317","post","type-post","status-publish","format-standard","hentry","category-actualite"],"yoast_head":"<!-- This site is optimized with the Yoast SEO plugin v26.3 - https:\/\/yoast.com\/wordpress\/plugins\/seo\/ -->\n<title>La campagne d&#039;adh\u00e9sion 2019-2020 est ouverte ! - R\u00e9seau Europ\u00e9en de Recherche en Droits de l&#039;Homme (R.E.R.D.H.)<\/title>\n<meta name=\"robots\" content=\"index, follow, max-snippet:-1, max-image-preview:large, max-video-preview:-1\" \/>\n<link rel=\"canonical\" href=\"https:\/\/asso.unilim.fr\/rerdh\/2019\/12\/05\/la-campagne-dadhesion-2019-2020-est-ouverte\/\" \/>\n<meta property=\"og:locale\" content=\"fr_FR\" \/>\n<meta property=\"og:type\" content=\"article\" \/>\n<meta property=\"og:title\" content=\"La campagne d&#039;adh\u00e9sion 2019-2020 est ouverte ! - R\u00e9seau Europ\u00e9en de Recherche en Droits de l&#039;Homme (R.E.R.D.H.)\" \/>\n<meta property=\"og:description\" content=\"Vous pouvez d\u00e8s \u00e0 pr\u00e9sent adh\u00e9rer au R.E.R.D.H. en qualit\u00e9 de membre observateur, membre adh\u00e9rent ou membre bienfaiteur. La proc\u00e9dure \u00e0 suivre est simple. Il vous suffit de remplir Bulletin adh\u00e9sion et d&rsquo;acquitter votre cotisation par virement bancaire (RIB), par ch\u00e8que ou en esp\u00e8ce. L&rsquo;ensemble des pi\u00e8ces peut \u00eatre remise en mains propres aux membres [&hellip;]\" \/>\n<meta property=\"og:url\" content=\"https:\/\/asso.unilim.fr\/rerdh\/2019\/12\/05\/la-campagne-dadhesion-2019-2020-est-ouverte\/\" \/>\n<meta property=\"og:site_name\" content=\"R\u00e9seau Europ\u00e9en de Recherche en Droits de l&#039;Homme (R.E.R.D.H.)\" \/>\n<meta property=\"article:published_time\" content=\"2019-12-05T09:51:15+00:00\" \/>\n<meta name=\"author\" content=\"rerdh\" \/>\n<meta name=\"twitter:card\" content=\"summary_large_image\" \/>\n<meta name=\"twitter:label1\" content=\"\u00c9crit par\" \/>\n\t<meta name=\"twitter:data1\" content=\"rerdh\" \/>\n\t<meta name=\"twitter:label2\" content=\"Dur\u00e9e de lecture estim\u00e9e\" \/>\n\t<meta name=\"twitter:data2\" content=\"1 minute\" \/>\n<script type=\"application\/ld+json\" class=\"yoast-schema-graph\">{\"@context\":\"https:\/\/schema.org\",\"@graph\":[{\"@type\":\"WebPage\",\"@id\":\"https:\/\/asso.unilim.fr\/rerdh\/2019\/12\/05\/la-campagne-dadhesion-2019-2020-est-ouverte\/\",\"url\":\"https:\/\/asso.unilim.fr\/rerdh\/2019\/12\/05\/la-campagne-dadhesion-2019-2020-est-ouverte\/\",\"name\":\"La campagne d'adh\u00e9sion 2019-2020 est ouverte ! - R\u00e9seau Europ\u00e9en de Recherche en Droits de l&#039;Homme (R.E.R.D.H.)\",\"isPartOf\":{\"@id\":\"https:\/\/asso.unilim.fr\/rerdh\/#website\"},\"datePublished\":\"2019-12-05T09:51:15+00:00\",\"author\":{\"@id\":\"https:\/\/asso.unilim.fr\/rerdh\/#\/schema\/person\/f4d5082afa67316e654ad7cbfb82a2ec\"},\"breadcrumb\":{\"@id\":\"https:\/\/asso.unilim.fr\/rerdh\/2019\/12\/05\/la-campagne-dadhesion-2019-2020-est-ouverte\/#breadcrumb\"},\"inLanguage\":\"fr-FR\",\"potentialAction\":[{\"@type\":\"ReadAction\",\"target\":[\"https:\/\/asso.unilim.fr\/rerdh\/2019\/12\/05\/la-campagne-dadhesion-2019-2020-est-ouverte\/\"]}]},{\"@type\":\"BreadcrumbList\",\"@id\":\"https:\/\/asso.unilim.fr\/rerdh\/2019\/12\/05\/la-campagne-dadhesion-2019-2020-est-ouverte\/#breadcrumb\",\"itemListElement\":[{\"@type\":\"ListItem\",\"position\":1,\"name\":\"Accueil\",\"item\":\"https:\/\/asso.unilim.fr\/rerdh\/\"},{\"@type\":\"ListItem\",\"position\":2,\"name\":\"La campagne d&rsquo;adh\u00e9sion 2019-2020 est ouverte !\"}]},{\"@type\":\"WebSite\",\"@id\":\"https:\/\/asso.unilim.fr\/rerdh\/#website\",\"url\":\"https:\/\/asso.unilim.fr\/rerdh\/\",\"name\":\"R\u00e9seau Europ\u00e9en de Recherche en Droits de l&#039;Homme (R.E.R.D.H.)\",\"description\":\"universit\u00e9 ouverte source de r\u00e9ussites\",\"potentialAction\":[{\"@type\":\"SearchAction\",\"target\":{\"@type\":\"EntryPoint\",\"urlTemplate\":\"https:\/\/asso.unilim.fr\/rerdh\/?s={search_term_string}\"},\"query-input\":{\"@type\":\"PropertyValueSpecification\",\"valueRequired\":true,\"valueName\":\"search_term_string\"}}],\"inLanguage\":\"fr-FR\"},{\"@type\":\"Person\",\"@id\":\"https:\/\/asso.unilim.fr\/rerdh\/#\/schema\/person\/f4d5082afa67316e654ad7cbfb82a2ec\",\"name\":\"rerdh\",\"image\":{\"@type\":\"ImageObject\",\"inLanguage\":\"fr-FR\",\"@id\":\"https:\/\/asso.unilim.fr\/rerdh\/#\/schema\/person\/image\/\",\"url\":\"https:\/\/secure.gravatar.com\/avatar\/568ecf0decdce9a914995fe717ccc601ccb3697e398ceca8f1fc8785974b39fd?s=96&d=mm&r=g\",\"contentUrl\":\"https:\/\/secure.gravatar.com\/avatar\/568ecf0decdce9a914995fe717ccc601ccb3697e398ceca8f1fc8785974b39fd?s=96&d=mm&r=g\",\"caption\":\"rerdh\"},\"url\":\"https:\/\/asso.unilim.fr\/rerdh\/author\/rerdh\/\"}]}<\/script>\n<!-- \/ Yoast SEO plugin. -->","yoast_head_json":{"title":"La campagne d'adh\u00e9sion 2019-2020 est ouverte ! - R\u00e9seau Europ\u00e9en de Recherche en Droits de l&#039;Homme (R.E.R.D.H.)","robots":{"index":"index","follow":"follow","max-snippet":"max-snippet:-1","max-image-preview":"max-image-preview:large","max-video-preview":"max-video-preview:-1"},"canonical":"https:\/\/asso.unilim.fr\/rerdh\/2019\/12\/05\/la-campagne-dadhesion-2019-2020-est-ouverte\/","og_locale":"fr_FR","og_type":"article","og_title":"La campagne d'adh\u00e9sion 2019-2020 est ouverte ! - R\u00e9seau Europ\u00e9en de Recherche en Droits de l&#039;Homme (R.E.R.D.H.)","og_description":"Vous pouvez d\u00e8s \u00e0 pr\u00e9sent adh\u00e9rer au R.E.R.D.H. en qualit\u00e9 de membre observateur, membre adh\u00e9rent ou membre bienfaiteur. La proc\u00e9dure \u00e0 suivre est simple. Il vous suffit de remplir Bulletin adh\u00e9sion et d&rsquo;acquitter votre cotisation par virement bancaire (RIB), par ch\u00e8que ou en esp\u00e8ce. L&rsquo;ensemble des pi\u00e8ces peut \u00eatre remise en mains propres aux membres [&hellip;]","og_url":"https:\/\/asso.unilim.fr\/rerdh\/2019\/12\/05\/la-campagne-dadhesion-2019-2020-est-ouverte\/","og_site_name":"R\u00e9seau Europ\u00e9en de Recherche en Droits de l&#039;Homme (R.E.R.D.H.)","article_published_time":"2019-12-05T09:51:15+00:00","author":"rerdh","twitter_card":"summary_large_image","twitter_misc":{"\u00c9crit par":"rerdh","Dur\u00e9e de lecture estim\u00e9e":"1 minute"},"schema":{"@context":"https:\/\/schema.org","@graph":[{"@type":"WebPage","@id":"https:\/\/asso.unilim.fr\/rerdh\/2019\/12\/05\/la-campagne-dadhesion-2019-2020-est-ouverte\/","url":"https:\/\/asso.unilim.fr\/rerdh\/2019\/12\/05\/la-campagne-dadhesion-2019-2020-est-ouverte\/","name":"La campagne d'adh\u00e9sion 2019-2020 est ouverte ! - R\u00e9seau Europ\u00e9en de Recherche en Droits de l&#039;Homme (R.E.R.D.H.)","isPartOf":{"@id":"https:\/\/asso.unilim.fr\/rerdh\/#website"},"datePublished":"2019-12-05T09:51:15+00:00","author":{"@id":"https:\/\/asso.unilim.fr\/rerdh\/#\/schema\/person\/f4d5082afa67316e654ad7cbfb82a2ec"},"breadcrumb":{"@id":"https:\/\/asso.unilim.fr\/rerdh\/2019\/12\/05\/la-campagne-dadhesion-2019-2020-est-ouverte\/#breadcrumb"},"inLanguage":"fr-FR","potentialAction":[{"@type":"ReadAction","target":["https:\/\/asso.unilim.fr\/rerdh\/2019\/12\/05\/la-campagne-dadhesion-2019-2020-est-ouverte\/"]}]},{"@type":"BreadcrumbList","@id":"https:\/\/asso.unilim.fr\/rerdh\/2019\/12\/05\/la-campagne-dadhesion-2019-2020-est-ouverte\/#breadcrumb","itemListElement":[{"@type":"ListItem","position":1,"name":"Accueil","item":"https:\/\/asso.unilim.fr\/rerdh\/"},{"@type":"ListItem","position":2,"name":"La campagne d&rsquo;adh\u00e9sion 2019-2020 est ouverte !"}]},{"@type":"WebSite","@id":"https:\/\/asso.unilim.fr\/rerdh\/#website","url":"https:\/\/asso.unilim.fr\/rerdh\/","name":"R\u00e9seau Europ\u00e9en de Recherche en Droits de l&#039;Homme (R.E.R.D.H.)","description":"universit\u00e9 ouverte source de r\u00e9ussites","potentialAction":[{"@type":"SearchAction","target":{"@type":"EntryPoint","urlTemplate":"https:\/\/asso.unilim.fr\/rerdh\/?s={search_term_string}"},"query-input":{"@type":"PropertyValueSpecification","valueRequired":true,"valueName":"search_term_string"}}],"inLanguage":"fr-FR"},{"@type":"Person","@id":"https:\/\/asso.unilim.fr\/rerdh\/#\/schema\/person\/f4d5082afa67316e654ad7cbfb82a2ec","name":"rerdh","image":{"@type":"ImageObject","inLanguage":"fr-FR","@id":"https:\/\/asso.unilim.fr\/rerdh\/#\/schema\/person\/image\/","url":"https:\/\/secure.gravatar.com\/avatar\/568ecf0decdce9a914995fe717ccc601ccb3697e398ceca8f1fc8785974b39fd?s=96&d=mm&r=g","contentUrl":"https:\/\/secure.gravatar.com\/avatar\/568ecf0decdce9a914995fe717ccc601ccb3697e398ceca8f1fc8785974b39fd?s=96&d=mm&r=g","caption":"rerdh"},"url":"https:\/\/asso.unilim.fr\/rerdh\/author\/rerdh\/"}]}},"_links":{"self":[{"href":"https:\/\/asso.unilim.fr\/rerdh\/wp-json\/wp\/v2\/posts\/317","targetHints":{"allow":["GET"]}}],"collection":[{"href":"https:\/\/asso.unilim.fr\/rerdh\/wp-json\/wp\/v2\/posts"}],"about":[{"href":"https:\/\/asso.unilim.fr\/rerdh\/wp-json\/wp\/v2\/types\/post"}],"author":[{"embeddable":true,"href":"https:\/\/asso.unilim.fr\/rerdh\/wp-json\/wp\/v2\/users\/99"}],"replies":[{"embeddable":true,"href":"https:\/\/asso.unilim.fr\/rerdh\/wp-json\/wp\/v2\/comments?post=317"}],"version-history":[{"count":0,"href":"https:\/\/asso.unilim.fr\/rerdh\/wp-json\/wp\/v2\/posts\/317\/revisions"}],"wp:attachment":[{"href":"https:\/\/asso.unilim.fr\/rerdh\/wp-json\/wp\/v2\/media?parent=317"}],"wp:term":[{"taxonomy":"category","embeddable":true,"href":"https:\/\/asso.unilim.fr\/rerdh\/wp-json\/wp\/v2\/categories?post=317"},{"taxonomy":"post_tag","embeddable":true,"href":"https:\/\/asso.unilim.fr\/rerdh\/wp-json\/wp\/v2\/tags?post=317"}],"curies":[{"name":"wp","href":"https:\/\/api.w.org\/{rel}","templated":true}]}}