{"id":314,"date":"2019-12-05T10:42:45","date_gmt":"2019-12-05T09:42:45","guid":{"rendered":"http:\/\/asso.unilim.fr\/rerdh\/?p=314"},"modified":"2019-12-05T10:42:45","modified_gmt":"2019-12-05T09:42:45","slug":"un-nouveau-bureau-est-elu","status":"publish","type":"post","link":"https:\/\/asso.unilim.fr\/rerdh\/2019\/12\/05\/un-nouveau-bureau-est-elu\/","title":{"rendered":"Un nouveau Bureau est \u00e9lu !"},"content":{"rendered":"<p>Le 4 d\u00e9cembre 2019, le mandat Quentin RICORDEL a pris fin.<\/p>\n<p>Un <strong>nouveau Bureau<\/strong> fut \u00e9lu par le Conseil d&rsquo;administration. Il est compos\u00e9 comme suit :<\/p>\n<ul>\n<li>Pr\u00e9sident : Monsieur Aur\u00e9lien FADERNE ;<\/li>\n<li>Vice-Pr\u00e9sidente : Madame Ana\u00efs VANEL ;<\/li>\n<li>Secr\u00e9taire g\u00e9n\u00e9ral : Monsieur Sylvestre AUJOL ;<\/li>\n<li>Tr\u00e9sorier : Monsieur Romain VILLENEUVE ;<\/li>\n<li>Secr\u00e9taire g\u00e9n\u00e9ral adjoint : Monsieur Quentin RICORDEL ;<\/li>\n<li>Tr\u00e9sorier adjoint : Yann MOCAER.<\/li>\n<\/ul>\n<blockquote>\n<p style=\"text-align: justify\">\u00ab\u00a0Je remercie les membres du Conseil d&rsquo;administration pour leur confiance. Je souhaite poursuivre de mani\u00e8re p\u00e9renne l&rsquo;activit\u00e9 entreprise par mes pr\u00e9d\u00e9cesseurs, notamment par l&rsquo;ancien Bureau.\u00a0\u00bb <span style=\"color: #cc0e0e\">Aur\u00e9lien Faderne, Pr\u00e9sident du R.E.R.D.H.<\/span><\/p>\n<p>&nbsp;<\/p><\/blockquote>\n","protected":false},"excerpt":{"rendered":"<p>Le 4 d\u00e9cembre 2019, le mandat Quentin RICORDEL a pris fin. Un nouveau Bureau fut \u00e9lu par le Conseil d&rsquo;administration. Il est compos\u00e9 comme suit : Pr\u00e9sident : Monsieur Aur\u00e9lien FADERNE ; Vice-Pr\u00e9sidente : Madame Ana\u00efs VANEL ; Secr\u00e9taire g\u00e9n\u00e9ral : Monsieur Sylvestre AUJOL ; Tr\u00e9sorier : Monsieur Romain VILLENEUVE ; Secr\u00e9taire g\u00e9n\u00e9ral adjoint : [&hellip;]<\/p>\n","protected":false},"author":99,"featured_media":0,"comment_status":"open","ping_status":"open","sticky":false,"template":"","format":"standard","meta":{"footnotes":""},"categories":[1],"tags":[],"class_list":["post-314","post","type-post","status-publish","format-standard","hentry","category-actualite"],"yoast_head":"<!-- This site is optimized with the Yoast SEO plugin v26.3 - https:\/\/yoast.com\/wordpress\/plugins\/seo\/ -->\n<title>Un nouveau Bureau est \u00e9lu ! - R\u00e9seau Europ\u00e9en de Recherche en Droits de l&#039;Homme (R.E.R.D.H.)<\/title>\n<meta name=\"robots\" content=\"index, follow, max-snippet:-1, max-image-preview:large, max-video-preview:-1\" \/>\n<link rel=\"canonical\" href=\"https:\/\/asso.unilim.fr\/rerdh\/2019\/12\/05\/un-nouveau-bureau-est-elu\/\" \/>\n<meta property=\"og:locale\" content=\"fr_FR\" \/>\n<meta property=\"og:type\" content=\"article\" \/>\n<meta property=\"og:title\" content=\"Un nouveau Bureau est \u00e9lu ! - R\u00e9seau Europ\u00e9en de Recherche en Droits de l&#039;Homme (R.E.R.D.H.)\" \/>\n<meta property=\"og:description\" content=\"Le 4 d\u00e9cembre 2019, le mandat Quentin RICORDEL a pris fin. Un nouveau Bureau fut \u00e9lu par le Conseil d&rsquo;administration. Il est compos\u00e9 comme suit : Pr\u00e9sident : Monsieur Aur\u00e9lien FADERNE ; Vice-Pr\u00e9sidente : Madame Ana\u00efs VANEL ; Secr\u00e9taire g\u00e9n\u00e9ral : Monsieur Sylvestre AUJOL ; Tr\u00e9sorier : Monsieur Romain VILLENEUVE ; Secr\u00e9taire g\u00e9n\u00e9ral adjoint : [&hellip;]\" \/>\n<meta property=\"og:url\" content=\"https:\/\/asso.unilim.fr\/rerdh\/2019\/12\/05\/un-nouveau-bureau-est-elu\/\" \/>\n<meta property=\"og:site_name\" content=\"R\u00e9seau Europ\u00e9en de Recherche en Droits de l&#039;Homme (R.E.R.D.H.)\" \/>\n<meta property=\"article:published_time\" content=\"2019-12-05T09:42:45+00:00\" \/>\n<meta name=\"author\" content=\"rerdh\" \/>\n<meta name=\"twitter:card\" content=\"summary_large_image\" \/>\n<meta name=\"twitter:label1\" content=\"\u00c9crit par\" \/>\n\t<meta name=\"twitter:data1\" content=\"rerdh\" \/>\n\t<meta name=\"twitter:label2\" content=\"Dur\u00e9e de lecture estim\u00e9e\" \/>\n\t<meta name=\"twitter:data2\" content=\"1 minute\" \/>\n<script type=\"application\/ld+json\" class=\"yoast-schema-graph\">{\"@context\":\"https:\/\/schema.org\",\"@graph\":[{\"@type\":\"WebPage\",\"@id\":\"https:\/\/asso.unilim.fr\/rerdh\/2019\/12\/05\/un-nouveau-bureau-est-elu\/\",\"url\":\"https:\/\/asso.unilim.fr\/rerdh\/2019\/12\/05\/un-nouveau-bureau-est-elu\/\",\"name\":\"Un nouveau Bureau est \u00e9lu ! - R\u00e9seau Europ\u00e9en de Recherche en Droits de l&#039;Homme (R.E.R.D.H.)\",\"isPartOf\":{\"@id\":\"https:\/\/asso.unilim.fr\/rerdh\/#website\"},\"datePublished\":\"2019-12-05T09:42:45+00:00\",\"author\":{\"@id\":\"https:\/\/asso.unilim.fr\/rerdh\/#\/schema\/person\/f4d5082afa67316e654ad7cbfb82a2ec\"},\"breadcrumb\":{\"@id\":\"https:\/\/asso.unilim.fr\/rerdh\/2019\/12\/05\/un-nouveau-bureau-est-elu\/#breadcrumb\"},\"inLanguage\":\"fr-FR\",\"potentialAction\":[{\"@type\":\"ReadAction\",\"target\":[\"https:\/\/asso.unilim.fr\/rerdh\/2019\/12\/05\/un-nouveau-bureau-est-elu\/\"]}]},{\"@type\":\"BreadcrumbList\",\"@id\":\"https:\/\/asso.unilim.fr\/rerdh\/2019\/12\/05\/un-nouveau-bureau-est-elu\/#breadcrumb\",\"itemListElement\":[{\"@type\":\"ListItem\",\"position\":1,\"name\":\"Accueil\",\"item\":\"https:\/\/asso.unilim.fr\/rerdh\/\"},{\"@type\":\"ListItem\",\"position\":2,\"name\":\"Un nouveau Bureau est \u00e9lu !\"}]},{\"@type\":\"WebSite\",\"@id\":\"https:\/\/asso.unilim.fr\/rerdh\/#website\",\"url\":\"https:\/\/asso.unilim.fr\/rerdh\/\",\"name\":\"R\u00e9seau Europ\u00e9en de Recherche en Droits de l&#039;Homme (R.E.R.D.H.)\",\"description\":\"universit\u00e9 ouverte source de r\u00e9ussites\",\"potentialAction\":[{\"@type\":\"SearchAction\",\"target\":{\"@type\":\"EntryPoint\",\"urlTemplate\":\"https:\/\/asso.unilim.fr\/rerdh\/?s={search_term_string}\"},\"query-input\":{\"@type\":\"PropertyValueSpecification\",\"valueRequired\":true,\"valueName\":\"search_term_string\"}}],\"inLanguage\":\"fr-FR\"},{\"@type\":\"Person\",\"@id\":\"https:\/\/asso.unilim.fr\/rerdh\/#\/schema\/person\/f4d5082afa67316e654ad7cbfb82a2ec\",\"name\":\"rerdh\",\"image\":{\"@type\":\"ImageObject\",\"inLanguage\":\"fr-FR\",\"@id\":\"https:\/\/asso.unilim.fr\/rerdh\/#\/schema\/person\/image\/\",\"url\":\"https:\/\/secure.gravatar.com\/avatar\/568ecf0decdce9a914995fe717ccc601ccb3697e398ceca8f1fc8785974b39fd?s=96&d=mm&r=g\",\"contentUrl\":\"https:\/\/secure.gravatar.com\/avatar\/568ecf0decdce9a914995fe717ccc601ccb3697e398ceca8f1fc8785974b39fd?s=96&d=mm&r=g\",\"caption\":\"rerdh\"},\"url\":\"https:\/\/asso.unilim.fr\/rerdh\/author\/rerdh\/\"}]}<\/script>\n<!-- \/ Yoast SEO plugin. -->","yoast_head_json":{"title":"Un nouveau Bureau est \u00e9lu ! - R\u00e9seau Europ\u00e9en de Recherche en Droits de l&#039;Homme (R.E.R.D.H.)","robots":{"index":"index","follow":"follow","max-snippet":"max-snippet:-1","max-image-preview":"max-image-preview:large","max-video-preview":"max-video-preview:-1"},"canonical":"https:\/\/asso.unilim.fr\/rerdh\/2019\/12\/05\/un-nouveau-bureau-est-elu\/","og_locale":"fr_FR","og_type":"article","og_title":"Un nouveau Bureau est \u00e9lu ! - R\u00e9seau Europ\u00e9en de Recherche en Droits de l&#039;Homme (R.E.R.D.H.)","og_description":"Le 4 d\u00e9cembre 2019, le mandat Quentin RICORDEL a pris fin. Un nouveau Bureau fut \u00e9lu par le Conseil d&rsquo;administration. Il est compos\u00e9 comme suit : Pr\u00e9sident : Monsieur Aur\u00e9lien FADERNE ; Vice-Pr\u00e9sidente : Madame Ana\u00efs VANEL ; Secr\u00e9taire g\u00e9n\u00e9ral : Monsieur Sylvestre AUJOL ; Tr\u00e9sorier : Monsieur Romain VILLENEUVE ; Secr\u00e9taire g\u00e9n\u00e9ral adjoint : [&hellip;]","og_url":"https:\/\/asso.unilim.fr\/rerdh\/2019\/12\/05\/un-nouveau-bureau-est-elu\/","og_site_name":"R\u00e9seau Europ\u00e9en de Recherche en Droits de l&#039;Homme (R.E.R.D.H.)","article_published_time":"2019-12-05T09:42:45+00:00","author":"rerdh","twitter_card":"summary_large_image","twitter_misc":{"\u00c9crit par":"rerdh","Dur\u00e9e de lecture estim\u00e9e":"1 minute"},"schema":{"@context":"https:\/\/schema.org","@graph":[{"@type":"WebPage","@id":"https:\/\/asso.unilim.fr\/rerdh\/2019\/12\/05\/un-nouveau-bureau-est-elu\/","url":"https:\/\/asso.unilim.fr\/rerdh\/2019\/12\/05\/un-nouveau-bureau-est-elu\/","name":"Un nouveau Bureau est \u00e9lu ! - R\u00e9seau Europ\u00e9en de Recherche en Droits de l&#039;Homme (R.E.R.D.H.)","isPartOf":{"@id":"https:\/\/asso.unilim.fr\/rerdh\/#website"},"datePublished":"2019-12-05T09:42:45+00:00","author":{"@id":"https:\/\/asso.unilim.fr\/rerdh\/#\/schema\/person\/f4d5082afa67316e654ad7cbfb82a2ec"},"breadcrumb":{"@id":"https:\/\/asso.unilim.fr\/rerdh\/2019\/12\/05\/un-nouveau-bureau-est-elu\/#breadcrumb"},"inLanguage":"fr-FR","potentialAction":[{"@type":"ReadAction","target":["https:\/\/asso.unilim.fr\/rerdh\/2019\/12\/05\/un-nouveau-bureau-est-elu\/"]}]},{"@type":"BreadcrumbList","@id":"https:\/\/asso.unilim.fr\/rerdh\/2019\/12\/05\/un-nouveau-bureau-est-elu\/#breadcrumb","itemListElement":[{"@type":"ListItem","position":1,"name":"Accueil","item":"https:\/\/asso.unilim.fr\/rerdh\/"},{"@type":"ListItem","position":2,"name":"Un nouveau Bureau est \u00e9lu !"}]},{"@type":"WebSite","@id":"https:\/\/asso.unilim.fr\/rerdh\/#website","url":"https:\/\/asso.unilim.fr\/rerdh\/","name":"R\u00e9seau Europ\u00e9en de Recherche en Droits de l&#039;Homme (R.E.R.D.H.)","description":"universit\u00e9 ouverte source de r\u00e9ussites","potentialAction":[{"@type":"SearchAction","target":{"@type":"EntryPoint","urlTemplate":"https:\/\/asso.unilim.fr\/rerdh\/?s={search_term_string}"},"query-input":{"@type":"PropertyValueSpecification","valueRequired":true,"valueName":"search_term_string"}}],"inLanguage":"fr-FR"},{"@type":"Person","@id":"https:\/\/asso.unilim.fr\/rerdh\/#\/schema\/person\/f4d5082afa67316e654ad7cbfb82a2ec","name":"rerdh","image":{"@type":"ImageObject","inLanguage":"fr-FR","@id":"https:\/\/asso.unilim.fr\/rerdh\/#\/schema\/person\/image\/","url":"https:\/\/secure.gravatar.com\/avatar\/568ecf0decdce9a914995fe717ccc601ccb3697e398ceca8f1fc8785974b39fd?s=96&d=mm&r=g","contentUrl":"https:\/\/secure.gravatar.com\/avatar\/568ecf0decdce9a914995fe717ccc601ccb3697e398ceca8f1fc8785974b39fd?s=96&d=mm&r=g","caption":"rerdh"},"url":"https:\/\/asso.unilim.fr\/rerdh\/author\/rerdh\/"}]}},"_links":{"self":[{"href":"https:\/\/asso.unilim.fr\/rerdh\/wp-json\/wp\/v2\/posts\/314","targetHints":{"allow":["GET"]}}],"collection":[{"href":"https:\/\/asso.unilim.fr\/rerdh\/wp-json\/wp\/v2\/posts"}],"about":[{"href":"https:\/\/asso.unilim.fr\/rerdh\/wp-json\/wp\/v2\/types\/post"}],"author":[{"embeddable":true,"href":"https:\/\/asso.unilim.fr\/rerdh\/wp-json\/wp\/v2\/users\/99"}],"replies":[{"embeddable":true,"href":"https:\/\/asso.unilim.fr\/rerdh\/wp-json\/wp\/v2\/comments?post=314"}],"version-history":[{"count":0,"href":"https:\/\/asso.unilim.fr\/rerdh\/wp-json\/wp\/v2\/posts\/314\/revisions"}],"wp:attachment":[{"href":"https:\/\/asso.unilim.fr\/rerdh\/wp-json\/wp\/v2\/media?parent=314"}],"wp:term":[{"taxonomy":"category","embeddable":true,"href":"https:\/\/asso.unilim.fr\/rerdh\/wp-json\/wp\/v2\/categories?post=314"},{"taxonomy":"post_tag","embeddable":true,"href":"https:\/\/asso.unilim.fr\/rerdh\/wp-json\/wp\/v2\/tags?post=314"}],"curies":[{"name":"wp","href":"https:\/\/api.w.org\/{rel}","templated":true}]}}