{"id":192,"date":"2019-09-01T16:00:35","date_gmt":"2019-09-01T14:00:35","guid":{"rendered":"http:\/\/asso.unilim.fr\/rerdh\/?p=192"},"modified":"2019-09-06T19:48:51","modified_gmt":"2019-09-06T17:48:51","slug":"les-teasers-du-colloque-dura-lex-sed-lex-enfin-disponibles","status":"publish","type":"post","link":"https:\/\/asso.unilim.fr\/rerdh\/2019\/09\/01\/les-teasers-du-colloque-dura-lex-sed-lex-enfin-disponibles\/","title":{"rendered":"Les teasers du colloque \u00ab\u00a0Dura lex sed lex ?\u00a0\u00bb enfin disponibles !"},"content":{"rendered":"<p>Vous h\u00e9sitez encore \u00e0 vous rendre au colloque \u00ab\u00a0Dura lex sed lex ?\u00a0\u00bb organis\u00e9 par le R.E.R.D.H. les 17 et 18 octobre prochain. Pour vous faire patienter, et pour vous convaincre, visionnez les teasers de l&rsquo;\u00e9v\u00e9nement r\u00e9alis\u00e9s par CanalSup !<\/p>\n<h3 style=\"text-align: center\">Le teaser g\u00e9n\u00e9ral du colloque : aper\u00e7u du colloque dans son int\u00e9gralit\u00e9 !<\/h3>\n\t\t\r\n\t\t<!-- Begin Video.js Responsive Wrapper -->\r\n\t\t<div style='max-width:1920px'>\r\n\t\t\t<div class='video-wrapper' style='padding-bottom:56.25%;'>\r\n\t\t\t\t\r\n\t<!-- Begin Video.js -->\r\n\t<video id=\"example_video_id_1971797696\" class=\"video-js vjs-default-skin\" width=\"1920\" height=\"1080\" controls preload=\"none\" data-setup='[]'>\r\n\t\t<source src=\"http:\/\/www.unilim.fr\/rerdh\/wp-content\/uploads\/sites\/11\/2019\/09\/Teaser-RERDH-gnral.mp4-1.mp4\" type='video\/mp4' \/>\r\n\t\t\r\n\t\t\r\n\t<\/video>\r\n\t<!-- End Video.js -->\r\n\r\n\t\t\t<\/div>\r\n\t\t<\/div>\r\n\t\t<!-- End Video.js Responsive Wrapper -->\r\n\t\t\n<h3 style=\"text-align: center\">Le teaser de la journ\u00e9e du 17 octobre : \u00ab\u00a0Dura lex&#8230; ?\u00a0\u00bb<\/h3>\n\t\t\r\n\t\t<!-- Begin Video.js Responsive Wrapper -->\r\n\t\t<div style='max-width:1920px'>\r\n\t\t\t<div class='video-wrapper' style='padding-bottom:56.25%;'>\r\n\t\t\t\t\r\n\t<!-- Begin Video.js -->\r\n\t<video id=\"example_video_id_1268810767\" class=\"video-js vjs-default-skin\" width=\"1920\" height=\"1080\" controls preload=\"none\" data-setup='[]'>\r\n\t\t<source src=\"http:\/\/www.unilim.fr\/rerdh\/wp-content\/uploads\/sites\/11\/2019\/09\/Teaser-RERDH-jour-1.mp4.mp4\" type='video\/mp4' \/>\r\n\t\t\r\n\t\t\r\n\t<\/video>\r\n\t<!-- End Video.js -->\r\n\r\n\t\t\t<\/div>\r\n\t\t<\/div>\r\n\t\t<!-- End Video.js Responsive Wrapper -->\r\n\t\t\n<h3 style=\"text-align: center\">Le teaser de la journ\u00e9e du 18 octobre : \u00ab\u00a0&#8230; sed lex ?\u00a0\u00bb<\/h3>\n\t\t\r\n\t\t<!-- Begin Video.js Responsive Wrapper -->\r\n\t\t<div style='max-width:1920px'>\r\n\t\t\t<div class='video-wrapper' style='padding-bottom:56.25%;'>\r\n\t\t\t\t\r\n\t<!-- Begin Video.js -->\r\n\t<video id=\"example_video_id_1703990544\" class=\"video-js vjs-default-skin\" width=\"1920\" height=\"1080\" controls preload=\"none\" data-setup='[]'>\r\n\t\t<source src=\"http:\/\/www.unilim.fr\/rerdh\/wp-content\/uploads\/sites\/11\/2019\/09\/Teaser-RERDH-jour-2.mp4.mp4\" type='video\/mp4' \/>\r\n\t\t\r\n\t\t\r\n\t<\/video>\r\n\t<!-- End Video.js -->\r\n\r\n\t\t\t<\/div>\r\n\t\t<\/div>\r\n\t\t<!-- End Video.js Responsive Wrapper -->\r\n\t\t\n","protected":false},"excerpt":{"rendered":"<p>Vous h\u00e9sitez encore \u00e0 vous rendre au colloque \u00ab\u00a0Dura lex sed lex ?\u00a0\u00bb organis\u00e9 par le R.E.R.D.H. les 17 et 18 octobre prochain. Pour vous faire patienter, et pour vous convaincre, visionnez les teasers de l&rsquo;\u00e9v\u00e9nement r\u00e9alis\u00e9s par CanalSup ! Le teaser g\u00e9n\u00e9ral du colloque : aper\u00e7u du colloque dans son int\u00e9gralit\u00e9 ! Le teaser [&hellip;]<\/p>\n","protected":false},"author":99,"featured_media":220,"comment_status":"open","ping_status":"open","sticky":false,"template":"","format":"gallery","meta":{"footnotes":""},"categories":[1,5,3],"tags":[],"class_list":["post-192","post","type-post","status-publish","format-gallery","has-post-thumbnail","hentry","category-actualite","category-colloque","category-recherche","post_format-post-format-gallery"],"yoast_head":"<!-- This site is optimized with the Yoast SEO plugin v26.3 - https:\/\/yoast.com\/wordpress\/plugins\/seo\/ -->\n<title>Les teasers du colloque &quot;Dura lex sed lex ?&quot; enfin disponibles ! - R\u00e9seau Europ\u00e9en de Recherche en Droits de l&#039;Homme (R.E.R.D.H.)<\/title>\n<meta name=\"robots\" content=\"index, follow, max-snippet:-1, max-image-preview:large, max-video-preview:-1\" \/>\n<link rel=\"canonical\" href=\"https:\/\/asso.unilim.fr\/rerdh\/2019\/09\/01\/les-teasers-du-colloque-dura-lex-sed-lex-enfin-disponibles\/\" \/>\n<meta property=\"og:locale\" content=\"fr_FR\" \/>\n<meta property=\"og:type\" content=\"article\" \/>\n<meta property=\"og:title\" content=\"Les teasers du colloque &quot;Dura lex sed lex ?&quot; enfin disponibles ! - R\u00e9seau Europ\u00e9en de Recherche en Droits de l&#039;Homme (R.E.R.D.H.)\" \/>\n<meta property=\"og:description\" content=\"Vous h\u00e9sitez encore \u00e0 vous rendre au colloque \u00ab\u00a0Dura lex sed lex ?\u00a0\u00bb organis\u00e9 par le R.E.R.D.H. les 17 et 18 octobre prochain. Pour vous faire patienter, et pour vous convaincre, visionnez les teasers de l&rsquo;\u00e9v\u00e9nement r\u00e9alis\u00e9s par CanalSup ! Le teaser g\u00e9n\u00e9ral du colloque : aper\u00e7u du colloque dans son int\u00e9gralit\u00e9 ! Le teaser [&hellip;]\" \/>\n<meta property=\"og:url\" content=\"https:\/\/asso.unilim.fr\/rerdh\/2019\/09\/01\/les-teasers-du-colloque-dura-lex-sed-lex-enfin-disponibles\/\" \/>\n<meta property=\"og:site_name\" content=\"R\u00e9seau Europ\u00e9en de Recherche en Droits de l&#039;Homme (R.E.R.D.H.)\" \/>\n<meta property=\"article:published_time\" content=\"2019-09-01T14:00:35+00:00\" \/>\n<meta property=\"article:modified_time\" content=\"2019-09-06T17:48:51+00:00\" \/>\n<meta property=\"og:image\" content=\"https:\/\/asso.unilim.fr\/rerdh\/wp-content\/uploads\/sites\/11\/2019\/09\/Bandeau-colloque.jpg\" \/>\n\t<meta property=\"og:image:width\" content=\"825\" \/>\n\t<meta property=\"og:image:height\" content=\"315\" \/>\n\t<meta property=\"og:image:type\" content=\"image\/jpeg\" \/>\n<meta name=\"author\" content=\"rerdh\" \/>\n<meta name=\"twitter:card\" content=\"summary_large_image\" \/>\n<meta name=\"twitter:label1\" content=\"\u00c9crit par\" \/>\n\t<meta name=\"twitter:data1\" content=\"rerdh\" \/>\n\t<meta name=\"twitter:label2\" content=\"Dur\u00e9e de lecture estim\u00e9e\" \/>\n\t<meta name=\"twitter:data2\" content=\"1 minute\" \/>\n<script type=\"application\/ld+json\" class=\"yoast-schema-graph\">{\"@context\":\"https:\/\/schema.org\",\"@graph\":[{\"@type\":\"WebPage\",\"@id\":\"https:\/\/asso.unilim.fr\/rerdh\/2019\/09\/01\/les-teasers-du-colloque-dura-lex-sed-lex-enfin-disponibles\/\",\"url\":\"https:\/\/asso.unilim.fr\/rerdh\/2019\/09\/01\/les-teasers-du-colloque-dura-lex-sed-lex-enfin-disponibles\/\",\"name\":\"Les teasers du colloque \\\"Dura lex sed lex ?\\\" enfin disponibles ! - R\u00e9seau Europ\u00e9en de Recherche en Droits de l&#039;Homme (R.E.R.D.H.)\",\"isPartOf\":{\"@id\":\"https:\/\/asso.unilim.fr\/rerdh\/#website\"},\"primaryImageOfPage\":{\"@id\":\"https:\/\/asso.unilim.fr\/rerdh\/2019\/09\/01\/les-teasers-du-colloque-dura-lex-sed-lex-enfin-disponibles\/#primaryimage\"},\"image\":{\"@id\":\"https:\/\/asso.unilim.fr\/rerdh\/2019\/09\/01\/les-teasers-du-colloque-dura-lex-sed-lex-enfin-disponibles\/#primaryimage\"},\"thumbnailUrl\":\"https:\/\/asso.unilim.fr\/rerdh\/wp-content\/uploads\/sites\/11\/2019\/09\/Bandeau-colloque.jpg\",\"datePublished\":\"2019-09-01T14:00:35+00:00\",\"dateModified\":\"2019-09-06T17:48:51+00:00\",\"author\":{\"@id\":\"https:\/\/asso.unilim.fr\/rerdh\/#\/schema\/person\/f4d5082afa67316e654ad7cbfb82a2ec\"},\"breadcrumb\":{\"@id\":\"https:\/\/asso.unilim.fr\/rerdh\/2019\/09\/01\/les-teasers-du-colloque-dura-lex-sed-lex-enfin-disponibles\/#breadcrumb\"},\"inLanguage\":\"fr-FR\",\"potentialAction\":[{\"@type\":\"ReadAction\",\"target\":[\"https:\/\/asso.unilim.fr\/rerdh\/2019\/09\/01\/les-teasers-du-colloque-dura-lex-sed-lex-enfin-disponibles\/\"]}]},{\"@type\":\"ImageObject\",\"inLanguage\":\"fr-FR\",\"@id\":\"https:\/\/asso.unilim.fr\/rerdh\/2019\/09\/01\/les-teasers-du-colloque-dura-lex-sed-lex-enfin-disponibles\/#primaryimage\",\"url\":\"https:\/\/asso.unilim.fr\/rerdh\/wp-content\/uploads\/sites\/11\/2019\/09\/Bandeau-colloque.jpg\",\"contentUrl\":\"https:\/\/asso.unilim.fr\/rerdh\/wp-content\/uploads\/sites\/11\/2019\/09\/Bandeau-colloque.jpg\",\"width\":825,\"height\":315},{\"@type\":\"BreadcrumbList\",\"@id\":\"https:\/\/asso.unilim.fr\/rerdh\/2019\/09\/01\/les-teasers-du-colloque-dura-lex-sed-lex-enfin-disponibles\/#breadcrumb\",\"itemListElement\":[{\"@type\":\"ListItem\",\"position\":1,\"name\":\"Accueil\",\"item\":\"https:\/\/asso.unilim.fr\/rerdh\/\"},{\"@type\":\"ListItem\",\"position\":2,\"name\":\"Les teasers du colloque \u00ab\u00a0Dura lex sed lex ?\u00a0\u00bb enfin disponibles !\"}]},{\"@type\":\"WebSite\",\"@id\":\"https:\/\/asso.unilim.fr\/rerdh\/#website\",\"url\":\"https:\/\/asso.unilim.fr\/rerdh\/\",\"name\":\"R\u00e9seau Europ\u00e9en de Recherche en Droits de l&#039;Homme (R.E.R.D.H.)\",\"description\":\"universit\u00e9 ouverte source de r\u00e9ussites\",\"potentialAction\":[{\"@type\":\"SearchAction\",\"target\":{\"@type\":\"EntryPoint\",\"urlTemplate\":\"https:\/\/asso.unilim.fr\/rerdh\/?s={search_term_string}\"},\"query-input\":{\"@type\":\"PropertyValueSpecification\",\"valueRequired\":true,\"valueName\":\"search_term_string\"}}],\"inLanguage\":\"fr-FR\"},{\"@type\":\"Person\",\"@id\":\"https:\/\/asso.unilim.fr\/rerdh\/#\/schema\/person\/f4d5082afa67316e654ad7cbfb82a2ec\",\"name\":\"rerdh\",\"image\":{\"@type\":\"ImageObject\",\"inLanguage\":\"fr-FR\",\"@id\":\"https:\/\/asso.unilim.fr\/rerdh\/#\/schema\/person\/image\/\",\"url\":\"https:\/\/secure.gravatar.com\/avatar\/568ecf0decdce9a914995fe717ccc601ccb3697e398ceca8f1fc8785974b39fd?s=96&d=mm&r=g\",\"contentUrl\":\"https:\/\/secure.gravatar.com\/avatar\/568ecf0decdce9a914995fe717ccc601ccb3697e398ceca8f1fc8785974b39fd?s=96&d=mm&r=g\",\"caption\":\"rerdh\"},\"url\":\"https:\/\/asso.unilim.fr\/rerdh\/author\/rerdh\/\"}]}<\/script>\n<!-- \/ Yoast SEO plugin. -->","yoast_head_json":{"title":"Les teasers du colloque \"Dura lex sed lex ?\" enfin disponibles ! - R\u00e9seau Europ\u00e9en de Recherche en Droits de l&#039;Homme (R.E.R.D.H.)","robots":{"index":"index","follow":"follow","max-snippet":"max-snippet:-1","max-image-preview":"max-image-preview:large","max-video-preview":"max-video-preview:-1"},"canonical":"https:\/\/asso.unilim.fr\/rerdh\/2019\/09\/01\/les-teasers-du-colloque-dura-lex-sed-lex-enfin-disponibles\/","og_locale":"fr_FR","og_type":"article","og_title":"Les teasers du colloque \"Dura lex sed lex ?\" enfin disponibles ! - R\u00e9seau Europ\u00e9en de Recherche en Droits de l&#039;Homme (R.E.R.D.H.)","og_description":"Vous h\u00e9sitez encore \u00e0 vous rendre au colloque \u00ab\u00a0Dura lex sed lex ?\u00a0\u00bb organis\u00e9 par le R.E.R.D.H. les 17 et 18 octobre prochain. Pour vous faire patienter, et pour vous convaincre, visionnez les teasers de l&rsquo;\u00e9v\u00e9nement r\u00e9alis\u00e9s par CanalSup ! Le teaser g\u00e9n\u00e9ral du colloque : aper\u00e7u du colloque dans son int\u00e9gralit\u00e9 ! Le teaser [&hellip;]","og_url":"https:\/\/asso.unilim.fr\/rerdh\/2019\/09\/01\/les-teasers-du-colloque-dura-lex-sed-lex-enfin-disponibles\/","og_site_name":"R\u00e9seau Europ\u00e9en de Recherche en Droits de l&#039;Homme (R.E.R.D.H.)","article_published_time":"2019-09-01T14:00:35+00:00","article_modified_time":"2019-09-06T17:48:51+00:00","og_image":[{"width":825,"height":315,"url":"https:\/\/asso.unilim.fr\/rerdh\/wp-content\/uploads\/sites\/11\/2019\/09\/Bandeau-colloque.jpg","type":"image\/jpeg"}],"author":"rerdh","twitter_card":"summary_large_image","twitter_misc":{"\u00c9crit par":"rerdh","Dur\u00e9e de lecture estim\u00e9e":"1 minute"},"schema":{"@context":"https:\/\/schema.org","@graph":[{"@type":"WebPage","@id":"https:\/\/asso.unilim.fr\/rerdh\/2019\/09\/01\/les-teasers-du-colloque-dura-lex-sed-lex-enfin-disponibles\/","url":"https:\/\/asso.unilim.fr\/rerdh\/2019\/09\/01\/les-teasers-du-colloque-dura-lex-sed-lex-enfin-disponibles\/","name":"Les teasers du colloque \"Dura lex sed lex ?\" enfin disponibles ! - R\u00e9seau Europ\u00e9en de Recherche en Droits de l&#039;Homme (R.E.R.D.H.)","isPartOf":{"@id":"https:\/\/asso.unilim.fr\/rerdh\/#website"},"primaryImageOfPage":{"@id":"https:\/\/asso.unilim.fr\/rerdh\/2019\/09\/01\/les-teasers-du-colloque-dura-lex-sed-lex-enfin-disponibles\/#primaryimage"},"image":{"@id":"https:\/\/asso.unilim.fr\/rerdh\/2019\/09\/01\/les-teasers-du-colloque-dura-lex-sed-lex-enfin-disponibles\/#primaryimage"},"thumbnailUrl":"https:\/\/asso.unilim.fr\/rerdh\/wp-content\/uploads\/sites\/11\/2019\/09\/Bandeau-colloque.jpg","datePublished":"2019-09-01T14:00:35+00:00","dateModified":"2019-09-06T17:48:51+00:00","author":{"@id":"https:\/\/asso.unilim.fr\/rerdh\/#\/schema\/person\/f4d5082afa67316e654ad7cbfb82a2ec"},"breadcrumb":{"@id":"https:\/\/asso.unilim.fr\/rerdh\/2019\/09\/01\/les-teasers-du-colloque-dura-lex-sed-lex-enfin-disponibles\/#breadcrumb"},"inLanguage":"fr-FR","potentialAction":[{"@type":"ReadAction","target":["https:\/\/asso.unilim.fr\/rerdh\/2019\/09\/01\/les-teasers-du-colloque-dura-lex-sed-lex-enfin-disponibles\/"]}]},{"@type":"ImageObject","inLanguage":"fr-FR","@id":"https:\/\/asso.unilim.fr\/rerdh\/2019\/09\/01\/les-teasers-du-colloque-dura-lex-sed-lex-enfin-disponibles\/#primaryimage","url":"https:\/\/asso.unilim.fr\/rerdh\/wp-content\/uploads\/sites\/11\/2019\/09\/Bandeau-colloque.jpg","contentUrl":"https:\/\/asso.unilim.fr\/rerdh\/wp-content\/uploads\/sites\/11\/2019\/09\/Bandeau-colloque.jpg","width":825,"height":315},{"@type":"BreadcrumbList","@id":"https:\/\/asso.unilim.fr\/rerdh\/2019\/09\/01\/les-teasers-du-colloque-dura-lex-sed-lex-enfin-disponibles\/#breadcrumb","itemListElement":[{"@type":"ListItem","position":1,"name":"Accueil","item":"https:\/\/asso.unilim.fr\/rerdh\/"},{"@type":"ListItem","position":2,"name":"Les teasers du colloque \u00ab\u00a0Dura lex sed lex ?\u00a0\u00bb enfin disponibles !"}]},{"@type":"WebSite","@id":"https:\/\/asso.unilim.fr\/rerdh\/#website","url":"https:\/\/asso.unilim.fr\/rerdh\/","name":"R\u00e9seau Europ\u00e9en de Recherche en Droits de l&#039;Homme (R.E.R.D.H.)","description":"universit\u00e9 ouverte source de r\u00e9ussites","potentialAction":[{"@type":"SearchAction","target":{"@type":"EntryPoint","urlTemplate":"https:\/\/asso.unilim.fr\/rerdh\/?s={search_term_string}"},"query-input":{"@type":"PropertyValueSpecification","valueRequired":true,"valueName":"search_term_string"}}],"inLanguage":"fr-FR"},{"@type":"Person","@id":"https:\/\/asso.unilim.fr\/rerdh\/#\/schema\/person\/f4d5082afa67316e654ad7cbfb82a2ec","name":"rerdh","image":{"@type":"ImageObject","inLanguage":"fr-FR","@id":"https:\/\/asso.unilim.fr\/rerdh\/#\/schema\/person\/image\/","url":"https:\/\/secure.gravatar.com\/avatar\/568ecf0decdce9a914995fe717ccc601ccb3697e398ceca8f1fc8785974b39fd?s=96&d=mm&r=g","contentUrl":"https:\/\/secure.gravatar.com\/avatar\/568ecf0decdce9a914995fe717ccc601ccb3697e398ceca8f1fc8785974b39fd?s=96&d=mm&r=g","caption":"rerdh"},"url":"https:\/\/asso.unilim.fr\/rerdh\/author\/rerdh\/"}]}},"_links":{"self":[{"href":"https:\/\/asso.unilim.fr\/rerdh\/wp-json\/wp\/v2\/posts\/192","targetHints":{"allow":["GET"]}}],"collection":[{"href":"https:\/\/asso.unilim.fr\/rerdh\/wp-json\/wp\/v2\/posts"}],"about":[{"href":"https:\/\/asso.unilim.fr\/rerdh\/wp-json\/wp\/v2\/types\/post"}],"author":[{"embeddable":true,"href":"https:\/\/asso.unilim.fr\/rerdh\/wp-json\/wp\/v2\/users\/99"}],"replies":[{"embeddable":true,"href":"https:\/\/asso.unilim.fr\/rerdh\/wp-json\/wp\/v2\/comments?post=192"}],"version-history":[{"count":0,"href":"https:\/\/asso.unilim.fr\/rerdh\/wp-json\/wp\/v2\/posts\/192\/revisions"}],"wp:featuredmedia":[{"embeddable":true,"href":"https:\/\/asso.unilim.fr\/rerdh\/wp-json\/wp\/v2\/media\/220"}],"wp:attachment":[{"href":"https:\/\/asso.unilim.fr\/rerdh\/wp-json\/wp\/v2\/media?parent=192"}],"wp:term":[{"taxonomy":"category","embeddable":true,"href":"https:\/\/asso.unilim.fr\/rerdh\/wp-json\/wp\/v2\/categories?post=192"},{"taxonomy":"post_tag","embeddable":true,"href":"https:\/\/asso.unilim.fr\/rerdh\/wp-json\/wp\/v2\/tags?post=192"}],"curies":[{"name":"wp","href":"https:\/\/api.w.org\/{rel}","templated":true}]}}