{"id":12733,"date":"2026-09-05T16:56:50","date_gmt":"2026-09-05T14:56:50","guid":{"rendered":"https:\/\/asso.unilim.fr\/fedros\/2026\/09\/05\/parution-estudos-semioticos-v-22-n-2\/"},"modified":"2026-09-05T16:57:19","modified_gmt":"2026-09-05T14:57:19","slug":"parution-estudos-semioticos-v-22-n-2","status":"publish","type":"post","link":"https:\/\/asso.unilim.fr\/fedros\/pt-br\/2026\/09\/05\/parution-estudos-semioticos-v-22-n-2\/","title":{"rendered":"Parution &#8211; Estudos Semi\u00f3ticos v.22 n.2"},"content":{"rendered":"<p style=\"text-align: center\"><strong>Parution<\/strong><\/p>\n<p style=\"text-align: center\"><strong>Estudos Semi\u00f3ticos v.22 n.2<\/strong><\/p>\n<p>&nbsp;<\/p>\n<p>Nous avons le plaisir d&#8217;annoncer la parution du volume 22 num\u00e9ro 2 (2026) de la revue br\u00e9silienne <em>Estudos Semi\u00f3ticos<\/em> dont le dossier th\u00e9matique, consacr\u00e9 \u00e0 l&#8217;\u00e9cole de Tartu-Moscou, a \u00e9t\u00e9 dirig\u00e9 par Maria Glushkova (Queen Mary University of London), Alan Silus (UEMS) et Ekaterina V\u00f3lkova Am\u00e9rico (UFF).<\/p>\n<p>Voici le lien :<\/p>\n<p><a href=\"https:\/\/revistas.usp.br\/esse\/pt_BR\/issue\/view\/14022\" target=\"_blank\" rel=\"noopener\" data-saferedirecturl=\"https:\/\/www.google.com\/url?q=https:\/\/revistas.usp.br\/esse\/pt_BR\/issue\/view\/14022&amp;source=gmail&amp;ust=1788705785986000&amp;usg=AOvVaw0jFrCQDcTsuVK2qLP1o8ZP\">https:\/\/revistas.usp.br\/esse\/pt_BR\/issue\/view\/14022<\/a><\/p>\n<p>&nbsp;<\/p>\n<p>Contribuitions:<\/p>\n<p>&nbsp;<\/p>\n<p>Maria Glushkova<\/p>\n<p>Irene de Ara\u00fajo Machado<\/p>\n<p>Julieta Haidar<\/p>\n<p>Igor Pilshchikov<\/p>\n<p>Luciano Ponzio<\/p>\n<p>Kseniya Romanova<\/p>\n<p>Elizaveta Andreevna Shaprinskaya<\/p>\n<p>Alexey Yurievich Ovcharenko<\/p>\n<p>Alan Silus<\/p>\n<p>Regiane Miranda de Oliveira Nakagawa<\/p>\n<p>F\u00e1bio Sadao Nakagawa<\/p>\n<p>Etefania Cristina Pavarina<\/p>\n<p>Herom Vargas<\/p>\n<p>Nilton Faria de Carvalho<\/p>\n<p>Ferm\u00edn Monroy Villanueva<\/p>\n<p>David Terrazas Tello<\/p>\n<p>Oscar Ochoa Flores<\/p>\n<p>F\u00e1bio Luiz de Castro Dias<\/p>\n<p>Marco Antonio Villarta-Neder<\/p>\n<p>N\u00edsia Martins do Ros\u00e1rio<\/p>\n<p>Adriana Pierre Coca<\/p>\n<p>Eduardo Ch\u00e1vez Herrera<\/p>\n<p>Mar\u00edlia Melo Port<\/p>\n<p>Ricardo de Jesus Machado<\/p>\n<p>Ana Poltronieri<\/p>\n<p>Gean Dias Coutinho<\/p>\n<p>J\u00falia Zorattini<\/p>\n<p>Jo\u00e3o Paulo de Oliveira Brito<\/p>\n<p>Ekaterina V\u00f3lkova Am\u00e9rico<\/p>\n<p>I\u00fari Lotman<\/p>\n<p>Boris Uspi\u00eanski<\/p>\n<p>&nbsp;<\/p>\n","protected":false},"excerpt":{"rendered":"<p>Parution Estudos Semi\u00f3ticos v.22 n.2 &nbsp; Nous avons le plaisir d&#8217;annoncer la parution du volume 22 num\u00e9ro 2 (2026) de la revue br\u00e9silienne Estudos Semi\u00f3ticos dont le dossier th\u00e9matique, consacr\u00e9 \u00e0 l&#8217;\u00e9cole de Tartu-Moscou, a \u00e9t\u00e9 dirig\u00e9 par Maria Glushkova (Queen Mary University of London), Alan Silus (UEMS) et Ekaterina V\u00f3lkova Am\u00e9rico (UFF). Voici le [&hellip;]<\/p>\n","protected":false},"author":106,"featured_media":0,"comment_status":"closed","ping_status":"closed","sticky":false,"template":"","format":"standard","meta":{"footnotes":""},"categories":[59],"tags":[],"class_list":["post-12733","post","type-post","status-publish","format-standard","hentry","category-atualidades"],"yoast_head":"<!-- This site is optimized with the Yoast SEO plugin v26.3 - https:\/\/yoast.com\/wordpress\/plugins\/seo\/ -->\n<title>Parution - Estudos Semi\u00f3ticos v.22 n.2 - F\u00e9d\u00e9ration Romane de S\u00e9miotique<\/title>\n<meta name=\"robots\" content=\"index, follow, max-snippet:-1, max-image-preview:large, max-video-preview:-1\" \/>\n<link rel=\"canonical\" href=\"https:\/\/asso.unilim.fr\/fedros\/pt-br\/2026\/09\/05\/parution-estudos-semioticos-v-22-n-2\/\" \/>\n<meta property=\"og:locale\" content=\"pt_BR\" \/>\n<meta property=\"og:type\" content=\"article\" \/>\n<meta property=\"og:title\" content=\"Parution - Estudos Semi\u00f3ticos v.22 n.2 - F\u00e9d\u00e9ration Romane de S\u00e9miotique\" \/>\n<meta property=\"og:description\" content=\"Parution Estudos Semi\u00f3ticos v.22 n.2 &nbsp; Nous avons le plaisir d&#8217;annoncer la parution du volume 22 num\u00e9ro 2 (2026) de la revue br\u00e9silienne Estudos Semi\u00f3ticos dont le dossier th\u00e9matique, consacr\u00e9 \u00e0 l&#8217;\u00e9cole de Tartu-Moscou, a \u00e9t\u00e9 dirig\u00e9 par Maria Glushkova (Queen Mary University of London), Alan Silus (UEMS) et Ekaterina V\u00f3lkova Am\u00e9rico (UFF). Voici le [&hellip;]\" \/>\n<meta property=\"og:url\" content=\"https:\/\/asso.unilim.fr\/fedros\/pt-br\/2026\/09\/05\/parution-estudos-semioticos-v-22-n-2\/\" \/>\n<meta property=\"og:site_name\" content=\"F\u00e9d\u00e9ration Romane de S\u00e9miotique\" \/>\n<meta property=\"article:publisher\" content=\"https:\/\/www.facebook.com\/fedrosemioticaromanza\" \/>\n<meta property=\"article:published_time\" content=\"2026-09-05T14:56:50+00:00\" \/>\n<meta property=\"article:modified_time\" content=\"2026-09-05T14:57:19+00:00\" \/>\n<meta name=\"author\" content=\"lasemioromane\" \/>\n<meta name=\"twitter:card\" content=\"summary_large_image\" \/>\n<meta name=\"twitter:label1\" content=\"Written by\" \/>\n\t<meta name=\"twitter:data1\" content=\"lasemioromane\" \/>\n\t<meta name=\"twitter:label2\" content=\"Est. reading time\" \/>\n\t<meta name=\"twitter:data2\" content=\"1 minute\" \/>\n<script type=\"application\/ld+json\" class=\"yoast-schema-graph\">{\"@context\":\"https:\/\/schema.org\",\"@graph\":[{\"@type\":\"Article\",\"@id\":\"https:\/\/asso.unilim.fr\/fedros\/pt-br\/2026\/09\/05\/parution-estudos-semioticos-v-22-n-2\/#article\",\"isPartOf\":{\"@id\":\"https:\/\/asso.unilim.fr\/fedros\/pt-br\/2026\/09\/05\/parution-estudos-semioticos-v-22-n-2\/\"},\"author\":{\"name\":\"lasemioromane\",\"@id\":\"https:\/\/asso.unilim.fr\/fedros\/es\/#\/schema\/person\/ef21117ecd321ea21cfdfda647ce99d6\"},\"headline\":\"Parution &#8211; Estudos Semi\u00f3ticos v.22 n.2\",\"datePublished\":\"2026-09-05T14:56:50+00:00\",\"dateModified\":\"2026-09-05T14:57:19+00:00\",\"mainEntityOfPage\":{\"@id\":\"https:\/\/asso.unilim.fr\/fedros\/pt-br\/2026\/09\/05\/parution-estudos-semioticos-v-22-n-2\/\"},\"wordCount\":187,\"publisher\":{\"@id\":\"https:\/\/asso.unilim.fr\/fedros\/es\/#organization\"},\"articleSection\":[\"Atualidades\"],\"inLanguage\":\"pt-BR\"},{\"@type\":\"WebPage\",\"@id\":\"https:\/\/asso.unilim.fr\/fedros\/pt-br\/2026\/09\/05\/parution-estudos-semioticos-v-22-n-2\/\",\"url\":\"https:\/\/asso.unilim.fr\/fedros\/pt-br\/2026\/09\/05\/parution-estudos-semioticos-v-22-n-2\/\",\"name\":\"Parution - Estudos Semi\u00f3ticos v.22 n.2 - F\u00e9d\u00e9ration Romane de S\u00e9miotique\",\"isPartOf\":{\"@id\":\"https:\/\/asso.unilim.fr\/fedros\/es\/#website\"},\"datePublished\":\"2026-09-05T14:56:50+00:00\",\"dateModified\":\"2026-09-05T14:57:19+00:00\",\"breadcrumb\":{\"@id\":\"https:\/\/asso.unilim.fr\/fedros\/pt-br\/2026\/09\/05\/parution-estudos-semioticos-v-22-n-2\/#breadcrumb\"},\"inLanguage\":\"pt-BR\",\"potentialAction\":[{\"@type\":\"ReadAction\",\"target\":[\"https:\/\/asso.unilim.fr\/fedros\/pt-br\/2026\/09\/05\/parution-estudos-semioticos-v-22-n-2\/\"]}]},{\"@type\":\"BreadcrumbList\",\"@id\":\"https:\/\/asso.unilim.fr\/fedros\/pt-br\/2026\/09\/05\/parution-estudos-semioticos-v-22-n-2\/#breadcrumb\",\"itemListElement\":[{\"@type\":\"ListItem\",\"position\":1,\"name\":\"Accueil\",\"item\":\"https:\/\/asso.unilim.fr\/fedros\/\"},{\"@type\":\"ListItem\",\"position\":2,\"name\":\"Parution &#8211; Estudos Semi\u00f3ticos v.22 n.2\"}]},{\"@type\":\"WebSite\",\"@id\":\"https:\/\/asso.unilim.fr\/fedros\/es\/#website\",\"url\":\"https:\/\/asso.unilim.fr\/fedros\/es\/\",\"name\":\"F\u00e9d\u00e9ration Romane de S\u00e9miotique\",\"description\":\"\",\"publisher\":{\"@id\":\"https:\/\/asso.unilim.fr\/fedros\/es\/#organization\"},\"potentialAction\":[{\"@type\":\"SearchAction\",\"target\":{\"@type\":\"EntryPoint\",\"urlTemplate\":\"https:\/\/asso.unilim.fr\/fedros\/es\/?s={search_term_string}\"},\"query-input\":{\"@type\":\"PropertyValueSpecification\",\"valueRequired\":true,\"valueName\":\"search_term_string\"}}],\"inLanguage\":\"pt-BR\"},{\"@type\":\"Organization\",\"@id\":\"https:\/\/asso.unilim.fr\/fedros\/es\/#organization\",\"name\":\"F\u00e9d\u00e9ration Romane de S\u00e9miotique\",\"url\":\"https:\/\/asso.unilim.fr\/fedros\/es\/\",\"logo\":{\"@type\":\"ImageObject\",\"inLanguage\":\"pt-BR\",\"@id\":\"https:\/\/asso.unilim.fr\/fedros\/es\/#\/schema\/logo\/image\/\",\"url\":\"https:\/\/asso.unilim.fr\/fedros\/wp-content\/uploads\/sites\/12\/2020\/04\/FRSLOGO-sans-nom.png\",\"contentUrl\":\"https:\/\/asso.unilim.fr\/fedros\/wp-content\/uploads\/sites\/12\/2020\/04\/FRSLOGO-sans-nom.png\",\"width\":624,\"height\":624,\"caption\":\"F\u00e9d\u00e9ration Romane de S\u00e9miotique\"},\"image\":{\"@id\":\"https:\/\/asso.unilim.fr\/fedros\/es\/#\/schema\/logo\/image\/\"},\"sameAs\":[\"https:\/\/www.facebook.com\/fedrosemioticaromanza\",\"https:\/\/www.youtube.com\/channel\/UCaCtzbiSKoIKaZlc9DErntA\"]},{\"@type\":\"Person\",\"@id\":\"https:\/\/asso.unilim.fr\/fedros\/es\/#\/schema\/person\/ef21117ecd321ea21cfdfda647ce99d6\",\"name\":\"lasemioromane\",\"image\":{\"@type\":\"ImageObject\",\"inLanguage\":\"pt-BR\",\"@id\":\"https:\/\/asso.unilim.fr\/fedros\/es\/#\/schema\/person\/image\/\",\"url\":\"https:\/\/secure.gravatar.com\/avatar\/6fc84efb417c563523015fb5458871265f65893a440e48f5e77b416fc4cf81bc?s=96&d=mm&r=g\",\"contentUrl\":\"https:\/\/secure.gravatar.com\/avatar\/6fc84efb417c563523015fb5458871265f65893a440e48f5e77b416fc4cf81bc?s=96&d=mm&r=g\",\"caption\":\"lasemioromane\"}}]}<\/script>\n<!-- \/ Yoast SEO plugin. -->","yoast_head_json":{"title":"Parution - Estudos Semi\u00f3ticos v.22 n.2 - F\u00e9d\u00e9ration Romane de S\u00e9miotique","robots":{"index":"index","follow":"follow","max-snippet":"max-snippet:-1","max-image-preview":"max-image-preview:large","max-video-preview":"max-video-preview:-1"},"canonical":"https:\/\/asso.unilim.fr\/fedros\/pt-br\/2026\/09\/05\/parution-estudos-semioticos-v-22-n-2\/","og_locale":"pt_BR","og_type":"article","og_title":"Parution - Estudos Semi\u00f3ticos v.22 n.2 - F\u00e9d\u00e9ration Romane de S\u00e9miotique","og_description":"Parution Estudos Semi\u00f3ticos v.22 n.2 &nbsp; Nous avons le plaisir d&#8217;annoncer la parution du volume 22 num\u00e9ro 2 (2026) de la revue br\u00e9silienne Estudos Semi\u00f3ticos dont le dossier th\u00e9matique, consacr\u00e9 \u00e0 l&#8217;\u00e9cole de Tartu-Moscou, a \u00e9t\u00e9 dirig\u00e9 par Maria Glushkova (Queen Mary University of London), Alan Silus (UEMS) et Ekaterina V\u00f3lkova Am\u00e9rico (UFF). Voici le [&hellip;]","og_url":"https:\/\/asso.unilim.fr\/fedros\/pt-br\/2026\/09\/05\/parution-estudos-semioticos-v-22-n-2\/","og_site_name":"F\u00e9d\u00e9ration Romane de S\u00e9miotique","article_publisher":"https:\/\/www.facebook.com\/fedrosemioticaromanza","article_published_time":"2026-09-05T14:56:50+00:00","article_modified_time":"2026-09-05T14:57:19+00:00","author":"lasemioromane","twitter_card":"summary_large_image","twitter_misc":{"Written by":"lasemioromane","Est. reading time":"1 minute"},"schema":{"@context":"https:\/\/schema.org","@graph":[{"@type":"Article","@id":"https:\/\/asso.unilim.fr\/fedros\/pt-br\/2026\/09\/05\/parution-estudos-semioticos-v-22-n-2\/#article","isPartOf":{"@id":"https:\/\/asso.unilim.fr\/fedros\/pt-br\/2026\/09\/05\/parution-estudos-semioticos-v-22-n-2\/"},"author":{"name":"lasemioromane","@id":"https:\/\/asso.unilim.fr\/fedros\/es\/#\/schema\/person\/ef21117ecd321ea21cfdfda647ce99d6"},"headline":"Parution &#8211; Estudos Semi\u00f3ticos v.22 n.2","datePublished":"2026-09-05T14:56:50+00:00","dateModified":"2026-09-05T14:57:19+00:00","mainEntityOfPage":{"@id":"https:\/\/asso.unilim.fr\/fedros\/pt-br\/2026\/09\/05\/parution-estudos-semioticos-v-22-n-2\/"},"wordCount":187,"publisher":{"@id":"https:\/\/asso.unilim.fr\/fedros\/es\/#organization"},"articleSection":["Atualidades"],"inLanguage":"pt-BR"},{"@type":"WebPage","@id":"https:\/\/asso.unilim.fr\/fedros\/pt-br\/2026\/09\/05\/parution-estudos-semioticos-v-22-n-2\/","url":"https:\/\/asso.unilim.fr\/fedros\/pt-br\/2026\/09\/05\/parution-estudos-semioticos-v-22-n-2\/","name":"Parution - Estudos Semi\u00f3ticos v.22 n.2 - F\u00e9d\u00e9ration Romane de S\u00e9miotique","isPartOf":{"@id":"https:\/\/asso.unilim.fr\/fedros\/es\/#website"},"datePublished":"2026-09-05T14:56:50+00:00","dateModified":"2026-09-05T14:57:19+00:00","breadcrumb":{"@id":"https:\/\/asso.unilim.fr\/fedros\/pt-br\/2026\/09\/05\/parution-estudos-semioticos-v-22-n-2\/#breadcrumb"},"inLanguage":"pt-BR","potentialAction":[{"@type":"ReadAction","target":["https:\/\/asso.unilim.fr\/fedros\/pt-br\/2026\/09\/05\/parution-estudos-semioticos-v-22-n-2\/"]}]},{"@type":"BreadcrumbList","@id":"https:\/\/asso.unilim.fr\/fedros\/pt-br\/2026\/09\/05\/parution-estudos-semioticos-v-22-n-2\/#breadcrumb","itemListElement":[{"@type":"ListItem","position":1,"name":"Accueil","item":"https:\/\/asso.unilim.fr\/fedros\/"},{"@type":"ListItem","position":2,"name":"Parution &#8211; Estudos Semi\u00f3ticos v.22 n.2"}]},{"@type":"WebSite","@id":"https:\/\/asso.unilim.fr\/fedros\/es\/#website","url":"https:\/\/asso.unilim.fr\/fedros\/es\/","name":"F\u00e9d\u00e9ration Romane de S\u00e9miotique","description":"","publisher":{"@id":"https:\/\/asso.unilim.fr\/fedros\/es\/#organization"},"potentialAction":[{"@type":"SearchAction","target":{"@type":"EntryPoint","urlTemplate":"https:\/\/asso.unilim.fr\/fedros\/es\/?s={search_term_string}"},"query-input":{"@type":"PropertyValueSpecification","valueRequired":true,"valueName":"search_term_string"}}],"inLanguage":"pt-BR"},{"@type":"Organization","@id":"https:\/\/asso.unilim.fr\/fedros\/es\/#organization","name":"F\u00e9d\u00e9ration Romane de S\u00e9miotique","url":"https:\/\/asso.unilim.fr\/fedros\/es\/","logo":{"@type":"ImageObject","inLanguage":"pt-BR","@id":"https:\/\/asso.unilim.fr\/fedros\/es\/#\/schema\/logo\/image\/","url":"https:\/\/asso.unilim.fr\/fedros\/wp-content\/uploads\/sites\/12\/2020\/04\/FRSLOGO-sans-nom.png","contentUrl":"https:\/\/asso.unilim.fr\/fedros\/wp-content\/uploads\/sites\/12\/2020\/04\/FRSLOGO-sans-nom.png","width":624,"height":624,"caption":"F\u00e9d\u00e9ration Romane de S\u00e9miotique"},"image":{"@id":"https:\/\/asso.unilim.fr\/fedros\/es\/#\/schema\/logo\/image\/"},"sameAs":["https:\/\/www.facebook.com\/fedrosemioticaromanza","https:\/\/www.youtube.com\/channel\/UCaCtzbiSKoIKaZlc9DErntA"]},{"@type":"Person","@id":"https:\/\/asso.unilim.fr\/fedros\/es\/#\/schema\/person\/ef21117ecd321ea21cfdfda647ce99d6","name":"lasemioromane","image":{"@type":"ImageObject","inLanguage":"pt-BR","@id":"https:\/\/asso.unilim.fr\/fedros\/es\/#\/schema\/person\/image\/","url":"https:\/\/secure.gravatar.com\/avatar\/6fc84efb417c563523015fb5458871265f65893a440e48f5e77b416fc4cf81bc?s=96&d=mm&r=g","contentUrl":"https:\/\/secure.gravatar.com\/avatar\/6fc84efb417c563523015fb5458871265f65893a440e48f5e77b416fc4cf81bc?s=96&d=mm&r=g","caption":"lasemioromane"}}]}},"_links":{"self":[{"href":"https:\/\/asso.unilim.fr\/fedros\/pt-br\/wp-json\/wp\/v2\/posts\/12733","targetHints":{"allow":["GET"]}}],"collection":[{"href":"https:\/\/asso.unilim.fr\/fedros\/pt-br\/wp-json\/wp\/v2\/posts"}],"about":[{"href":"https:\/\/asso.unilim.fr\/fedros\/pt-br\/wp-json\/wp\/v2\/types\/post"}],"author":[{"embeddable":true,"href":"https:\/\/asso.unilim.fr\/fedros\/pt-br\/wp-json\/wp\/v2\/users\/106"}],"replies":[{"embeddable":true,"href":"https:\/\/asso.unilim.fr\/fedros\/pt-br\/wp-json\/wp\/v2\/comments?post=12733"}],"version-history":[{"count":1,"href":"https:\/\/asso.unilim.fr\/fedros\/pt-br\/wp-json\/wp\/v2\/posts\/12733\/revisions"}],"predecessor-version":[{"id":12737,"href":"https:\/\/asso.unilim.fr\/fedros\/pt-br\/wp-json\/wp\/v2\/posts\/12733\/revisions\/12737"}],"wp:attachment":[{"href":"https:\/\/asso.unilim.fr\/fedros\/pt-br\/wp-json\/wp\/v2\/media?parent=12733"}],"wp:term":[{"taxonomy":"category","embeddable":true,"href":"https:\/\/asso.unilim.fr\/fedros\/pt-br\/wp-json\/wp\/v2\/categories?post=12733"},{"taxonomy":"post_tag","embeddable":true,"href":"https:\/\/asso.unilim.fr\/fedros\/pt-br\/wp-json\/wp\/v2\/tags?post=12733"}],"curies":[{"name":"wp","href":"https:\/\/api.w.org\/{rel}","templated":true}]}}