{"id":11232,"date":"2025-11-11T18:00:56","date_gmt":"2025-11-11T17:00:56","guid":{"rendered":"https:\/\/asso.unilim.fr\/fedros\/?p=11232"},"modified":"2025-11-11T18:03:59","modified_gmt":"2025-11-11T17:03:59","slug":"53mo-congresso-dellaiss","status":"publish","type":"post","link":"https:\/\/asso.unilim.fr\/fedros\/it\/2025\/11\/11\/53mo-congresso-dellaiss\/","title":{"rendered":"53mo Congresso dell&#8217;AISS"},"content":{"rendered":"<div style=\"text-align: center\"><strong>53mo Congresso dell&#8217;AISS<\/strong><\/div>\n<div style=\"text-align: center\"><strong>11 al 13 dicembre<\/strong><\/div>\n<div><\/div>\n<div>\n<p>Trovate in allegato il programma del 53mo Congresso dell&#8217;AISS che si terr\u00e0 a Palermo dal 11 al 13 dicembre prossimi. Come vedrete, la risposta dei soci al Call for Abstract \u00e8 stata molto generosa e saranno dunque giornate fitte di incontri e discussioni, cosa che ovviamente ci fa molto piacere e per la quale ringraziamo tutti.<\/p>\n<p>Come da tradizione, i pranzi di giorno 11 e 12 saranno offerti dall&#8217;Associazione e si terranno nella struttura in cui si tiene il Congresso, ovvero il Museo Internazionale delle Marionette &#8220;Antonio Pasqualino&#8221;, ormai punto di riferimento per la comunit\u00e0 semiotica.<\/p>\n<p>&nbsp;<\/p>\n<p>Approfittiamo di questa comunicazione per ricordare a tutti che, mentre per partecipare da uditori non \u00e8 necessario essere soci AISS, per presentare una comunicazione lo \u00e8. Vi preghiamo quindi, ove possibile, di versare la quota associativa con bonifico bancario prima che il Congresso abbia inizio. In questo modo le operazioni iniziali di accettazione potranno essere pi\u00f9 efficienti.<\/p>\n<p>&nbsp;<\/p>\n<p>Ricordiamo le quote associative e l&#8217;iban a cui indirizzare i bonifici:<\/p>\n<p>&nbsp;<\/p>\n<p>Studenti, dottori, dottorandi, assegnisti, ricercatori indipendenti, docenti a contratto possono iscriversi o rinnovare l&#8217;iscrizione versando una quota a scelta compresa fra i 40 e i 70 euro.<\/p>\n<p>&nbsp;<\/p>\n<p>Gli strutturati possono iscriversi o rinnovare l&#8217;iscrizione versando una quota fra i 70 e i 100 euro.<\/p>\n<p>&nbsp;<\/p>\n<p>I bonifici vanno indirizzati a:<\/p>\n<p>A. I. S. S. Associazione Italiana di Studi Semiotici<\/p>\n<p>&nbsp;<\/p>\n<p>Unicredit Spa &#8211; Palermo Filiale 11<\/p>\n<p>IT 91 S 02008 04611 000401259360<\/p>\n<p>Codice Swift: UNCRITM1I57<\/p>\n<p>&nbsp;<\/p>\n<p><a href=\"https:\/\/asso.unilim.fr\/fedros\/wp-content\/uploads\/sites\/12\/2025\/11\/AISS-programma-2025-leaflet_compressed.pdf\" target=\"_blank\" rel=\"noopener\">Programma del 53mo Congresso dell&#8217;AISS<\/a><\/p>\n<\/div>\n","protected":false},"excerpt":{"rendered":"<p>53mo Congresso dell&#8217;AISS 11 al 13 dicembre Trovate in allegato il programma del 53mo Congresso dell&#8217;AISS che si terr\u00e0 a Palermo dal 11 al 13 dicembre prossimi. Come vedrete, la risposta dei soci al Call for Abstract \u00e8 stata molto generosa e saranno dunque giornate fitte di incontri e discussioni, cosa che ovviamente ci fa [&hellip;]<\/p>\n","protected":false},"author":106,"featured_media":0,"comment_status":"closed","ping_status":"closed","sticky":false,"template":"","format":"standard","meta":{"footnotes":""},"categories":[57],"tags":[],"class_list":["post-11232","post","type-post","status-publish","format-standard","hentry","category-attualita"],"yoast_head":"<!-- This site is optimized with the Yoast SEO plugin v26.3 - https:\/\/yoast.com\/wordpress\/plugins\/seo\/ -->\n<title>53mo Congresso dell&#039;AISS - F\u00e9d\u00e9ration Romane de S\u00e9miotique<\/title>\n<meta name=\"robots\" content=\"index, follow, max-snippet:-1, max-image-preview:large, max-video-preview:-1\" \/>\n<link rel=\"canonical\" href=\"https:\/\/asso.unilim.fr\/fedros\/it\/2025\/11\/11\/53mo-congresso-dellaiss\/\" \/>\n<meta property=\"og:locale\" content=\"it_IT\" \/>\n<meta property=\"og:type\" content=\"article\" \/>\n<meta property=\"og:title\" content=\"53mo Congresso dell&#039;AISS - F\u00e9d\u00e9ration Romane de S\u00e9miotique\" \/>\n<meta property=\"og:description\" content=\"53mo Congresso dell&#8217;AISS 11 al 13 dicembre Trovate in allegato il programma del 53mo Congresso dell&#8217;AISS che si terr\u00e0 a Palermo dal 11 al 13 dicembre prossimi. Come vedrete, la risposta dei soci al Call for Abstract \u00e8 stata molto generosa e saranno dunque giornate fitte di incontri e discussioni, cosa che ovviamente ci fa [&hellip;]\" \/>\n<meta property=\"og:url\" content=\"https:\/\/asso.unilim.fr\/fedros\/it\/2025\/11\/11\/53mo-congresso-dellaiss\/\" \/>\n<meta property=\"og:site_name\" content=\"F\u00e9d\u00e9ration Romane de S\u00e9miotique\" \/>\n<meta property=\"article:publisher\" content=\"https:\/\/www.facebook.com\/fedrosemioticaromanza\" \/>\n<meta property=\"article:published_time\" content=\"2025-11-11T17:00:56+00:00\" \/>\n<meta property=\"article:modified_time\" content=\"2025-11-11T17:03:59+00:00\" \/>\n<meta name=\"author\" content=\"lasemioromane\" \/>\n<meta name=\"twitter:card\" content=\"summary_large_image\" \/>\n<meta name=\"twitter:label1\" content=\"Written by\" \/>\n\t<meta name=\"twitter:data1\" content=\"lasemioromane\" \/>\n\t<meta name=\"twitter:label2\" content=\"Est. reading time\" \/>\n\t<meta name=\"twitter:data2\" content=\"1 minute\" \/>\n<script type=\"application\/ld+json\" class=\"yoast-schema-graph\">{\"@context\":\"https:\/\/schema.org\",\"@graph\":[{\"@type\":\"Article\",\"@id\":\"https:\/\/asso.unilim.fr\/fedros\/it\/2025\/11\/11\/53mo-congresso-dellaiss\/#article\",\"isPartOf\":{\"@id\":\"https:\/\/asso.unilim.fr\/fedros\/it\/2025\/11\/11\/53mo-congresso-dellaiss\/\"},\"author\":{\"name\":\"lasemioromane\",\"@id\":\"https:\/\/asso.unilim.fr\/fedros\/es\/#\/schema\/person\/ef21117ecd321ea21cfdfda647ce99d6\"},\"headline\":\"53mo Congresso dell&#8217;AISS\",\"datePublished\":\"2025-11-11T17:00:56+00:00\",\"dateModified\":\"2025-11-11T17:03:59+00:00\",\"mainEntityOfPage\":{\"@id\":\"https:\/\/asso.unilim.fr\/fedros\/it\/2025\/11\/11\/53mo-congresso-dellaiss\/\"},\"wordCount\":250,\"publisher\":{\"@id\":\"https:\/\/asso.unilim.fr\/fedros\/es\/#organization\"},\"articleSection\":[\"Attualit\u00e0\"],\"inLanguage\":\"it-IT\"},{\"@type\":\"WebPage\",\"@id\":\"https:\/\/asso.unilim.fr\/fedros\/it\/2025\/11\/11\/53mo-congresso-dellaiss\/\",\"url\":\"https:\/\/asso.unilim.fr\/fedros\/it\/2025\/11\/11\/53mo-congresso-dellaiss\/\",\"name\":\"53mo Congresso dell'AISS - F\u00e9d\u00e9ration Romane de S\u00e9miotique\",\"isPartOf\":{\"@id\":\"https:\/\/asso.unilim.fr\/fedros\/es\/#website\"},\"datePublished\":\"2025-11-11T17:00:56+00:00\",\"dateModified\":\"2025-11-11T17:03:59+00:00\",\"breadcrumb\":{\"@id\":\"https:\/\/asso.unilim.fr\/fedros\/it\/2025\/11\/11\/53mo-congresso-dellaiss\/#breadcrumb\"},\"inLanguage\":\"it-IT\",\"potentialAction\":[{\"@type\":\"ReadAction\",\"target\":[\"https:\/\/asso.unilim.fr\/fedros\/it\/2025\/11\/11\/53mo-congresso-dellaiss\/\"]}]},{\"@type\":\"BreadcrumbList\",\"@id\":\"https:\/\/asso.unilim.fr\/fedros\/it\/2025\/11\/11\/53mo-congresso-dellaiss\/#breadcrumb\",\"itemListElement\":[{\"@type\":\"ListItem\",\"position\":1,\"name\":\"Accueil\",\"item\":\"https:\/\/asso.unilim.fr\/fedros\/\"},{\"@type\":\"ListItem\",\"position\":2,\"name\":\"53mo Congresso dell&rsquo;AISS\"}]},{\"@type\":\"WebSite\",\"@id\":\"https:\/\/asso.unilim.fr\/fedros\/es\/#website\",\"url\":\"https:\/\/asso.unilim.fr\/fedros\/es\/\",\"name\":\"F\u00e9d\u00e9ration Romane de S\u00e9miotique\",\"description\":\"\",\"publisher\":{\"@id\":\"https:\/\/asso.unilim.fr\/fedros\/es\/#organization\"},\"potentialAction\":[{\"@type\":\"SearchAction\",\"target\":{\"@type\":\"EntryPoint\",\"urlTemplate\":\"https:\/\/asso.unilim.fr\/fedros\/es\/?s={search_term_string}\"},\"query-input\":{\"@type\":\"PropertyValueSpecification\",\"valueRequired\":true,\"valueName\":\"search_term_string\"}}],\"inLanguage\":\"it-IT\"},{\"@type\":\"Organization\",\"@id\":\"https:\/\/asso.unilim.fr\/fedros\/es\/#organization\",\"name\":\"F\u00e9d\u00e9ration Romane de S\u00e9miotique\",\"url\":\"https:\/\/asso.unilim.fr\/fedros\/es\/\",\"logo\":{\"@type\":\"ImageObject\",\"inLanguage\":\"it-IT\",\"@id\":\"https:\/\/asso.unilim.fr\/fedros\/es\/#\/schema\/logo\/image\/\",\"url\":\"https:\/\/asso.unilim.fr\/fedros\/wp-content\/uploads\/sites\/12\/2020\/04\/FRSLOGO-sans-nom.png\",\"contentUrl\":\"https:\/\/asso.unilim.fr\/fedros\/wp-content\/uploads\/sites\/12\/2020\/04\/FRSLOGO-sans-nom.png\",\"width\":624,\"height\":624,\"caption\":\"F\u00e9d\u00e9ration Romane de S\u00e9miotique\"},\"image\":{\"@id\":\"https:\/\/asso.unilim.fr\/fedros\/es\/#\/schema\/logo\/image\/\"},\"sameAs\":[\"https:\/\/www.facebook.com\/fedrosemioticaromanza\",\"https:\/\/www.youtube.com\/channel\/UCaCtzbiSKoIKaZlc9DErntA\"]},{\"@type\":\"Person\",\"@id\":\"https:\/\/asso.unilim.fr\/fedros\/es\/#\/schema\/person\/ef21117ecd321ea21cfdfda647ce99d6\",\"name\":\"lasemioromane\",\"image\":{\"@type\":\"ImageObject\",\"inLanguage\":\"it-IT\",\"@id\":\"https:\/\/asso.unilim.fr\/fedros\/es\/#\/schema\/person\/image\/\",\"url\":\"https:\/\/secure.gravatar.com\/avatar\/6fc84efb417c563523015fb5458871265f65893a440e48f5e77b416fc4cf81bc?s=96&d=mm&r=g\",\"contentUrl\":\"https:\/\/secure.gravatar.com\/avatar\/6fc84efb417c563523015fb5458871265f65893a440e48f5e77b416fc4cf81bc?s=96&d=mm&r=g\",\"caption\":\"lasemioromane\"}}]}<\/script>\n<!-- \/ Yoast SEO plugin. -->","yoast_head_json":{"title":"53mo Congresso dell'AISS - F\u00e9d\u00e9ration Romane de S\u00e9miotique","robots":{"index":"index","follow":"follow","max-snippet":"max-snippet:-1","max-image-preview":"max-image-preview:large","max-video-preview":"max-video-preview:-1"},"canonical":"https:\/\/asso.unilim.fr\/fedros\/it\/2025\/11\/11\/53mo-congresso-dellaiss\/","og_locale":"it_IT","og_type":"article","og_title":"53mo Congresso dell'AISS - F\u00e9d\u00e9ration Romane de S\u00e9miotique","og_description":"53mo Congresso dell&#8217;AISS 11 al 13 dicembre Trovate in allegato il programma del 53mo Congresso dell&#8217;AISS che si terr\u00e0 a Palermo dal 11 al 13 dicembre prossimi. Come vedrete, la risposta dei soci al Call for Abstract \u00e8 stata molto generosa e saranno dunque giornate fitte di incontri e discussioni, cosa che ovviamente ci fa [&hellip;]","og_url":"https:\/\/asso.unilim.fr\/fedros\/it\/2025\/11\/11\/53mo-congresso-dellaiss\/","og_site_name":"F\u00e9d\u00e9ration Romane de S\u00e9miotique","article_publisher":"https:\/\/www.facebook.com\/fedrosemioticaromanza","article_published_time":"2025-11-11T17:00:56+00:00","article_modified_time":"2025-11-11T17:03:59+00:00","author":"lasemioromane","twitter_card":"summary_large_image","twitter_misc":{"Written by":"lasemioromane","Est. reading time":"1 minute"},"schema":{"@context":"https:\/\/schema.org","@graph":[{"@type":"Article","@id":"https:\/\/asso.unilim.fr\/fedros\/it\/2025\/11\/11\/53mo-congresso-dellaiss\/#article","isPartOf":{"@id":"https:\/\/asso.unilim.fr\/fedros\/it\/2025\/11\/11\/53mo-congresso-dellaiss\/"},"author":{"name":"lasemioromane","@id":"https:\/\/asso.unilim.fr\/fedros\/es\/#\/schema\/person\/ef21117ecd321ea21cfdfda647ce99d6"},"headline":"53mo Congresso dell&#8217;AISS","datePublished":"2025-11-11T17:00:56+00:00","dateModified":"2025-11-11T17:03:59+00:00","mainEntityOfPage":{"@id":"https:\/\/asso.unilim.fr\/fedros\/it\/2025\/11\/11\/53mo-congresso-dellaiss\/"},"wordCount":250,"publisher":{"@id":"https:\/\/asso.unilim.fr\/fedros\/es\/#organization"},"articleSection":["Attualit\u00e0"],"inLanguage":"it-IT"},{"@type":"WebPage","@id":"https:\/\/asso.unilim.fr\/fedros\/it\/2025\/11\/11\/53mo-congresso-dellaiss\/","url":"https:\/\/asso.unilim.fr\/fedros\/it\/2025\/11\/11\/53mo-congresso-dellaiss\/","name":"53mo Congresso dell'AISS - F\u00e9d\u00e9ration Romane de S\u00e9miotique","isPartOf":{"@id":"https:\/\/asso.unilim.fr\/fedros\/es\/#website"},"datePublished":"2025-11-11T17:00:56+00:00","dateModified":"2025-11-11T17:03:59+00:00","breadcrumb":{"@id":"https:\/\/asso.unilim.fr\/fedros\/it\/2025\/11\/11\/53mo-congresso-dellaiss\/#breadcrumb"},"inLanguage":"it-IT","potentialAction":[{"@type":"ReadAction","target":["https:\/\/asso.unilim.fr\/fedros\/it\/2025\/11\/11\/53mo-congresso-dellaiss\/"]}]},{"@type":"BreadcrumbList","@id":"https:\/\/asso.unilim.fr\/fedros\/it\/2025\/11\/11\/53mo-congresso-dellaiss\/#breadcrumb","itemListElement":[{"@type":"ListItem","position":1,"name":"Accueil","item":"https:\/\/asso.unilim.fr\/fedros\/"},{"@type":"ListItem","position":2,"name":"53mo Congresso dell&rsquo;AISS"}]},{"@type":"WebSite","@id":"https:\/\/asso.unilim.fr\/fedros\/es\/#website","url":"https:\/\/asso.unilim.fr\/fedros\/es\/","name":"F\u00e9d\u00e9ration Romane de S\u00e9miotique","description":"","publisher":{"@id":"https:\/\/asso.unilim.fr\/fedros\/es\/#organization"},"potentialAction":[{"@type":"SearchAction","target":{"@type":"EntryPoint","urlTemplate":"https:\/\/asso.unilim.fr\/fedros\/es\/?s={search_term_string}"},"query-input":{"@type":"PropertyValueSpecification","valueRequired":true,"valueName":"search_term_string"}}],"inLanguage":"it-IT"},{"@type":"Organization","@id":"https:\/\/asso.unilim.fr\/fedros\/es\/#organization","name":"F\u00e9d\u00e9ration Romane de S\u00e9miotique","url":"https:\/\/asso.unilim.fr\/fedros\/es\/","logo":{"@type":"ImageObject","inLanguage":"it-IT","@id":"https:\/\/asso.unilim.fr\/fedros\/es\/#\/schema\/logo\/image\/","url":"https:\/\/asso.unilim.fr\/fedros\/wp-content\/uploads\/sites\/12\/2020\/04\/FRSLOGO-sans-nom.png","contentUrl":"https:\/\/asso.unilim.fr\/fedros\/wp-content\/uploads\/sites\/12\/2020\/04\/FRSLOGO-sans-nom.png","width":624,"height":624,"caption":"F\u00e9d\u00e9ration Romane de S\u00e9miotique"},"image":{"@id":"https:\/\/asso.unilim.fr\/fedros\/es\/#\/schema\/logo\/image\/"},"sameAs":["https:\/\/www.facebook.com\/fedrosemioticaromanza","https:\/\/www.youtube.com\/channel\/UCaCtzbiSKoIKaZlc9DErntA"]},{"@type":"Person","@id":"https:\/\/asso.unilim.fr\/fedros\/es\/#\/schema\/person\/ef21117ecd321ea21cfdfda647ce99d6","name":"lasemioromane","image":{"@type":"ImageObject","inLanguage":"it-IT","@id":"https:\/\/asso.unilim.fr\/fedros\/es\/#\/schema\/person\/image\/","url":"https:\/\/secure.gravatar.com\/avatar\/6fc84efb417c563523015fb5458871265f65893a440e48f5e77b416fc4cf81bc?s=96&d=mm&r=g","contentUrl":"https:\/\/secure.gravatar.com\/avatar\/6fc84efb417c563523015fb5458871265f65893a440e48f5e77b416fc4cf81bc?s=96&d=mm&r=g","caption":"lasemioromane"}}]}},"_links":{"self":[{"href":"https:\/\/asso.unilim.fr\/fedros\/it\/wp-json\/wp\/v2\/posts\/11232","targetHints":{"allow":["GET"]}}],"collection":[{"href":"https:\/\/asso.unilim.fr\/fedros\/it\/wp-json\/wp\/v2\/posts"}],"about":[{"href":"https:\/\/asso.unilim.fr\/fedros\/it\/wp-json\/wp\/v2\/types\/post"}],"author":[{"embeddable":true,"href":"https:\/\/asso.unilim.fr\/fedros\/it\/wp-json\/wp\/v2\/users\/106"}],"replies":[{"embeddable":true,"href":"https:\/\/asso.unilim.fr\/fedros\/it\/wp-json\/wp\/v2\/comments?post=11232"}],"version-history":[{"count":4,"href":"https:\/\/asso.unilim.fr\/fedros\/it\/wp-json\/wp\/v2\/posts\/11232\/revisions"}],"predecessor-version":[{"id":11273,"href":"https:\/\/asso.unilim.fr\/fedros\/it\/wp-json\/wp\/v2\/posts\/11232\/revisions\/11273"}],"wp:attachment":[{"href":"https:\/\/asso.unilim.fr\/fedros\/it\/wp-json\/wp\/v2\/media?parent=11232"}],"wp:term":[{"taxonomy":"category","embeddable":true,"href":"https:\/\/asso.unilim.fr\/fedros\/it\/wp-json\/wp\/v2\/categories?post=11232"},{"taxonomy":"post_tag","embeddable":true,"href":"https:\/\/asso.unilim.fr\/fedros\/it\/wp-json\/wp\/v2\/tags?post=11232"}],"curies":[{"name":"wp","href":"https:\/\/api.w.org\/{rel}","templated":true}]}}