{"id":10100,"date":"2025-01-28T16:03:34","date_gmt":"2025-01-28T15:03:34","guid":{"rendered":"https:\/\/asso.unilim.fr\/fedros\/2025\/01\/28\/call-for-papers-iii-convegno-cispels\/"},"modified":"2025-01-28T16:33:26","modified_gmt":"2025-01-28T15:33:26","slug":"call-for-papers-iii-convegno-cispels","status":"publish","type":"post","link":"https:\/\/asso.unilim.fr\/fedros\/it\/2025\/01\/28\/call-for-papers-iii-convegno-cispels\/","title":{"rendered":"Call for Contributions &#8211;  III Convegno CISPELS"},"content":{"rendered":"<p style=\"text-align: center\"><strong>CISPELS III <\/strong><\/p>\n<p style=\"text-align: center\"><strong>Universit\u00e0 della Calabria, <\/strong><\/p>\n<p style=\"text-align: center\"><strong>9\u201311 ottobre 2025 <\/strong><\/p>\n<p style=\"text-align: center\"><strong>Call for Papers <\/strong><\/p>\n<p style=\"text-align: center\"><strong>STORIE DEL SIGNIFICATO: il \u201csecolo semantico\u201d e le sue radici<\/strong><\/p>\n<p>&nbsp;<\/p>\n<p>\u201cSignificato\u201d \u00e8 uno dei termini pi\u00f9 controversi della linguistica, anzitutto nella sua dimensione storica. Da un lato, il focus sul significato (e sulla sua natura pubblica\/oggettiva) \u00e8 la cifra del pensiero linguistico del Novecento, del linguistic turn e dell\u2019ascesa del linguaggio a tema principe nelle scienze umane (da Frege a Wittgenstein, da Br\u00e9al a Saussure, da Peirce a Morris) \u2013 ma questa spinta propulsiva sembra essersi esaurita nel secolo attuale. Dall\u2019altro, il significato come dominio, come tema e come problema c\u2019\u00e8 sempre stato (anche prima che Br\u00e9al desse un nome alla scienza del significato), e rimane tuttora sullo sfondo, anche se i termini \u201csemantica\u201d e \u201csignificato\u201d non vanno pi\u00f9 di moda.<\/p>\n<p>Del resto, bisogna riconoscere che il termine \u2018significato\u2019, linguisticamente, pone non pochi problemi concettuali: esso infatti funziona solo in quanto opposto a \u2018significante\u2019, e suppone un ruolo passivo (\u201cci\u00f2 che \u00e8 significato\u201d si oppone a \u201cci\u00f2 che significa\u201d). Inoltre, esso incorpora un riferimento al segno e non tutte le teorie del linguaggio sono semiotiche. Nella letteratura anglofona (in larga parte non semiotica) \u2018meaning\u2019 svolge invece l\u2019ufficio di un participio presente, si riferisce all\u2019intenzione, e non allude al segno (ma piuttosto al pensiero, ed eventualmente alla realt\u00e0 extralinguistica). Frege d\u2019altra parte ha introdotto nel mondo germanofono la distinzione tra Sinn e Bedeutung che ha avuto enormi ricadute sulla riflessione sia linguistica che semiotica.<\/p>\n<p>Questa consistenza fantasmatica del significato, per\u00f2, non permette di disfarsene davvero, perch\u00e9 la parola (e la nozione di) \u2018significato\u2019 hanno un saldo ancoraggio nel senso comune e nel sapere epilinguistico e metalinguistico (per cui si parla p. es. di significato della musica, delle immagini ecc.). Proprio in questo contesto gli studi storici assumono un ruolo fondamentale nel recuperare i problemi che avevano fatto emergere e dato centralit\u00e0 al significato negli studi teorici del Novecento, che spesso non tenevano (abbastanza) conto della storia delle idee.<\/p>\n<p><strong><a href=\"https:\/\/asso.unilim.fr\/fedros\/wp-content\/uploads\/sites\/12\/2025\/01\/III_convegno_CISPELS-Call-for-Papers.pdf\">Call for Papers italiano<\/a><\/strong><\/p>\n<p><strong><a href=\"https:\/\/asso.unilim.fr\/fedros\/wp-content\/uploads\/sites\/12\/2025\/01\/III_convegno_CISPELS-_CfP_english.pdf\" target=\"_blank\" rel=\"noopener\">Call for papers english<\/a><\/strong><\/p>\n<p>&nbsp;<\/p>\n","protected":false},"excerpt":{"rendered":"<p>CISPELS III Universit\u00e0 della Calabria, 9\u201311 ottobre 2025 Call for Papers STORIE DEL SIGNIFICATO: il \u201csecolo semantico\u201d e le sue radici &nbsp; \u201cSignificato\u201d \u00e8 uno dei termini pi\u00f9 controversi della linguistica, anzitutto nella sua dimensione storica. Da un lato, il focus sul significato (e sulla sua natura pubblica\/oggettiva) \u00e8 la cifra del pensiero linguistico del [&hellip;]<\/p>\n","protected":false},"author":104,"featured_media":0,"comment_status":"closed","ping_status":"closed","sticky":false,"template":"","format":"standard","meta":{"footnotes":""},"categories":[57],"tags":[],"class_list":["post-10100","post","type-post","status-publish","format-standard","hentry","category-attualita"],"yoast_head":"<!-- This site is optimized with the Yoast SEO plugin v26.3 - https:\/\/yoast.com\/wordpress\/plugins\/seo\/ -->\n<title>Call for Contributions - III Convegno CISPELS - F\u00e9d\u00e9ration Romane de S\u00e9miotique<\/title>\n<meta name=\"robots\" content=\"index, follow, max-snippet:-1, max-image-preview:large, max-video-preview:-1\" \/>\n<link rel=\"canonical\" href=\"https:\/\/asso.unilim.fr\/fedros\/it\/2025\/01\/28\/call-for-papers-iii-convegno-cispels\/\" \/>\n<meta property=\"og:locale\" content=\"it_IT\" \/>\n<meta property=\"og:type\" content=\"article\" \/>\n<meta property=\"og:title\" content=\"Call for Contributions - III Convegno CISPELS - F\u00e9d\u00e9ration Romane de S\u00e9miotique\" \/>\n<meta property=\"og:description\" content=\"CISPELS III Universit\u00e0 della Calabria, 9\u201311 ottobre 2025 Call for Papers STORIE DEL SIGNIFICATO: il \u201csecolo semantico\u201d e le sue radici &nbsp; \u201cSignificato\u201d \u00e8 uno dei termini pi\u00f9 controversi della linguistica, anzitutto nella sua dimensione storica. Da un lato, il focus sul significato (e sulla sua natura pubblica\/oggettiva) \u00e8 la cifra del pensiero linguistico del [&hellip;]\" \/>\n<meta property=\"og:url\" content=\"https:\/\/asso.unilim.fr\/fedros\/it\/2025\/01\/28\/call-for-papers-iii-convegno-cispels\/\" \/>\n<meta property=\"og:site_name\" content=\"F\u00e9d\u00e9ration Romane de S\u00e9miotique\" \/>\n<meta property=\"article:publisher\" content=\"https:\/\/www.facebook.com\/fedrosemioticaromanza\" \/>\n<meta property=\"article:published_time\" content=\"2025-01-28T15:03:34+00:00\" \/>\n<meta property=\"article:modified_time\" content=\"2025-01-28T15:33:26+00:00\" \/>\n<meta name=\"author\" content=\"Alexandre Sbabo\" \/>\n<meta name=\"twitter:card\" content=\"summary_large_image\" \/>\n<meta name=\"twitter:label1\" content=\"Written by\" \/>\n\t<meta name=\"twitter:data1\" content=\"Alexandre Sbabo\" \/>\n\t<meta name=\"twitter:label2\" content=\"Est. reading time\" \/>\n\t<meta name=\"twitter:data2\" content=\"2 minutes\" \/>\n<script type=\"application\/ld+json\" class=\"yoast-schema-graph\">{\"@context\":\"https:\/\/schema.org\",\"@graph\":[{\"@type\":\"Article\",\"@id\":\"https:\/\/asso.unilim.fr\/fedros\/it\/2025\/01\/28\/call-for-papers-iii-convegno-cispels\/#article\",\"isPartOf\":{\"@id\":\"https:\/\/asso.unilim.fr\/fedros\/it\/2025\/01\/28\/call-for-papers-iii-convegno-cispels\/\"},\"author\":{\"name\":\"Alexandre Sbabo\",\"@id\":\"https:\/\/asso.unilim.fr\/fedros\/es\/#\/schema\/person\/e2e0f392f724e07955f38d52a2bf2d98\"},\"headline\":\"Call for Contributions &#8211; III Convegno CISPELS\",\"datePublished\":\"2025-01-28T15:03:34+00:00\",\"dateModified\":\"2025-01-28T15:33:26+00:00\",\"mainEntityOfPage\":{\"@id\":\"https:\/\/asso.unilim.fr\/fedros\/it\/2025\/01\/28\/call-for-papers-iii-convegno-cispels\/\"},\"wordCount\":347,\"publisher\":{\"@id\":\"https:\/\/asso.unilim.fr\/fedros\/es\/#organization\"},\"articleSection\":[\"Attualit\u00e0\"],\"inLanguage\":\"it-IT\"},{\"@type\":\"WebPage\",\"@id\":\"https:\/\/asso.unilim.fr\/fedros\/it\/2025\/01\/28\/call-for-papers-iii-convegno-cispels\/\",\"url\":\"https:\/\/asso.unilim.fr\/fedros\/it\/2025\/01\/28\/call-for-papers-iii-convegno-cispels\/\",\"name\":\"Call for Contributions - III Convegno CISPELS - F\u00e9d\u00e9ration Romane de S\u00e9miotique\",\"isPartOf\":{\"@id\":\"https:\/\/asso.unilim.fr\/fedros\/es\/#website\"},\"datePublished\":\"2025-01-28T15:03:34+00:00\",\"dateModified\":\"2025-01-28T15:33:26+00:00\",\"breadcrumb\":{\"@id\":\"https:\/\/asso.unilim.fr\/fedros\/it\/2025\/01\/28\/call-for-papers-iii-convegno-cispels\/#breadcrumb\"},\"inLanguage\":\"it-IT\",\"potentialAction\":[{\"@type\":\"ReadAction\",\"target\":[\"https:\/\/asso.unilim.fr\/fedros\/it\/2025\/01\/28\/call-for-papers-iii-convegno-cispels\/\"]}]},{\"@type\":\"BreadcrumbList\",\"@id\":\"https:\/\/asso.unilim.fr\/fedros\/it\/2025\/01\/28\/call-for-papers-iii-convegno-cispels\/#breadcrumb\",\"itemListElement\":[{\"@type\":\"ListItem\",\"position\":1,\"name\":\"Accueil\",\"item\":\"https:\/\/asso.unilim.fr\/fedros\/\"},{\"@type\":\"ListItem\",\"position\":2,\"name\":\"Call for Contributions &#8211; III Convegno CISPELS\"}]},{\"@type\":\"WebSite\",\"@id\":\"https:\/\/asso.unilim.fr\/fedros\/es\/#website\",\"url\":\"https:\/\/asso.unilim.fr\/fedros\/es\/\",\"name\":\"F\u00e9d\u00e9ration Romane de S\u00e9miotique\",\"description\":\"\",\"publisher\":{\"@id\":\"https:\/\/asso.unilim.fr\/fedros\/es\/#organization\"},\"potentialAction\":[{\"@type\":\"SearchAction\",\"target\":{\"@type\":\"EntryPoint\",\"urlTemplate\":\"https:\/\/asso.unilim.fr\/fedros\/es\/?s={search_term_string}\"},\"query-input\":{\"@type\":\"PropertyValueSpecification\",\"valueRequired\":true,\"valueName\":\"search_term_string\"}}],\"inLanguage\":\"it-IT\"},{\"@type\":\"Organization\",\"@id\":\"https:\/\/asso.unilim.fr\/fedros\/es\/#organization\",\"name\":\"F\u00e9d\u00e9ration Romane de S\u00e9miotique\",\"url\":\"https:\/\/asso.unilim.fr\/fedros\/es\/\",\"logo\":{\"@type\":\"ImageObject\",\"inLanguage\":\"it-IT\",\"@id\":\"https:\/\/asso.unilim.fr\/fedros\/es\/#\/schema\/logo\/image\/\",\"url\":\"https:\/\/asso.unilim.fr\/fedros\/wp-content\/uploads\/sites\/12\/2020\/04\/FRSLOGO-sans-nom.png\",\"contentUrl\":\"https:\/\/asso.unilim.fr\/fedros\/wp-content\/uploads\/sites\/12\/2020\/04\/FRSLOGO-sans-nom.png\",\"width\":624,\"height\":624,\"caption\":\"F\u00e9d\u00e9ration Romane de S\u00e9miotique\"},\"image\":{\"@id\":\"https:\/\/asso.unilim.fr\/fedros\/es\/#\/schema\/logo\/image\/\"},\"sameAs\":[\"https:\/\/www.facebook.com\/fedrosemioticaromanza\",\"https:\/\/www.youtube.com\/channel\/UCaCtzbiSKoIKaZlc9DErntA\"]},{\"@type\":\"Person\",\"@id\":\"https:\/\/asso.unilim.fr\/fedros\/es\/#\/schema\/person\/e2e0f392f724e07955f38d52a2bf2d98\",\"name\":\"Alexandre Sbabo\",\"image\":{\"@type\":\"ImageObject\",\"inLanguage\":\"it-IT\",\"@id\":\"https:\/\/asso.unilim.fr\/fedros\/es\/#\/schema\/person\/image\/\",\"url\":\"https:\/\/secure.gravatar.com\/avatar\/140499782430ebcf3321aef513f34a484742d792a6b33d1fcfa03098253e262b?s=96&d=mm&r=g\",\"contentUrl\":\"https:\/\/secure.gravatar.com\/avatar\/140499782430ebcf3321aef513f34a484742d792a6b33d1fcfa03098253e262b?s=96&d=mm&r=g\",\"caption\":\"Alexandre Sbabo\"}}]}<\/script>\n<!-- \/ Yoast SEO plugin. -->","yoast_head_json":{"title":"Call for Contributions - III Convegno CISPELS - F\u00e9d\u00e9ration Romane de S\u00e9miotique","robots":{"index":"index","follow":"follow","max-snippet":"max-snippet:-1","max-image-preview":"max-image-preview:large","max-video-preview":"max-video-preview:-1"},"canonical":"https:\/\/asso.unilim.fr\/fedros\/it\/2025\/01\/28\/call-for-papers-iii-convegno-cispels\/","og_locale":"it_IT","og_type":"article","og_title":"Call for Contributions - III Convegno CISPELS - F\u00e9d\u00e9ration Romane de S\u00e9miotique","og_description":"CISPELS III Universit\u00e0 della Calabria, 9\u201311 ottobre 2025 Call for Papers STORIE DEL SIGNIFICATO: il \u201csecolo semantico\u201d e le sue radici &nbsp; \u201cSignificato\u201d \u00e8 uno dei termini pi\u00f9 controversi della linguistica, anzitutto nella sua dimensione storica. Da un lato, il focus sul significato (e sulla sua natura pubblica\/oggettiva) \u00e8 la cifra del pensiero linguistico del [&hellip;]","og_url":"https:\/\/asso.unilim.fr\/fedros\/it\/2025\/01\/28\/call-for-papers-iii-convegno-cispels\/","og_site_name":"F\u00e9d\u00e9ration Romane de S\u00e9miotique","article_publisher":"https:\/\/www.facebook.com\/fedrosemioticaromanza","article_published_time":"2025-01-28T15:03:34+00:00","article_modified_time":"2025-01-28T15:33:26+00:00","author":"Alexandre Sbabo","twitter_card":"summary_large_image","twitter_misc":{"Written by":"Alexandre Sbabo","Est. reading time":"2 minutes"},"schema":{"@context":"https:\/\/schema.org","@graph":[{"@type":"Article","@id":"https:\/\/asso.unilim.fr\/fedros\/it\/2025\/01\/28\/call-for-papers-iii-convegno-cispels\/#article","isPartOf":{"@id":"https:\/\/asso.unilim.fr\/fedros\/it\/2025\/01\/28\/call-for-papers-iii-convegno-cispels\/"},"author":{"name":"Alexandre Sbabo","@id":"https:\/\/asso.unilim.fr\/fedros\/es\/#\/schema\/person\/e2e0f392f724e07955f38d52a2bf2d98"},"headline":"Call for Contributions &#8211; III Convegno CISPELS","datePublished":"2025-01-28T15:03:34+00:00","dateModified":"2025-01-28T15:33:26+00:00","mainEntityOfPage":{"@id":"https:\/\/asso.unilim.fr\/fedros\/it\/2025\/01\/28\/call-for-papers-iii-convegno-cispels\/"},"wordCount":347,"publisher":{"@id":"https:\/\/asso.unilim.fr\/fedros\/es\/#organization"},"articleSection":["Attualit\u00e0"],"inLanguage":"it-IT"},{"@type":"WebPage","@id":"https:\/\/asso.unilim.fr\/fedros\/it\/2025\/01\/28\/call-for-papers-iii-convegno-cispels\/","url":"https:\/\/asso.unilim.fr\/fedros\/it\/2025\/01\/28\/call-for-papers-iii-convegno-cispels\/","name":"Call for Contributions - III Convegno CISPELS - F\u00e9d\u00e9ration Romane de S\u00e9miotique","isPartOf":{"@id":"https:\/\/asso.unilim.fr\/fedros\/es\/#website"},"datePublished":"2025-01-28T15:03:34+00:00","dateModified":"2025-01-28T15:33:26+00:00","breadcrumb":{"@id":"https:\/\/asso.unilim.fr\/fedros\/it\/2025\/01\/28\/call-for-papers-iii-convegno-cispels\/#breadcrumb"},"inLanguage":"it-IT","potentialAction":[{"@type":"ReadAction","target":["https:\/\/asso.unilim.fr\/fedros\/it\/2025\/01\/28\/call-for-papers-iii-convegno-cispels\/"]}]},{"@type":"BreadcrumbList","@id":"https:\/\/asso.unilim.fr\/fedros\/it\/2025\/01\/28\/call-for-papers-iii-convegno-cispels\/#breadcrumb","itemListElement":[{"@type":"ListItem","position":1,"name":"Accueil","item":"https:\/\/asso.unilim.fr\/fedros\/"},{"@type":"ListItem","position":2,"name":"Call for Contributions &#8211; III Convegno CISPELS"}]},{"@type":"WebSite","@id":"https:\/\/asso.unilim.fr\/fedros\/es\/#website","url":"https:\/\/asso.unilim.fr\/fedros\/es\/","name":"F\u00e9d\u00e9ration Romane de S\u00e9miotique","description":"","publisher":{"@id":"https:\/\/asso.unilim.fr\/fedros\/es\/#organization"},"potentialAction":[{"@type":"SearchAction","target":{"@type":"EntryPoint","urlTemplate":"https:\/\/asso.unilim.fr\/fedros\/es\/?s={search_term_string}"},"query-input":{"@type":"PropertyValueSpecification","valueRequired":true,"valueName":"search_term_string"}}],"inLanguage":"it-IT"},{"@type":"Organization","@id":"https:\/\/asso.unilim.fr\/fedros\/es\/#organization","name":"F\u00e9d\u00e9ration Romane de S\u00e9miotique","url":"https:\/\/asso.unilim.fr\/fedros\/es\/","logo":{"@type":"ImageObject","inLanguage":"it-IT","@id":"https:\/\/asso.unilim.fr\/fedros\/es\/#\/schema\/logo\/image\/","url":"https:\/\/asso.unilim.fr\/fedros\/wp-content\/uploads\/sites\/12\/2020\/04\/FRSLOGO-sans-nom.png","contentUrl":"https:\/\/asso.unilim.fr\/fedros\/wp-content\/uploads\/sites\/12\/2020\/04\/FRSLOGO-sans-nom.png","width":624,"height":624,"caption":"F\u00e9d\u00e9ration Romane de S\u00e9miotique"},"image":{"@id":"https:\/\/asso.unilim.fr\/fedros\/es\/#\/schema\/logo\/image\/"},"sameAs":["https:\/\/www.facebook.com\/fedrosemioticaromanza","https:\/\/www.youtube.com\/channel\/UCaCtzbiSKoIKaZlc9DErntA"]},{"@type":"Person","@id":"https:\/\/asso.unilim.fr\/fedros\/es\/#\/schema\/person\/e2e0f392f724e07955f38d52a2bf2d98","name":"Alexandre Sbabo","image":{"@type":"ImageObject","inLanguage":"it-IT","@id":"https:\/\/asso.unilim.fr\/fedros\/es\/#\/schema\/person\/image\/","url":"https:\/\/secure.gravatar.com\/avatar\/140499782430ebcf3321aef513f34a484742d792a6b33d1fcfa03098253e262b?s=96&d=mm&r=g","contentUrl":"https:\/\/secure.gravatar.com\/avatar\/140499782430ebcf3321aef513f34a484742d792a6b33d1fcfa03098253e262b?s=96&d=mm&r=g","caption":"Alexandre Sbabo"}}]}},"_links":{"self":[{"href":"https:\/\/asso.unilim.fr\/fedros\/it\/wp-json\/wp\/v2\/posts\/10100","targetHints":{"allow":["GET"]}}],"collection":[{"href":"https:\/\/asso.unilim.fr\/fedros\/it\/wp-json\/wp\/v2\/posts"}],"about":[{"href":"https:\/\/asso.unilim.fr\/fedros\/it\/wp-json\/wp\/v2\/types\/post"}],"author":[{"embeddable":true,"href":"https:\/\/asso.unilim.fr\/fedros\/it\/wp-json\/wp\/v2\/users\/104"}],"replies":[{"embeddable":true,"href":"https:\/\/asso.unilim.fr\/fedros\/it\/wp-json\/wp\/v2\/comments?post=10100"}],"version-history":[{"count":1,"href":"https:\/\/asso.unilim.fr\/fedros\/it\/wp-json\/wp\/v2\/posts\/10100\/revisions"}],"predecessor-version":[{"id":10123,"href":"https:\/\/asso.unilim.fr\/fedros\/it\/wp-json\/wp\/v2\/posts\/10100\/revisions\/10123"}],"wp:attachment":[{"href":"https:\/\/asso.unilim.fr\/fedros\/it\/wp-json\/wp\/v2\/media?parent=10100"}],"wp:term":[{"taxonomy":"category","embeddable":true,"href":"https:\/\/asso.unilim.fr\/fedros\/it\/wp-json\/wp\/v2\/categories?post=10100"},{"taxonomy":"post_tag","embeddable":true,"href":"https:\/\/asso.unilim.fr\/fedros\/it\/wp-json\/wp\/v2\/tags?post=10100"}],"curies":[{"name":"wp","href":"https:\/\/api.w.org\/{rel}","templated":true}]}}