{"id":1784,"date":"2020-05-30T15:20:10","date_gmt":"2020-05-30T13:20:10","guid":{"rendered":"http:\/\/asso.unilim.fr\/fedros\/2020\/05\/30\/gianfranco-marrone\/"},"modified":"2020-05-30T15:20:10","modified_gmt":"2020-05-30T13:20:10","slug":"gianfranco-marrone","status":"publish","type":"post","link":"https:\/\/asso.unilim.fr\/fedros\/es\/2020\/05\/30\/gianfranco-marrone\/","title":{"rendered":"Gianfranco Marrone &#8211; Directeur du Centro Internazionale di Scienze Semiotiche di Urbino"},"content":{"rendered":"<p><span style=\"font-style: inherit;font-weight: inherit\">Gianfranco Marrone est le nouveau Directeur du Centro Internazionale di Scienze Semiotiche di Urbino:<\/span> <a style=\"font-style: inherit;font-weight: inherit\" href=\"https:\/\/semiotica.uniurb.it\/\" data-auth=\"NotApplicable\">https:\/\/semiotica.uniurb.it\/<\/a><span style=\"font-style: inherit;font-weight: inherit\"> . Il succ\u00e8de \u00e0 Paolo Fabbri, d\u00e9c\u00e9d\u00e9 le 2 juin 2020.<\/span><\/p>\n<p><span style=\"font-style: inherit;font-weight: inherit\">Gianfranco Marrone est professeur de S\u00e9miotique \u00e0 l\u2019Universit\u00e9 de Palerme (Italie). Ses travaux de recherches, orient\u00e9s en socio-s\u00e9miotique et avec un fort ancrage philosophique, portent sur la communication m\u00e9diatique, l\u2019esth\u00e9tique et la th\u00e9orie litt\u00e9raire. Il a d\u00e9velopp\u00e9 et poursuit des recherches tr\u00e8s importantes appliqu\u00e9es \u00e0 la ville, \u00e0 la t\u00e9l\u00e9vision, au journalisme, \u00e0 la publicit\u00e9, \u00e0 la politique, \u00e0 la cuisine et \u00e0 la nourriture. Il est \u00e9galement consultant pour des entreprises priv\u00e9es et institutions publiques.<\/span><\/p>\n<p>&nbsp;<\/p>\n<p><span style=\"font-style: inherit;font-weight: inherit\">En plus de son universit\u00e9 actuelle, Gianfranco Marrone a enseign\u00e9 dans plusieurs autres Universit\u00e9s : Bologne et Milan (Italie), Limoges (France), S\u00e3o Paulo (Br\u00e9sil), Bogot\u00e0 (Colombia), Mekn\u00e8s (Maroc) et Yv\u00e4skyla (Finlande): <a href=\"http:\/\/www.gianfrancomarrone.it\/index_fra.php\" data-auth=\"NotApplicable\">http:\/\/www.gianfrancomarrone.it\/index_fra.php<\/a><\/span><\/p>\n","protected":false},"excerpt":{"rendered":"<p>Gianfranco Marrone est le nouveau Directeur du Centro Internazionale di Scienze Semiotiche di Urbino: https:\/\/semiotica.uniurb.it\/ . Il succ\u00e8de \u00e0 Paolo Fabbri, d\u00e9c\u00e9d\u00e9 le 2 juin 2020. Gianfranco Marrone est professeur de S\u00e9miotique \u00e0 l\u2019Universit\u00e9 de Palerme (Italie). Ses travaux de recherches, orient\u00e9s en socio-s\u00e9miotique et avec un fort ancrage philosophique, portent sur la communication m\u00e9diatique, [&hellip;]<\/p>\n","protected":false},"author":104,"featured_media":1771,"comment_status":"open","ping_status":"open","sticky":false,"template":"","format":"standard","meta":{"footnotes":""},"categories":[58],"tags":[],"class_list":["post-1784","post","type-post","status-publish","format-standard","has-post-thumbnail","hentry","category-actualidades"],"yoast_head":"<!-- This site is optimized with the Yoast SEO plugin v26.3 - https:\/\/yoast.com\/wordpress\/plugins\/seo\/ -->\n<title>Gianfranco Marrone - Directeur du Centro Internazionale di Scienze Semiotiche di Urbino - F\u00e9d\u00e9ration Romane de S\u00e9miotique<\/title>\n<meta name=\"robots\" content=\"index, follow, max-snippet:-1, max-image-preview:large, max-video-preview:-1\" \/>\n<link rel=\"canonical\" href=\"https:\/\/asso.unilim.fr\/fedros\/es\/2020\/05\/30\/gianfranco-marrone\/\" \/>\n<meta property=\"og:locale\" content=\"es_ES\" \/>\n<meta property=\"og:type\" content=\"article\" \/>\n<meta property=\"og:title\" content=\"Gianfranco Marrone - Directeur du Centro Internazionale di Scienze Semiotiche di Urbino - F\u00e9d\u00e9ration Romane de S\u00e9miotique\" \/>\n<meta property=\"og:description\" content=\"Gianfranco Marrone est le nouveau Directeur du Centro Internazionale di Scienze Semiotiche di Urbino: https:\/\/semiotica.uniurb.it\/ . Il succ\u00e8de \u00e0 Paolo Fabbri, d\u00e9c\u00e9d\u00e9 le 2 juin 2020. Gianfranco Marrone est professeur de S\u00e9miotique \u00e0 l\u2019Universit\u00e9 de Palerme (Italie). Ses travaux de recherches, orient\u00e9s en socio-s\u00e9miotique et avec un fort ancrage philosophique, portent sur la communication m\u00e9diatique, [&hellip;]\" \/>\n<meta property=\"og:url\" content=\"https:\/\/asso.unilim.fr\/fedros\/es\/2020\/05\/30\/gianfranco-marrone\/\" \/>\n<meta property=\"og:site_name\" content=\"F\u00e9d\u00e9ration Romane de S\u00e9miotique\" \/>\n<meta property=\"article:publisher\" content=\"https:\/\/www.facebook.com\/fedrosemioticaromanza\" \/>\n<meta property=\"article:published_time\" content=\"2020-05-30T13:20:10+00:00\" \/>\n<meta property=\"og:image\" content=\"https:\/\/asso.unilim.fr\/fedros\/wp-content\/uploads\/sites\/12\/2020\/06\/Marrone.jpg\" \/>\n\t<meta property=\"og:image:width\" content=\"1164\" \/>\n\t<meta property=\"og:image:height\" content=\"1125\" \/>\n\t<meta property=\"og:image:type\" content=\"image\/jpeg\" \/>\n<meta name=\"author\" content=\"Alexandre Sbabo\" \/>\n<meta name=\"twitter:card\" content=\"summary_large_image\" \/>\n<meta name=\"twitter:label1\" content=\"Written by\" \/>\n\t<meta name=\"twitter:data1\" content=\"Alexandre Sbabo\" \/>\n\t<meta name=\"twitter:label2\" content=\"Est. reading time\" \/>\n\t<meta name=\"twitter:data2\" content=\"1 minute\" \/>\n<script type=\"application\/ld+json\" class=\"yoast-schema-graph\">{\"@context\":\"https:\/\/schema.org\",\"@graph\":[{\"@type\":\"Article\",\"@id\":\"https:\/\/asso.unilim.fr\/fedros\/es\/2020\/05\/30\/gianfranco-marrone\/#article\",\"isPartOf\":{\"@id\":\"https:\/\/asso.unilim.fr\/fedros\/es\/2020\/05\/30\/gianfranco-marrone\/\"},\"author\":{\"name\":\"Alexandre Sbabo\",\"@id\":\"https:\/\/asso.unilim.fr\/fedros\/es\/#\/schema\/person\/e2e0f392f724e07955f38d52a2bf2d98\"},\"headline\":\"Gianfranco Marrone &#8211; Directeur du Centro Internazionale di Scienze Semiotiche di Urbino\",\"datePublished\":\"2020-05-30T13:20:10+00:00\",\"mainEntityOfPage\":{\"@id\":\"https:\/\/asso.unilim.fr\/fedros\/es\/2020\/05\/30\/gianfranco-marrone\/\"},\"wordCount\":167,\"commentCount\":0,\"publisher\":{\"@id\":\"https:\/\/asso.unilim.fr\/fedros\/es\/#organization\"},\"image\":{\"@id\":\"https:\/\/asso.unilim.fr\/fedros\/es\/2020\/05\/30\/gianfranco-marrone\/#primaryimage\"},\"thumbnailUrl\":\"https:\/\/asso.unilim.fr\/fedros\/wp-content\/uploads\/sites\/12\/2020\/06\/Marrone.jpg\",\"articleSection\":[\"Actualidades\"],\"inLanguage\":\"es-ES\",\"potentialAction\":[{\"@type\":\"CommentAction\",\"name\":\"Comment\",\"target\":[\"https:\/\/asso.unilim.fr\/fedros\/es\/2020\/05\/30\/gianfranco-marrone\/#respond\"]}]},{\"@type\":\"WebPage\",\"@id\":\"https:\/\/asso.unilim.fr\/fedros\/es\/2020\/05\/30\/gianfranco-marrone\/\",\"url\":\"https:\/\/asso.unilim.fr\/fedros\/es\/2020\/05\/30\/gianfranco-marrone\/\",\"name\":\"Gianfranco Marrone - Directeur du Centro Internazionale di Scienze Semiotiche di Urbino - F\u00e9d\u00e9ration Romane de S\u00e9miotique\",\"isPartOf\":{\"@id\":\"https:\/\/asso.unilim.fr\/fedros\/es\/#website\"},\"primaryImageOfPage\":{\"@id\":\"https:\/\/asso.unilim.fr\/fedros\/es\/2020\/05\/30\/gianfranco-marrone\/#primaryimage\"},\"image\":{\"@id\":\"https:\/\/asso.unilim.fr\/fedros\/es\/2020\/05\/30\/gianfranco-marrone\/#primaryimage\"},\"thumbnailUrl\":\"https:\/\/asso.unilim.fr\/fedros\/wp-content\/uploads\/sites\/12\/2020\/06\/Marrone.jpg\",\"datePublished\":\"2020-05-30T13:20:10+00:00\",\"breadcrumb\":{\"@id\":\"https:\/\/asso.unilim.fr\/fedros\/es\/2020\/05\/30\/gianfranco-marrone\/#breadcrumb\"},\"inLanguage\":\"es-ES\",\"potentialAction\":[{\"@type\":\"ReadAction\",\"target\":[\"https:\/\/asso.unilim.fr\/fedros\/es\/2020\/05\/30\/gianfranco-marrone\/\"]}]},{\"@type\":\"ImageObject\",\"inLanguage\":\"es-ES\",\"@id\":\"https:\/\/asso.unilim.fr\/fedros\/es\/2020\/05\/30\/gianfranco-marrone\/#primaryimage\",\"url\":\"https:\/\/asso.unilim.fr\/fedros\/wp-content\/uploads\/sites\/12\/2020\/06\/Marrone.jpg\",\"contentUrl\":\"https:\/\/asso.unilim.fr\/fedros\/wp-content\/uploads\/sites\/12\/2020\/06\/Marrone.jpg\",\"width\":1164,\"height\":1125},{\"@type\":\"BreadcrumbList\",\"@id\":\"https:\/\/asso.unilim.fr\/fedros\/es\/2020\/05\/30\/gianfranco-marrone\/#breadcrumb\",\"itemListElement\":[{\"@type\":\"ListItem\",\"position\":1,\"name\":\"Accueil\",\"item\":\"https:\/\/asso.unilim.fr\/fedros\/\"},{\"@type\":\"ListItem\",\"position\":2,\"name\":\"Gianfranco Marrone &#8211; Directeur du Centro Internazionale di Scienze Semiotiche di Urbino\"}]},{\"@type\":\"WebSite\",\"@id\":\"https:\/\/asso.unilim.fr\/fedros\/es\/#website\",\"url\":\"https:\/\/asso.unilim.fr\/fedros\/es\/\",\"name\":\"F\u00e9d\u00e9ration Romane de S\u00e9miotique\",\"description\":\"\",\"publisher\":{\"@id\":\"https:\/\/asso.unilim.fr\/fedros\/es\/#organization\"},\"potentialAction\":[{\"@type\":\"SearchAction\",\"target\":{\"@type\":\"EntryPoint\",\"urlTemplate\":\"https:\/\/asso.unilim.fr\/fedros\/es\/?s={search_term_string}\"},\"query-input\":{\"@type\":\"PropertyValueSpecification\",\"valueRequired\":true,\"valueName\":\"search_term_string\"}}],\"inLanguage\":\"es-ES\"},{\"@type\":\"Organization\",\"@id\":\"https:\/\/asso.unilim.fr\/fedros\/es\/#organization\",\"name\":\"F\u00e9d\u00e9ration Romane de S\u00e9miotique\",\"url\":\"https:\/\/asso.unilim.fr\/fedros\/es\/\",\"logo\":{\"@type\":\"ImageObject\",\"inLanguage\":\"es-ES\",\"@id\":\"https:\/\/asso.unilim.fr\/fedros\/es\/#\/schema\/logo\/image\/\",\"url\":\"https:\/\/asso.unilim.fr\/fedros\/wp-content\/uploads\/sites\/12\/2020\/04\/FRSLOGO-sans-nom.png\",\"contentUrl\":\"https:\/\/asso.unilim.fr\/fedros\/wp-content\/uploads\/sites\/12\/2020\/04\/FRSLOGO-sans-nom.png\",\"width\":624,\"height\":624,\"caption\":\"F\u00e9d\u00e9ration Romane de S\u00e9miotique\"},\"image\":{\"@id\":\"https:\/\/asso.unilim.fr\/fedros\/es\/#\/schema\/logo\/image\/\"},\"sameAs\":[\"https:\/\/www.facebook.com\/fedrosemioticaromanza\",\"https:\/\/www.youtube.com\/channel\/UCaCtzbiSKoIKaZlc9DErntA\"]},{\"@type\":\"Person\",\"@id\":\"https:\/\/asso.unilim.fr\/fedros\/es\/#\/schema\/person\/e2e0f392f724e07955f38d52a2bf2d98\",\"name\":\"Alexandre Sbabo\",\"image\":{\"@type\":\"ImageObject\",\"inLanguage\":\"es-ES\",\"@id\":\"https:\/\/asso.unilim.fr\/fedros\/es\/#\/schema\/person\/image\/\",\"url\":\"https:\/\/secure.gravatar.com\/avatar\/140499782430ebcf3321aef513f34a484742d792a6b33d1fcfa03098253e262b?s=96&d=mm&r=g\",\"contentUrl\":\"https:\/\/secure.gravatar.com\/avatar\/140499782430ebcf3321aef513f34a484742d792a6b33d1fcfa03098253e262b?s=96&d=mm&r=g\",\"caption\":\"Alexandre Sbabo\"}}]}<\/script>\n<!-- \/ Yoast SEO plugin. -->","yoast_head_json":{"title":"Gianfranco Marrone - Directeur du Centro Internazionale di Scienze Semiotiche di Urbino - F\u00e9d\u00e9ration Romane de S\u00e9miotique","robots":{"index":"index","follow":"follow","max-snippet":"max-snippet:-1","max-image-preview":"max-image-preview:large","max-video-preview":"max-video-preview:-1"},"canonical":"https:\/\/asso.unilim.fr\/fedros\/es\/2020\/05\/30\/gianfranco-marrone\/","og_locale":"es_ES","og_type":"article","og_title":"Gianfranco Marrone - Directeur du Centro Internazionale di Scienze Semiotiche di Urbino - F\u00e9d\u00e9ration Romane de S\u00e9miotique","og_description":"Gianfranco Marrone est le nouveau Directeur du Centro Internazionale di Scienze Semiotiche di Urbino: https:\/\/semiotica.uniurb.it\/ . Il succ\u00e8de \u00e0 Paolo Fabbri, d\u00e9c\u00e9d\u00e9 le 2 juin 2020. Gianfranco Marrone est professeur de S\u00e9miotique \u00e0 l\u2019Universit\u00e9 de Palerme (Italie). Ses travaux de recherches, orient\u00e9s en socio-s\u00e9miotique et avec un fort ancrage philosophique, portent sur la communication m\u00e9diatique, [&hellip;]","og_url":"https:\/\/asso.unilim.fr\/fedros\/es\/2020\/05\/30\/gianfranco-marrone\/","og_site_name":"F\u00e9d\u00e9ration Romane de S\u00e9miotique","article_publisher":"https:\/\/www.facebook.com\/fedrosemioticaromanza","article_published_time":"2020-05-30T13:20:10+00:00","og_image":[{"width":1164,"height":1125,"url":"https:\/\/asso.unilim.fr\/fedros\/wp-content\/uploads\/sites\/12\/2020\/06\/Marrone.jpg","type":"image\/jpeg"}],"author":"Alexandre Sbabo","twitter_card":"summary_large_image","twitter_misc":{"Written by":"Alexandre Sbabo","Est. reading time":"1 minute"},"schema":{"@context":"https:\/\/schema.org","@graph":[{"@type":"Article","@id":"https:\/\/asso.unilim.fr\/fedros\/es\/2020\/05\/30\/gianfranco-marrone\/#article","isPartOf":{"@id":"https:\/\/asso.unilim.fr\/fedros\/es\/2020\/05\/30\/gianfranco-marrone\/"},"author":{"name":"Alexandre Sbabo","@id":"https:\/\/asso.unilim.fr\/fedros\/es\/#\/schema\/person\/e2e0f392f724e07955f38d52a2bf2d98"},"headline":"Gianfranco Marrone &#8211; Directeur du Centro Internazionale di Scienze Semiotiche di Urbino","datePublished":"2020-05-30T13:20:10+00:00","mainEntityOfPage":{"@id":"https:\/\/asso.unilim.fr\/fedros\/es\/2020\/05\/30\/gianfranco-marrone\/"},"wordCount":167,"commentCount":0,"publisher":{"@id":"https:\/\/asso.unilim.fr\/fedros\/es\/#organization"},"image":{"@id":"https:\/\/asso.unilim.fr\/fedros\/es\/2020\/05\/30\/gianfranco-marrone\/#primaryimage"},"thumbnailUrl":"https:\/\/asso.unilim.fr\/fedros\/wp-content\/uploads\/sites\/12\/2020\/06\/Marrone.jpg","articleSection":["Actualidades"],"inLanguage":"es-ES","potentialAction":[{"@type":"CommentAction","name":"Comment","target":["https:\/\/asso.unilim.fr\/fedros\/es\/2020\/05\/30\/gianfranco-marrone\/#respond"]}]},{"@type":"WebPage","@id":"https:\/\/asso.unilim.fr\/fedros\/es\/2020\/05\/30\/gianfranco-marrone\/","url":"https:\/\/asso.unilim.fr\/fedros\/es\/2020\/05\/30\/gianfranco-marrone\/","name":"Gianfranco Marrone - Directeur du Centro Internazionale di Scienze Semiotiche di Urbino - F\u00e9d\u00e9ration Romane de S\u00e9miotique","isPartOf":{"@id":"https:\/\/asso.unilim.fr\/fedros\/es\/#website"},"primaryImageOfPage":{"@id":"https:\/\/asso.unilim.fr\/fedros\/es\/2020\/05\/30\/gianfranco-marrone\/#primaryimage"},"image":{"@id":"https:\/\/asso.unilim.fr\/fedros\/es\/2020\/05\/30\/gianfranco-marrone\/#primaryimage"},"thumbnailUrl":"https:\/\/asso.unilim.fr\/fedros\/wp-content\/uploads\/sites\/12\/2020\/06\/Marrone.jpg","datePublished":"2020-05-30T13:20:10+00:00","breadcrumb":{"@id":"https:\/\/asso.unilim.fr\/fedros\/es\/2020\/05\/30\/gianfranco-marrone\/#breadcrumb"},"inLanguage":"es-ES","potentialAction":[{"@type":"ReadAction","target":["https:\/\/asso.unilim.fr\/fedros\/es\/2020\/05\/30\/gianfranco-marrone\/"]}]},{"@type":"ImageObject","inLanguage":"es-ES","@id":"https:\/\/asso.unilim.fr\/fedros\/es\/2020\/05\/30\/gianfranco-marrone\/#primaryimage","url":"https:\/\/asso.unilim.fr\/fedros\/wp-content\/uploads\/sites\/12\/2020\/06\/Marrone.jpg","contentUrl":"https:\/\/asso.unilim.fr\/fedros\/wp-content\/uploads\/sites\/12\/2020\/06\/Marrone.jpg","width":1164,"height":1125},{"@type":"BreadcrumbList","@id":"https:\/\/asso.unilim.fr\/fedros\/es\/2020\/05\/30\/gianfranco-marrone\/#breadcrumb","itemListElement":[{"@type":"ListItem","position":1,"name":"Accueil","item":"https:\/\/asso.unilim.fr\/fedros\/"},{"@type":"ListItem","position":2,"name":"Gianfranco Marrone &#8211; Directeur du Centro Internazionale di Scienze Semiotiche di Urbino"}]},{"@type":"WebSite","@id":"https:\/\/asso.unilim.fr\/fedros\/es\/#website","url":"https:\/\/asso.unilim.fr\/fedros\/es\/","name":"F\u00e9d\u00e9ration Romane de S\u00e9miotique","description":"","publisher":{"@id":"https:\/\/asso.unilim.fr\/fedros\/es\/#organization"},"potentialAction":[{"@type":"SearchAction","target":{"@type":"EntryPoint","urlTemplate":"https:\/\/asso.unilim.fr\/fedros\/es\/?s={search_term_string}"},"query-input":{"@type":"PropertyValueSpecification","valueRequired":true,"valueName":"search_term_string"}}],"inLanguage":"es-ES"},{"@type":"Organization","@id":"https:\/\/asso.unilim.fr\/fedros\/es\/#organization","name":"F\u00e9d\u00e9ration Romane de S\u00e9miotique","url":"https:\/\/asso.unilim.fr\/fedros\/es\/","logo":{"@type":"ImageObject","inLanguage":"es-ES","@id":"https:\/\/asso.unilim.fr\/fedros\/es\/#\/schema\/logo\/image\/","url":"https:\/\/asso.unilim.fr\/fedros\/wp-content\/uploads\/sites\/12\/2020\/04\/FRSLOGO-sans-nom.png","contentUrl":"https:\/\/asso.unilim.fr\/fedros\/wp-content\/uploads\/sites\/12\/2020\/04\/FRSLOGO-sans-nom.png","width":624,"height":624,"caption":"F\u00e9d\u00e9ration Romane de S\u00e9miotique"},"image":{"@id":"https:\/\/asso.unilim.fr\/fedros\/es\/#\/schema\/logo\/image\/"},"sameAs":["https:\/\/www.facebook.com\/fedrosemioticaromanza","https:\/\/www.youtube.com\/channel\/UCaCtzbiSKoIKaZlc9DErntA"]},{"@type":"Person","@id":"https:\/\/asso.unilim.fr\/fedros\/es\/#\/schema\/person\/e2e0f392f724e07955f38d52a2bf2d98","name":"Alexandre Sbabo","image":{"@type":"ImageObject","inLanguage":"es-ES","@id":"https:\/\/asso.unilim.fr\/fedros\/es\/#\/schema\/person\/image\/","url":"https:\/\/secure.gravatar.com\/avatar\/140499782430ebcf3321aef513f34a484742d792a6b33d1fcfa03098253e262b?s=96&d=mm&r=g","contentUrl":"https:\/\/secure.gravatar.com\/avatar\/140499782430ebcf3321aef513f34a484742d792a6b33d1fcfa03098253e262b?s=96&d=mm&r=g","caption":"Alexandre Sbabo"}}]}},"_links":{"self":[{"href":"https:\/\/asso.unilim.fr\/fedros\/es\/wp-json\/wp\/v2\/posts\/1784","targetHints":{"allow":["GET"]}}],"collection":[{"href":"https:\/\/asso.unilim.fr\/fedros\/es\/wp-json\/wp\/v2\/posts"}],"about":[{"href":"https:\/\/asso.unilim.fr\/fedros\/es\/wp-json\/wp\/v2\/types\/post"}],"author":[{"embeddable":true,"href":"https:\/\/asso.unilim.fr\/fedros\/es\/wp-json\/wp\/v2\/users\/104"}],"replies":[{"embeddable":true,"href":"https:\/\/asso.unilim.fr\/fedros\/es\/wp-json\/wp\/v2\/comments?post=1784"}],"version-history":[{"count":0,"href":"https:\/\/asso.unilim.fr\/fedros\/es\/wp-json\/wp\/v2\/posts\/1784\/revisions"}],"wp:featuredmedia":[{"embeddable":true,"href":"https:\/\/asso.unilim.fr\/fedros\/es\/wp-json\/wp\/v2\/media\/1771"}],"wp:attachment":[{"href":"https:\/\/asso.unilim.fr\/fedros\/es\/wp-json\/wp\/v2\/media?parent=1784"}],"wp:term":[{"taxonomy":"category","embeddable":true,"href":"https:\/\/asso.unilim.fr\/fedros\/es\/wp-json\/wp\/v2\/categories?post=1784"},{"taxonomy":"post_tag","embeddable":true,"href":"https:\/\/asso.unilim.fr\/fedros\/es\/wp-json\/wp\/v2\/tags?post=1784"}],"curies":[{"name":"wp","href":"https:\/\/api.w.org\/{rel}","templated":true}]}}