{"id":12263,"date":"2026-04-28T16:36:38","date_gmt":"2026-04-28T14:36:38","guid":{"rendered":"https:\/\/asso.unilim.fr\/fedros\/2026\/04\/28\/appel-a-contributions-n5-de-pegasus\/"},"modified":"2026-04-28T16:41:02","modified_gmt":"2026-04-28T14:41:02","slug":"appel-a-contributions-n5-de-pegasus","status":"publish","type":"post","link":"https:\/\/asso.unilim.fr\/fedros\/es\/2026\/04\/28\/appel-a-contributions-n5-de-pegasus\/","title":{"rendered":"Appel \u00e0 contributions &#8211; N\u00b05 de\u00a0Pegasus"},"content":{"rendered":"<p style=\"text-align: center\"><strong>Appel \u00e0 contributions &#8211; N\u00b05 de\u00a0Pegasus<\/strong><\/p>\n<p>&nbsp;<\/p>\n<p>Nous avons le plaisir de vous transmettre l\u2019appel \u00e0 contributions du n\u00b05 de\u00a0<em>Pegasus<\/em>\u00a0publi\u00e9 aux \u00c9ditions Classiques Garnier qui sera consacr\u00e9 aux \u00ab Mythes, contes &amp; l\u00e9gendes \u00bb :\u00a0<a href=\"https:\/\/www.fabula.org\/actualites\/133970\/mythes-contes-amp-legendes-revue-pegasus-pour-un-laboratoire.html\">https:\/\/www.fabula.org\/actualites\/133970\/mythes-contes-amp-legendes-revue-pegasus-pour-un-laboratoire.html<\/a><\/p>\n<p>&nbsp;<\/p>\n<p>Les derniers et prochains num\u00e9ros de\u00a0<em>Pegasus\u00a0<\/em>:<\/p>\n<p>\u00ab Le personnage \u00bb (automne 2024)<\/p>\n<p>\u00ab Les formes textuelles \u00bb (automne 2025)<\/p>\n<p>\u00ab Style et rh\u00e9torique \u00bb (automne 2026)<\/p>\n<p>\u00ab Le r\u00e9cit \u00bb (automne 2027)<\/p>\n<p>&nbsp;<\/p>\n<p>Nous esp\u00e9rons que vous serez nombreuses et nombreux \u00e0 susciter de l\u2019int\u00e9r\u00eat.<\/p>\n","protected":false},"excerpt":{"rendered":"<p>Appel \u00e0 contributions &#8211; N\u00b05 de\u00a0Pegasus &nbsp; Nous avons le plaisir de vous transmettre l\u2019appel \u00e0 contributions du n\u00b05 de\u00a0Pegasus\u00a0publi\u00e9 aux \u00c9ditions Classiques Garnier qui sera consacr\u00e9 aux \u00ab Mythes, contes &amp; l\u00e9gendes \u00bb :\u00a0https:\/\/www.fabula.org\/actualites\/133970\/mythes-contes-amp-legendes-revue-pegasus-pour-un-laboratoire.html &nbsp; Les derniers et prochains num\u00e9ros de\u00a0Pegasus\u00a0: \u00ab Le personnage \u00bb (automne 2024) \u00ab Les formes textuelles \u00bb (automne 2025) [&hellip;]<\/p>\n","protected":false},"author":106,"featured_media":0,"comment_status":"closed","ping_status":"closed","sticky":false,"template":"","format":"standard","meta":{"footnotes":""},"categories":[58],"tags":[],"class_list":["post-12263","post","type-post","status-publish","format-standard","hentry","category-actualidades"],"yoast_head":"<!-- This site is optimized with the Yoast SEO plugin v26.3 - https:\/\/yoast.com\/wordpress\/plugins\/seo\/ -->\n<title>Appel \u00e0 contributions - N\u00b05 de\u00a0Pegasus - F\u00e9d\u00e9ration Romane de S\u00e9miotique<\/title>\n<meta name=\"robots\" content=\"index, follow, max-snippet:-1, max-image-preview:large, max-video-preview:-1\" \/>\n<link rel=\"canonical\" href=\"https:\/\/asso.unilim.fr\/fedros\/es\/2026\/04\/28\/appel-a-contributions-n5-de-pegasus\/\" \/>\n<meta property=\"og:locale\" content=\"es_ES\" \/>\n<meta property=\"og:type\" content=\"article\" \/>\n<meta property=\"og:title\" content=\"Appel \u00e0 contributions - N\u00b05 de\u00a0Pegasus - F\u00e9d\u00e9ration Romane de S\u00e9miotique\" \/>\n<meta property=\"og:description\" content=\"Appel \u00e0 contributions &#8211; N\u00b05 de\u00a0Pegasus &nbsp; Nous avons le plaisir de vous transmettre l\u2019appel \u00e0 contributions du n\u00b05 de\u00a0Pegasus\u00a0publi\u00e9 aux \u00c9ditions Classiques Garnier qui sera consacr\u00e9 aux \u00ab Mythes, contes &amp; l\u00e9gendes \u00bb :\u00a0https:\/\/www.fabula.org\/actualites\/133970\/mythes-contes-amp-legendes-revue-pegasus-pour-un-laboratoire.html &nbsp; Les derniers et prochains num\u00e9ros de\u00a0Pegasus\u00a0: \u00ab Le personnage \u00bb (automne 2024) \u00ab Les formes textuelles \u00bb (automne 2025) [&hellip;]\" \/>\n<meta property=\"og:url\" content=\"https:\/\/asso.unilim.fr\/fedros\/es\/2026\/04\/28\/appel-a-contributions-n5-de-pegasus\/\" \/>\n<meta property=\"og:site_name\" content=\"F\u00e9d\u00e9ration Romane de S\u00e9miotique\" \/>\n<meta property=\"article:publisher\" content=\"https:\/\/www.facebook.com\/fedrosemioticaromanza\" \/>\n<meta property=\"article:published_time\" content=\"2026-04-28T14:36:38+00:00\" \/>\n<meta property=\"article:modified_time\" content=\"2026-04-28T14:41:02+00:00\" \/>\n<meta name=\"author\" content=\"lasemioromane\" \/>\n<meta name=\"twitter:card\" content=\"summary_large_image\" \/>\n<meta name=\"twitter:label1\" content=\"Written by\" \/>\n\t<meta name=\"twitter:data1\" content=\"lasemioromane\" \/>\n<script type=\"application\/ld+json\" class=\"yoast-schema-graph\">{\"@context\":\"https:\/\/schema.org\",\"@graph\":[{\"@type\":\"Article\",\"@id\":\"https:\/\/asso.unilim.fr\/fedros\/es\/2026\/04\/28\/appel-a-contributions-n5-de-pegasus\/#article\",\"isPartOf\":{\"@id\":\"https:\/\/asso.unilim.fr\/fedros\/es\/2026\/04\/28\/appel-a-contributions-n5-de-pegasus\/\"},\"author\":{\"name\":\"lasemioromane\",\"@id\":\"https:\/\/asso.unilim.fr\/fedros\/es\/#\/schema\/person\/ef21117ecd321ea21cfdfda647ce99d6\"},\"headline\":\"Appel \u00e0 contributions &#8211; N\u00b05 de\u00a0Pegasus\",\"datePublished\":\"2026-04-28T14:36:38+00:00\",\"dateModified\":\"2026-04-28T14:41:02+00:00\",\"mainEntityOfPage\":{\"@id\":\"https:\/\/asso.unilim.fr\/fedros\/es\/2026\/04\/28\/appel-a-contributions-n5-de-pegasus\/\"},\"wordCount\":89,\"publisher\":{\"@id\":\"https:\/\/asso.unilim.fr\/fedros\/es\/#organization\"},\"articleSection\":[\"Actualidades\"],\"inLanguage\":\"es-ES\"},{\"@type\":\"WebPage\",\"@id\":\"https:\/\/asso.unilim.fr\/fedros\/es\/2026\/04\/28\/appel-a-contributions-n5-de-pegasus\/\",\"url\":\"https:\/\/asso.unilim.fr\/fedros\/es\/2026\/04\/28\/appel-a-contributions-n5-de-pegasus\/\",\"name\":\"Appel \u00e0 contributions - N\u00b05 de\u00a0Pegasus - F\u00e9d\u00e9ration Romane de S\u00e9miotique\",\"isPartOf\":{\"@id\":\"https:\/\/asso.unilim.fr\/fedros\/es\/#website\"},\"datePublished\":\"2026-04-28T14:36:38+00:00\",\"dateModified\":\"2026-04-28T14:41:02+00:00\",\"breadcrumb\":{\"@id\":\"https:\/\/asso.unilim.fr\/fedros\/es\/2026\/04\/28\/appel-a-contributions-n5-de-pegasus\/#breadcrumb\"},\"inLanguage\":\"es-ES\",\"potentialAction\":[{\"@type\":\"ReadAction\",\"target\":[\"https:\/\/asso.unilim.fr\/fedros\/es\/2026\/04\/28\/appel-a-contributions-n5-de-pegasus\/\"]}]},{\"@type\":\"BreadcrumbList\",\"@id\":\"https:\/\/asso.unilim.fr\/fedros\/es\/2026\/04\/28\/appel-a-contributions-n5-de-pegasus\/#breadcrumb\",\"itemListElement\":[{\"@type\":\"ListItem\",\"position\":1,\"name\":\"Accueil\",\"item\":\"https:\/\/asso.unilim.fr\/fedros\/\"},{\"@type\":\"ListItem\",\"position\":2,\"name\":\"Appel \u00e0 contributions &#8211; N\u00b05 de\u00a0Pegasus\"}]},{\"@type\":\"WebSite\",\"@id\":\"https:\/\/asso.unilim.fr\/fedros\/es\/#website\",\"url\":\"https:\/\/asso.unilim.fr\/fedros\/es\/\",\"name\":\"F\u00e9d\u00e9ration Romane de S\u00e9miotique\",\"description\":\"\",\"publisher\":{\"@id\":\"https:\/\/asso.unilim.fr\/fedros\/es\/#organization\"},\"potentialAction\":[{\"@type\":\"SearchAction\",\"target\":{\"@type\":\"EntryPoint\",\"urlTemplate\":\"https:\/\/asso.unilim.fr\/fedros\/es\/?s={search_term_string}\"},\"query-input\":{\"@type\":\"PropertyValueSpecification\",\"valueRequired\":true,\"valueName\":\"search_term_string\"}}],\"inLanguage\":\"es-ES\"},{\"@type\":\"Organization\",\"@id\":\"https:\/\/asso.unilim.fr\/fedros\/es\/#organization\",\"name\":\"F\u00e9d\u00e9ration Romane de S\u00e9miotique\",\"url\":\"https:\/\/asso.unilim.fr\/fedros\/es\/\",\"logo\":{\"@type\":\"ImageObject\",\"inLanguage\":\"es-ES\",\"@id\":\"https:\/\/asso.unilim.fr\/fedros\/es\/#\/schema\/logo\/image\/\",\"url\":\"https:\/\/asso.unilim.fr\/fedros\/wp-content\/uploads\/sites\/12\/2020\/04\/FRSLOGO-sans-nom.png\",\"contentUrl\":\"https:\/\/asso.unilim.fr\/fedros\/wp-content\/uploads\/sites\/12\/2020\/04\/FRSLOGO-sans-nom.png\",\"width\":624,\"height\":624,\"caption\":\"F\u00e9d\u00e9ration Romane de S\u00e9miotique\"},\"image\":{\"@id\":\"https:\/\/asso.unilim.fr\/fedros\/es\/#\/schema\/logo\/image\/\"},\"sameAs\":[\"https:\/\/www.facebook.com\/fedrosemioticaromanza\",\"https:\/\/www.youtube.com\/channel\/UCaCtzbiSKoIKaZlc9DErntA\"]},{\"@type\":\"Person\",\"@id\":\"https:\/\/asso.unilim.fr\/fedros\/es\/#\/schema\/person\/ef21117ecd321ea21cfdfda647ce99d6\",\"name\":\"lasemioromane\",\"image\":{\"@type\":\"ImageObject\",\"inLanguage\":\"es-ES\",\"@id\":\"https:\/\/asso.unilim.fr\/fedros\/es\/#\/schema\/person\/image\/\",\"url\":\"https:\/\/secure.gravatar.com\/avatar\/6fc84efb417c563523015fb5458871265f65893a440e48f5e77b416fc4cf81bc?s=96&d=mm&r=g\",\"contentUrl\":\"https:\/\/secure.gravatar.com\/avatar\/6fc84efb417c563523015fb5458871265f65893a440e48f5e77b416fc4cf81bc?s=96&d=mm&r=g\",\"caption\":\"lasemioromane\"}}]}<\/script>\n<!-- \/ Yoast SEO plugin. -->","yoast_head_json":{"title":"Appel \u00e0 contributions - N\u00b05 de\u00a0Pegasus - F\u00e9d\u00e9ration Romane de S\u00e9miotique","robots":{"index":"index","follow":"follow","max-snippet":"max-snippet:-1","max-image-preview":"max-image-preview:large","max-video-preview":"max-video-preview:-1"},"canonical":"https:\/\/asso.unilim.fr\/fedros\/es\/2026\/04\/28\/appel-a-contributions-n5-de-pegasus\/","og_locale":"es_ES","og_type":"article","og_title":"Appel \u00e0 contributions - N\u00b05 de\u00a0Pegasus - F\u00e9d\u00e9ration Romane de S\u00e9miotique","og_description":"Appel \u00e0 contributions &#8211; N\u00b05 de\u00a0Pegasus &nbsp; Nous avons le plaisir de vous transmettre l\u2019appel \u00e0 contributions du n\u00b05 de\u00a0Pegasus\u00a0publi\u00e9 aux \u00c9ditions Classiques Garnier qui sera consacr\u00e9 aux \u00ab Mythes, contes &amp; l\u00e9gendes \u00bb :\u00a0https:\/\/www.fabula.org\/actualites\/133970\/mythes-contes-amp-legendes-revue-pegasus-pour-un-laboratoire.html &nbsp; Les derniers et prochains num\u00e9ros de\u00a0Pegasus\u00a0: \u00ab Le personnage \u00bb (automne 2024) \u00ab Les formes textuelles \u00bb (automne 2025) [&hellip;]","og_url":"https:\/\/asso.unilim.fr\/fedros\/es\/2026\/04\/28\/appel-a-contributions-n5-de-pegasus\/","og_site_name":"F\u00e9d\u00e9ration Romane de S\u00e9miotique","article_publisher":"https:\/\/www.facebook.com\/fedrosemioticaromanza","article_published_time":"2026-04-28T14:36:38+00:00","article_modified_time":"2026-04-28T14:41:02+00:00","author":"lasemioromane","twitter_card":"summary_large_image","twitter_misc":{"Written by":"lasemioromane"},"schema":{"@context":"https:\/\/schema.org","@graph":[{"@type":"Article","@id":"https:\/\/asso.unilim.fr\/fedros\/es\/2026\/04\/28\/appel-a-contributions-n5-de-pegasus\/#article","isPartOf":{"@id":"https:\/\/asso.unilim.fr\/fedros\/es\/2026\/04\/28\/appel-a-contributions-n5-de-pegasus\/"},"author":{"name":"lasemioromane","@id":"https:\/\/asso.unilim.fr\/fedros\/es\/#\/schema\/person\/ef21117ecd321ea21cfdfda647ce99d6"},"headline":"Appel \u00e0 contributions &#8211; N\u00b05 de\u00a0Pegasus","datePublished":"2026-04-28T14:36:38+00:00","dateModified":"2026-04-28T14:41:02+00:00","mainEntityOfPage":{"@id":"https:\/\/asso.unilim.fr\/fedros\/es\/2026\/04\/28\/appel-a-contributions-n5-de-pegasus\/"},"wordCount":89,"publisher":{"@id":"https:\/\/asso.unilim.fr\/fedros\/es\/#organization"},"articleSection":["Actualidades"],"inLanguage":"es-ES"},{"@type":"WebPage","@id":"https:\/\/asso.unilim.fr\/fedros\/es\/2026\/04\/28\/appel-a-contributions-n5-de-pegasus\/","url":"https:\/\/asso.unilim.fr\/fedros\/es\/2026\/04\/28\/appel-a-contributions-n5-de-pegasus\/","name":"Appel \u00e0 contributions - N\u00b05 de\u00a0Pegasus - F\u00e9d\u00e9ration Romane de S\u00e9miotique","isPartOf":{"@id":"https:\/\/asso.unilim.fr\/fedros\/es\/#website"},"datePublished":"2026-04-28T14:36:38+00:00","dateModified":"2026-04-28T14:41:02+00:00","breadcrumb":{"@id":"https:\/\/asso.unilim.fr\/fedros\/es\/2026\/04\/28\/appel-a-contributions-n5-de-pegasus\/#breadcrumb"},"inLanguage":"es-ES","potentialAction":[{"@type":"ReadAction","target":["https:\/\/asso.unilim.fr\/fedros\/es\/2026\/04\/28\/appel-a-contributions-n5-de-pegasus\/"]}]},{"@type":"BreadcrumbList","@id":"https:\/\/asso.unilim.fr\/fedros\/es\/2026\/04\/28\/appel-a-contributions-n5-de-pegasus\/#breadcrumb","itemListElement":[{"@type":"ListItem","position":1,"name":"Accueil","item":"https:\/\/asso.unilim.fr\/fedros\/"},{"@type":"ListItem","position":2,"name":"Appel \u00e0 contributions &#8211; N\u00b05 de\u00a0Pegasus"}]},{"@type":"WebSite","@id":"https:\/\/asso.unilim.fr\/fedros\/es\/#website","url":"https:\/\/asso.unilim.fr\/fedros\/es\/","name":"F\u00e9d\u00e9ration Romane de S\u00e9miotique","description":"","publisher":{"@id":"https:\/\/asso.unilim.fr\/fedros\/es\/#organization"},"potentialAction":[{"@type":"SearchAction","target":{"@type":"EntryPoint","urlTemplate":"https:\/\/asso.unilim.fr\/fedros\/es\/?s={search_term_string}"},"query-input":{"@type":"PropertyValueSpecification","valueRequired":true,"valueName":"search_term_string"}}],"inLanguage":"es-ES"},{"@type":"Organization","@id":"https:\/\/asso.unilim.fr\/fedros\/es\/#organization","name":"F\u00e9d\u00e9ration Romane de S\u00e9miotique","url":"https:\/\/asso.unilim.fr\/fedros\/es\/","logo":{"@type":"ImageObject","inLanguage":"es-ES","@id":"https:\/\/asso.unilim.fr\/fedros\/es\/#\/schema\/logo\/image\/","url":"https:\/\/asso.unilim.fr\/fedros\/wp-content\/uploads\/sites\/12\/2020\/04\/FRSLOGO-sans-nom.png","contentUrl":"https:\/\/asso.unilim.fr\/fedros\/wp-content\/uploads\/sites\/12\/2020\/04\/FRSLOGO-sans-nom.png","width":624,"height":624,"caption":"F\u00e9d\u00e9ration Romane de S\u00e9miotique"},"image":{"@id":"https:\/\/asso.unilim.fr\/fedros\/es\/#\/schema\/logo\/image\/"},"sameAs":["https:\/\/www.facebook.com\/fedrosemioticaromanza","https:\/\/www.youtube.com\/channel\/UCaCtzbiSKoIKaZlc9DErntA"]},{"@type":"Person","@id":"https:\/\/asso.unilim.fr\/fedros\/es\/#\/schema\/person\/ef21117ecd321ea21cfdfda647ce99d6","name":"lasemioromane","image":{"@type":"ImageObject","inLanguage":"es-ES","@id":"https:\/\/asso.unilim.fr\/fedros\/es\/#\/schema\/person\/image\/","url":"https:\/\/secure.gravatar.com\/avatar\/6fc84efb417c563523015fb5458871265f65893a440e48f5e77b416fc4cf81bc?s=96&d=mm&r=g","contentUrl":"https:\/\/secure.gravatar.com\/avatar\/6fc84efb417c563523015fb5458871265f65893a440e48f5e77b416fc4cf81bc?s=96&d=mm&r=g","caption":"lasemioromane"}}]}},"_links":{"self":[{"href":"https:\/\/asso.unilim.fr\/fedros\/es\/wp-json\/wp\/v2\/posts\/12263","targetHints":{"allow":["GET"]}}],"collection":[{"href":"https:\/\/asso.unilim.fr\/fedros\/es\/wp-json\/wp\/v2\/posts"}],"about":[{"href":"https:\/\/asso.unilim.fr\/fedros\/es\/wp-json\/wp\/v2\/types\/post"}],"author":[{"embeddable":true,"href":"https:\/\/asso.unilim.fr\/fedros\/es\/wp-json\/wp\/v2\/users\/106"}],"replies":[{"embeddable":true,"href":"https:\/\/asso.unilim.fr\/fedros\/es\/wp-json\/wp\/v2\/comments?post=12263"}],"version-history":[{"count":1,"href":"https:\/\/asso.unilim.fr\/fedros\/es\/wp-json\/wp\/v2\/posts\/12263\/revisions"}],"predecessor-version":[{"id":12267,"href":"https:\/\/asso.unilim.fr\/fedros\/es\/wp-json\/wp\/v2\/posts\/12263\/revisions\/12267"}],"wp:attachment":[{"href":"https:\/\/asso.unilim.fr\/fedros\/es\/wp-json\/wp\/v2\/media?parent=12263"}],"wp:term":[{"taxonomy":"category","embeddable":true,"href":"https:\/\/asso.unilim.fr\/fedros\/es\/wp-json\/wp\/v2\/categories?post=12263"},{"taxonomy":"post_tag","embeddable":true,"href":"https:\/\/asso.unilim.fr\/fedros\/es\/wp-json\/wp\/v2\/tags?post=12263"}],"curies":[{"name":"wp","href":"https:\/\/api.w.org\/{rel}","templated":true}]}}