{"id":10819,"date":"2025-09-26T16:29:41","date_gmt":"2025-09-26T14:29:41","guid":{"rendered":"https:\/\/asso.unilim.fr\/fedros\/2025\/09\/26\/parution-revoir-film-experience-et-connaissance\/"},"modified":"2025-09-26T16:29:41","modified_gmt":"2025-09-26T14:29:41","slug":"parution-revoir-film-experience-et-connaissance","status":"publish","type":"post","link":"https:\/\/asso.unilim.fr\/fedros\/es\/2025\/09\/26\/parution-revoir-film-experience-et-connaissance\/","title":{"rendered":"Parution: Revoir Film, exp\u00e9rience et connaissance"},"content":{"rendered":"\r\n<p>Gian Maria TORE. Revoir Film, exp\u00e9rience et connaissance. Paris: Vrin, 2025<\/p>\r\n\r\n<p><strong><img loading=\"lazy\" decoding=\"async\" style=\"float: left;border-color: transparent\" src=\"https:\/\/asso.unilim.fr\/fedros\/wp-content\/uploads\/sites\/12\/2025\/09\/6376.1758855356.jpg\" width=\"200\" height=\"270\" border=\"20\" \/><\/strong><\/p>\r\n<p style=\"text-align: left\"><span style=\"font-size: revert;text-align: justify\"> Revoir aborde un film sur le mode de l\u2019affrontement. Ce n\u2019est pas une \u00e9tude sur un film, un travail d\u2019\u00e9rudition, l\u2019application d\u2019un savoir pr\u00e9alable. C\u2019est un face-\u00e0-face avec lui, la travers\u00e9e initiatique que chacun pourra r\u00e9aliser moyennant une s\u00e9rie de visionnages. Une \u00e9preuve en principe infinie.\r\nPar l\u2019\u0153uvre choisie \u2013 Eternal Sunshine of the Spotless Mind \u2013 cet essai c\u00e9l\u00e8bre l\u2019\u00e9cart qui se creuse sous nos yeux entre ce qu\u2019on a pu voir une premi\u00e8re fois et ce que l\u2019on voit et revoit. Ou entre un visionnage encore inabouti et sa \u00e9ni\u00e8me r\u00e9\u00e9laboration par la discussion et l\u2019imagination. Sa r\u00e9vision, sa modification continue, son alt\u00e9ration. Le livre que voici parcourt et reparcourt le film, et lui seul. Il propose une m\u00e9thode qui consiste \u00e0 d\u00e9fier et \u00e0 relancer sans rel\u00e2che le commentaire; un expos\u00e9 des gestes qui, \u00e0 eux seuls, construisent la connaissance. En somme, un manuel exp\u00e9rimental d\u2019analyse progressive et un \u00e9loge du travail de synth\u00e8se qu\u2019impose la rencontre avec toute \u0153uvre. <\/span><\/p>","protected":false},"excerpt":{"rendered":"<p>Gian Maria TORE. Revoir Film, exp\u00e9rience et connaissance. Paris: Vrin, 2025 Revoir aborde un film sur le mode de l\u2019affrontement. Ce n\u2019est pas une \u00e9tude sur un film, un travail d\u2019\u00e9rudition, l\u2019application d\u2019un savoir pr\u00e9alable. C\u2019est un face-\u00e0-face avec lui, la travers\u00e9e initiatique que chacun pourra r\u00e9aliser moyennant une s\u00e9rie de visionnages. Une \u00e9preuve en [&hellip;]<\/p>\n","protected":false},"author":106,"featured_media":0,"comment_status":"closed","ping_status":"closed","sticky":false,"template":"","format":"standard","meta":{"footnotes":""},"categories":[58],"tags":[],"class_list":["post-10819","post","type-post","status-publish","format-standard","hentry","category-actualidades"],"yoast_head":"<!-- This site is optimized with the Yoast SEO plugin v26.3 - https:\/\/yoast.com\/wordpress\/plugins\/seo\/ -->\n<title>Parution: Revoir Film, exp\u00e9rience et connaissance - F\u00e9d\u00e9ration Romane de S\u00e9miotique<\/title>\n<meta name=\"robots\" content=\"index, follow, max-snippet:-1, max-image-preview:large, max-video-preview:-1\" \/>\n<link rel=\"canonical\" href=\"https:\/\/asso.unilim.fr\/fedros\/es\/2025\/09\/26\/parution-revoir-film-experience-et-connaissance\/\" \/>\n<meta property=\"og:locale\" content=\"es_ES\" \/>\n<meta property=\"og:type\" content=\"article\" \/>\n<meta property=\"og:title\" content=\"Parution: Revoir Film, exp\u00e9rience et connaissance - F\u00e9d\u00e9ration Romane de S\u00e9miotique\" \/>\n<meta property=\"og:description\" content=\"Gian Maria TORE. Revoir Film, exp\u00e9rience et connaissance. Paris: Vrin, 2025 Revoir aborde un film sur le mode de l\u2019affrontement. Ce n\u2019est pas une \u00e9tude sur un film, un travail d\u2019\u00e9rudition, l\u2019application d\u2019un savoir pr\u00e9alable. C\u2019est un face-\u00e0-face avec lui, la travers\u00e9e initiatique que chacun pourra r\u00e9aliser moyennant une s\u00e9rie de visionnages. Une \u00e9preuve en [&hellip;]\" \/>\n<meta property=\"og:url\" content=\"https:\/\/asso.unilim.fr\/fedros\/es\/2025\/09\/26\/parution-revoir-film-experience-et-connaissance\/\" \/>\n<meta property=\"og:site_name\" content=\"F\u00e9d\u00e9ration Romane de S\u00e9miotique\" \/>\n<meta property=\"article:publisher\" content=\"https:\/\/www.facebook.com\/fedrosemioticaromanza\" \/>\n<meta property=\"article:published_time\" content=\"2025-09-26T14:29:41+00:00\" \/>\n<meta property=\"og:image\" content=\"https:\/\/asso.unilim.fr\/fedros\/wp-content\/uploads\/sites\/12\/2025\/09\/6376.1758855356.jpg\" \/>\n<meta name=\"author\" content=\"lasemioromane\" \/>\n<meta name=\"twitter:card\" content=\"summary_large_image\" \/>\n<meta name=\"twitter:label1\" content=\"Written by\" \/>\n\t<meta name=\"twitter:data1\" content=\"lasemioromane\" \/>\n\t<meta name=\"twitter:label2\" content=\"Est. reading time\" \/>\n\t<meta name=\"twitter:data2\" content=\"1 minute\" \/>\n<script type=\"application\/ld+json\" class=\"yoast-schema-graph\">{\"@context\":\"https:\/\/schema.org\",\"@graph\":[{\"@type\":\"Article\",\"@id\":\"https:\/\/asso.unilim.fr\/fedros\/es\/2025\/09\/26\/parution-revoir-film-experience-et-connaissance\/#article\",\"isPartOf\":{\"@id\":\"https:\/\/asso.unilim.fr\/fedros\/es\/2025\/09\/26\/parution-revoir-film-experience-et-connaissance\/\"},\"author\":{\"name\":\"lasemioromane\",\"@id\":\"https:\/\/asso.unilim.fr\/fedros\/es\/#\/schema\/person\/ef21117ecd321ea21cfdfda647ce99d6\"},\"headline\":\"Parution: Revoir Film, exp\u00e9rience et connaissance\",\"datePublished\":\"2025-09-26T14:29:41+00:00\",\"mainEntityOfPage\":{\"@id\":\"https:\/\/asso.unilim.fr\/fedros\/es\/2025\/09\/26\/parution-revoir-film-experience-et-connaissance\/\"},\"wordCount\":206,\"publisher\":{\"@id\":\"https:\/\/asso.unilim.fr\/fedros\/es\/#organization\"},\"image\":{\"@id\":\"https:\/\/asso.unilim.fr\/fedros\/es\/2025\/09\/26\/parution-revoir-film-experience-et-connaissance\/#primaryimage\"},\"thumbnailUrl\":\"https:\/\/asso.unilim.fr\/fedros\/wp-content\/uploads\/sites\/12\/2025\/09\/6376.1758855356.jpg\",\"articleSection\":[\"Actualidades\"],\"inLanguage\":\"es-ES\"},{\"@type\":\"WebPage\",\"@id\":\"https:\/\/asso.unilim.fr\/fedros\/es\/2025\/09\/26\/parution-revoir-film-experience-et-connaissance\/\",\"url\":\"https:\/\/asso.unilim.fr\/fedros\/es\/2025\/09\/26\/parution-revoir-film-experience-et-connaissance\/\",\"name\":\"Parution: Revoir Film, exp\u00e9rience et connaissance - F\u00e9d\u00e9ration Romane de S\u00e9miotique\",\"isPartOf\":{\"@id\":\"https:\/\/asso.unilim.fr\/fedros\/es\/#website\"},\"primaryImageOfPage\":{\"@id\":\"https:\/\/asso.unilim.fr\/fedros\/es\/2025\/09\/26\/parution-revoir-film-experience-et-connaissance\/#primaryimage\"},\"image\":{\"@id\":\"https:\/\/asso.unilim.fr\/fedros\/es\/2025\/09\/26\/parution-revoir-film-experience-et-connaissance\/#primaryimage\"},\"thumbnailUrl\":\"https:\/\/asso.unilim.fr\/fedros\/wp-content\/uploads\/sites\/12\/2025\/09\/6376.1758855356.jpg\",\"datePublished\":\"2025-09-26T14:29:41+00:00\",\"breadcrumb\":{\"@id\":\"https:\/\/asso.unilim.fr\/fedros\/es\/2025\/09\/26\/parution-revoir-film-experience-et-connaissance\/#breadcrumb\"},\"inLanguage\":\"es-ES\",\"potentialAction\":[{\"@type\":\"ReadAction\",\"target\":[\"https:\/\/asso.unilim.fr\/fedros\/es\/2025\/09\/26\/parution-revoir-film-experience-et-connaissance\/\"]}]},{\"@type\":\"ImageObject\",\"inLanguage\":\"es-ES\",\"@id\":\"https:\/\/asso.unilim.fr\/fedros\/es\/2025\/09\/26\/parution-revoir-film-experience-et-connaissance\/#primaryimage\",\"url\":\"https:\/\/asso.unilim.fr\/fedros\/wp-content\/uploads\/sites\/12\/2025\/09\/6376.1758855356.jpg\",\"contentUrl\":\"https:\/\/asso.unilim.fr\/fedros\/wp-content\/uploads\/sites\/12\/2025\/09\/6376.1758855356.jpg\"},{\"@type\":\"BreadcrumbList\",\"@id\":\"https:\/\/asso.unilim.fr\/fedros\/es\/2025\/09\/26\/parution-revoir-film-experience-et-connaissance\/#breadcrumb\",\"itemListElement\":[{\"@type\":\"ListItem\",\"position\":1,\"name\":\"Accueil\",\"item\":\"https:\/\/asso.unilim.fr\/fedros\/\"},{\"@type\":\"ListItem\",\"position\":2,\"name\":\"Parution: Revoir Film, exp\u00e9rience et connaissance\"}]},{\"@type\":\"WebSite\",\"@id\":\"https:\/\/asso.unilim.fr\/fedros\/es\/#website\",\"url\":\"https:\/\/asso.unilim.fr\/fedros\/es\/\",\"name\":\"F\u00e9d\u00e9ration Romane de S\u00e9miotique\",\"description\":\"\",\"publisher\":{\"@id\":\"https:\/\/asso.unilim.fr\/fedros\/es\/#organization\"},\"potentialAction\":[{\"@type\":\"SearchAction\",\"target\":{\"@type\":\"EntryPoint\",\"urlTemplate\":\"https:\/\/asso.unilim.fr\/fedros\/es\/?s={search_term_string}\"},\"query-input\":{\"@type\":\"PropertyValueSpecification\",\"valueRequired\":true,\"valueName\":\"search_term_string\"}}],\"inLanguage\":\"es-ES\"},{\"@type\":\"Organization\",\"@id\":\"https:\/\/asso.unilim.fr\/fedros\/es\/#organization\",\"name\":\"F\u00e9d\u00e9ration Romane de S\u00e9miotique\",\"url\":\"https:\/\/asso.unilim.fr\/fedros\/es\/\",\"logo\":{\"@type\":\"ImageObject\",\"inLanguage\":\"es-ES\",\"@id\":\"https:\/\/asso.unilim.fr\/fedros\/es\/#\/schema\/logo\/image\/\",\"url\":\"https:\/\/asso.unilim.fr\/fedros\/wp-content\/uploads\/sites\/12\/2020\/04\/FRSLOGO-sans-nom.png\",\"contentUrl\":\"https:\/\/asso.unilim.fr\/fedros\/wp-content\/uploads\/sites\/12\/2020\/04\/FRSLOGO-sans-nom.png\",\"width\":624,\"height\":624,\"caption\":\"F\u00e9d\u00e9ration Romane de S\u00e9miotique\"},\"image\":{\"@id\":\"https:\/\/asso.unilim.fr\/fedros\/es\/#\/schema\/logo\/image\/\"},\"sameAs\":[\"https:\/\/www.facebook.com\/fedrosemioticaromanza\",\"https:\/\/www.youtube.com\/channel\/UCaCtzbiSKoIKaZlc9DErntA\"]},{\"@type\":\"Person\",\"@id\":\"https:\/\/asso.unilim.fr\/fedros\/es\/#\/schema\/person\/ef21117ecd321ea21cfdfda647ce99d6\",\"name\":\"lasemioromane\",\"image\":{\"@type\":\"ImageObject\",\"inLanguage\":\"es-ES\",\"@id\":\"https:\/\/asso.unilim.fr\/fedros\/es\/#\/schema\/person\/image\/\",\"url\":\"https:\/\/secure.gravatar.com\/avatar\/6fc84efb417c563523015fb5458871265f65893a440e48f5e77b416fc4cf81bc?s=96&d=mm&r=g\",\"contentUrl\":\"https:\/\/secure.gravatar.com\/avatar\/6fc84efb417c563523015fb5458871265f65893a440e48f5e77b416fc4cf81bc?s=96&d=mm&r=g\",\"caption\":\"lasemioromane\"}}]}<\/script>\n<!-- \/ Yoast SEO plugin. -->","yoast_head_json":{"title":"Parution: Revoir Film, exp\u00e9rience et connaissance - F\u00e9d\u00e9ration Romane de S\u00e9miotique","robots":{"index":"index","follow":"follow","max-snippet":"max-snippet:-1","max-image-preview":"max-image-preview:large","max-video-preview":"max-video-preview:-1"},"canonical":"https:\/\/asso.unilim.fr\/fedros\/es\/2025\/09\/26\/parution-revoir-film-experience-et-connaissance\/","og_locale":"es_ES","og_type":"article","og_title":"Parution: Revoir Film, exp\u00e9rience et connaissance - F\u00e9d\u00e9ration Romane de S\u00e9miotique","og_description":"Gian Maria TORE. Revoir Film, exp\u00e9rience et connaissance. Paris: Vrin, 2025 Revoir aborde un film sur le mode de l\u2019affrontement. Ce n\u2019est pas une \u00e9tude sur un film, un travail d\u2019\u00e9rudition, l\u2019application d\u2019un savoir pr\u00e9alable. C\u2019est un face-\u00e0-face avec lui, la travers\u00e9e initiatique que chacun pourra r\u00e9aliser moyennant une s\u00e9rie de visionnages. Une \u00e9preuve en [&hellip;]","og_url":"https:\/\/asso.unilim.fr\/fedros\/es\/2025\/09\/26\/parution-revoir-film-experience-et-connaissance\/","og_site_name":"F\u00e9d\u00e9ration Romane de S\u00e9miotique","article_publisher":"https:\/\/www.facebook.com\/fedrosemioticaromanza","article_published_time":"2025-09-26T14:29:41+00:00","og_image":[{"url":"https:\/\/asso.unilim.fr\/fedros\/wp-content\/uploads\/sites\/12\/2025\/09\/6376.1758855356.jpg","type":"","width":"","height":""}],"author":"lasemioromane","twitter_card":"summary_large_image","twitter_misc":{"Written by":"lasemioromane","Est. reading time":"1 minute"},"schema":{"@context":"https:\/\/schema.org","@graph":[{"@type":"Article","@id":"https:\/\/asso.unilim.fr\/fedros\/es\/2025\/09\/26\/parution-revoir-film-experience-et-connaissance\/#article","isPartOf":{"@id":"https:\/\/asso.unilim.fr\/fedros\/es\/2025\/09\/26\/parution-revoir-film-experience-et-connaissance\/"},"author":{"name":"lasemioromane","@id":"https:\/\/asso.unilim.fr\/fedros\/es\/#\/schema\/person\/ef21117ecd321ea21cfdfda647ce99d6"},"headline":"Parution: Revoir Film, exp\u00e9rience et connaissance","datePublished":"2025-09-26T14:29:41+00:00","mainEntityOfPage":{"@id":"https:\/\/asso.unilim.fr\/fedros\/es\/2025\/09\/26\/parution-revoir-film-experience-et-connaissance\/"},"wordCount":206,"publisher":{"@id":"https:\/\/asso.unilim.fr\/fedros\/es\/#organization"},"image":{"@id":"https:\/\/asso.unilim.fr\/fedros\/es\/2025\/09\/26\/parution-revoir-film-experience-et-connaissance\/#primaryimage"},"thumbnailUrl":"https:\/\/asso.unilim.fr\/fedros\/wp-content\/uploads\/sites\/12\/2025\/09\/6376.1758855356.jpg","articleSection":["Actualidades"],"inLanguage":"es-ES"},{"@type":"WebPage","@id":"https:\/\/asso.unilim.fr\/fedros\/es\/2025\/09\/26\/parution-revoir-film-experience-et-connaissance\/","url":"https:\/\/asso.unilim.fr\/fedros\/es\/2025\/09\/26\/parution-revoir-film-experience-et-connaissance\/","name":"Parution: Revoir Film, exp\u00e9rience et connaissance - F\u00e9d\u00e9ration Romane de S\u00e9miotique","isPartOf":{"@id":"https:\/\/asso.unilim.fr\/fedros\/es\/#website"},"primaryImageOfPage":{"@id":"https:\/\/asso.unilim.fr\/fedros\/es\/2025\/09\/26\/parution-revoir-film-experience-et-connaissance\/#primaryimage"},"image":{"@id":"https:\/\/asso.unilim.fr\/fedros\/es\/2025\/09\/26\/parution-revoir-film-experience-et-connaissance\/#primaryimage"},"thumbnailUrl":"https:\/\/asso.unilim.fr\/fedros\/wp-content\/uploads\/sites\/12\/2025\/09\/6376.1758855356.jpg","datePublished":"2025-09-26T14:29:41+00:00","breadcrumb":{"@id":"https:\/\/asso.unilim.fr\/fedros\/es\/2025\/09\/26\/parution-revoir-film-experience-et-connaissance\/#breadcrumb"},"inLanguage":"es-ES","potentialAction":[{"@type":"ReadAction","target":["https:\/\/asso.unilim.fr\/fedros\/es\/2025\/09\/26\/parution-revoir-film-experience-et-connaissance\/"]}]},{"@type":"ImageObject","inLanguage":"es-ES","@id":"https:\/\/asso.unilim.fr\/fedros\/es\/2025\/09\/26\/parution-revoir-film-experience-et-connaissance\/#primaryimage","url":"https:\/\/asso.unilim.fr\/fedros\/wp-content\/uploads\/sites\/12\/2025\/09\/6376.1758855356.jpg","contentUrl":"https:\/\/asso.unilim.fr\/fedros\/wp-content\/uploads\/sites\/12\/2025\/09\/6376.1758855356.jpg"},{"@type":"BreadcrumbList","@id":"https:\/\/asso.unilim.fr\/fedros\/es\/2025\/09\/26\/parution-revoir-film-experience-et-connaissance\/#breadcrumb","itemListElement":[{"@type":"ListItem","position":1,"name":"Accueil","item":"https:\/\/asso.unilim.fr\/fedros\/"},{"@type":"ListItem","position":2,"name":"Parution: Revoir Film, exp\u00e9rience et connaissance"}]},{"@type":"WebSite","@id":"https:\/\/asso.unilim.fr\/fedros\/es\/#website","url":"https:\/\/asso.unilim.fr\/fedros\/es\/","name":"F\u00e9d\u00e9ration Romane de S\u00e9miotique","description":"","publisher":{"@id":"https:\/\/asso.unilim.fr\/fedros\/es\/#organization"},"potentialAction":[{"@type":"SearchAction","target":{"@type":"EntryPoint","urlTemplate":"https:\/\/asso.unilim.fr\/fedros\/es\/?s={search_term_string}"},"query-input":{"@type":"PropertyValueSpecification","valueRequired":true,"valueName":"search_term_string"}}],"inLanguage":"es-ES"},{"@type":"Organization","@id":"https:\/\/asso.unilim.fr\/fedros\/es\/#organization","name":"F\u00e9d\u00e9ration Romane de S\u00e9miotique","url":"https:\/\/asso.unilim.fr\/fedros\/es\/","logo":{"@type":"ImageObject","inLanguage":"es-ES","@id":"https:\/\/asso.unilim.fr\/fedros\/es\/#\/schema\/logo\/image\/","url":"https:\/\/asso.unilim.fr\/fedros\/wp-content\/uploads\/sites\/12\/2020\/04\/FRSLOGO-sans-nom.png","contentUrl":"https:\/\/asso.unilim.fr\/fedros\/wp-content\/uploads\/sites\/12\/2020\/04\/FRSLOGO-sans-nom.png","width":624,"height":624,"caption":"F\u00e9d\u00e9ration Romane de S\u00e9miotique"},"image":{"@id":"https:\/\/asso.unilim.fr\/fedros\/es\/#\/schema\/logo\/image\/"},"sameAs":["https:\/\/www.facebook.com\/fedrosemioticaromanza","https:\/\/www.youtube.com\/channel\/UCaCtzbiSKoIKaZlc9DErntA"]},{"@type":"Person","@id":"https:\/\/asso.unilim.fr\/fedros\/es\/#\/schema\/person\/ef21117ecd321ea21cfdfda647ce99d6","name":"lasemioromane","image":{"@type":"ImageObject","inLanguage":"es-ES","@id":"https:\/\/asso.unilim.fr\/fedros\/es\/#\/schema\/person\/image\/","url":"https:\/\/secure.gravatar.com\/avatar\/6fc84efb417c563523015fb5458871265f65893a440e48f5e77b416fc4cf81bc?s=96&d=mm&r=g","contentUrl":"https:\/\/secure.gravatar.com\/avatar\/6fc84efb417c563523015fb5458871265f65893a440e48f5e77b416fc4cf81bc?s=96&d=mm&r=g","caption":"lasemioromane"}}]}},"_links":{"self":[{"href":"https:\/\/asso.unilim.fr\/fedros\/es\/wp-json\/wp\/v2\/posts\/10819","targetHints":{"allow":["GET"]}}],"collection":[{"href":"https:\/\/asso.unilim.fr\/fedros\/es\/wp-json\/wp\/v2\/posts"}],"about":[{"href":"https:\/\/asso.unilim.fr\/fedros\/es\/wp-json\/wp\/v2\/types\/post"}],"author":[{"embeddable":true,"href":"https:\/\/asso.unilim.fr\/fedros\/es\/wp-json\/wp\/v2\/users\/106"}],"replies":[{"embeddable":true,"href":"https:\/\/asso.unilim.fr\/fedros\/es\/wp-json\/wp\/v2\/comments?post=10819"}],"version-history":[{"count":0,"href":"https:\/\/asso.unilim.fr\/fedros\/es\/wp-json\/wp\/v2\/posts\/10819\/revisions"}],"wp:attachment":[{"href":"https:\/\/asso.unilim.fr\/fedros\/es\/wp-json\/wp\/v2\/media?parent=10819"}],"wp:term":[{"taxonomy":"category","embeddable":true,"href":"https:\/\/asso.unilim.fr\/fedros\/es\/wp-json\/wp\/v2\/categories?post=10819"},{"taxonomy":"post_tag","embeddable":true,"href":"https:\/\/asso.unilim.fr\/fedros\/es\/wp-json\/wp\/v2\/tags?post=10819"}],"curies":[{"name":"wp","href":"https:\/\/api.w.org\/{rel}","templated":true}]}}