{"id":3263,"date":"2021-06-22T11:40:39","date_gmt":"2021-06-22T09:40:39","guid":{"rendered":"http:\/\/asso.unilim.fr\/fedros\/2021\/06\/22\/appel-a-communication-du-congres-de-lassociation-francaise-de-semiotique\/"},"modified":"2021-06-22T11:40:39","modified_gmt":"2021-06-22T09:40:39","slug":"appel-a-communication-du-congres-de-lassociation-francaise-de-semiotique","status":"publish","type":"post","link":"https:\/\/asso.unilim.fr\/fedros\/en\/2021\/06\/22\/appel-a-communication-du-congres-de-lassociation-francaise-de-semiotique\/","title":{"rendered":"Appel \u00e0 communication du Congr\u00e8s de l\u2019Association fran\u00e7aise de S\u00e9miotique"},"content":{"rendered":"<p>Nous avons le plaisir de vous informer du lancement de l\u2019appel \u00e0 communication pour le prochain congr\u00e8s de l\u2019Association fran\u00e7aise de S\u00e9miotique (AFS), <a href=\"http:\/\/afsemio.fr\/\" target=\"_blank\" rel=\"noopener noreferrer\" data-auth=\"NotApplicable\" data-linkindex=\"0\">http:\/\/afsemio.fr\/<\/a>, qui aura lieu \u00e0 l\u2019<strong>Universit\u00e9 de Limoges du 4 au 7 avril 2022<\/strong>. Cette \u00e9dition du congr\u00e8s, initialement pr\u00e9vue pour 2021, a \u00e9t\u00e9 report\u00e9e \u00e0 2022 \u00e0 cause de la situation sanitaire.<\/p>\n<p>Le th\u00e8me du congr\u00e8s est\u00a0:<\/p>\n<p><strong>\u00ab\u00a0Transitions\u00a0: \u00e9cologiques, num\u00e9riques, sociales, anthropologiques. Les sciences du sens \u00e0 l\u2019\u00e9preuve\u00a0\u00bb<\/strong>.<\/p>\n<p>La date limite pour l\u2019envoi des propositions de communication est le\u00a0<strong>15 octobre 2021<\/strong>.<\/p>\n<p>Les propositions seront envoy\u00e9es \u00e0 l\u2019adresse\u00a0:\u00a0<a href=\"mailto:afs.transitions2022@gmail.com\" target=\"_blank\" rel=\"noopener noreferrer\" data-auth=\"NotApplicable\" data-linkindex=\"1\">afs.transitions2022@gmail.com<\/a>.<\/p>\n<p>Nous vous invitons \u00e0 d\u00e9couvrir l\u2019argumentaire du congr\u00e8s, ainsi que les d\u00e9tails pratiques pour l\u2019envoi des propositions dans le <a href=\"https:\/\/asso.unilim.fr\/fedros\/wp-content\/uploads\/sites\/12\/2021\/06\/AFS-2022-Transitions-AAC-De\u0301f.pdf\" target=\"_blank\" rel=\"noopener noreferrer\">fichier ci-joint.<\/a><\/p>\n<p>N\u2019h\u00e9sitez pas \u00e0 diffuser l\u2019appel aupr\u00e8s de vos coll\u00e8gues et de toute autre personne susceptible d\u2019\u00eatre int\u00e9ress\u00e9e \u00e0 cette th\u00e9matique.<\/p>\n<p>Pour toute question ult\u00e9rieure, nous r\u00e9pondrons \u00e0 vos demandes \u00e0 l\u2019adresse mentionn\u00e9e ci-dessus.<\/p>\n<p>Nous vous attendons nombreux \u00e0 Limoges et en pr\u00e9sentiel\u00a0; les modalit\u00e9s de d\u00e9roulement du congr\u00e8s pourront s\u2019adapter en fonction de l\u2019\u00e9volution de la situation sanitaire.<\/p>\n<p>En vous remerciant par avance pour votre attention et en vous souhaitant une bonne r\u00e9ception,<\/p>\n<p>Bien cordialement,<\/p>\n<p>Le comit\u00e9 d\u2019organisation<\/p>\n<p>Sophie Anquetil, Erik Bertin, Nicolas Cou\u00e9gnas, Valeria De Luca, Vivien Lloveria, Audrey Moutat, Sylvie P\u00e9rineau-Lorenzo.<\/p>\n<p><a href=\"https:\/\/asso.unilim.fr\/fedros\/wp-content\/uploads\/sites\/12\/2021\/06\/AFS-2022-Transitions-AAC-De\u0301f.pdf\" target=\"_blank\" rel=\"noopener noreferrer\"><strong>Argumentaire du congr\u00e8s et informations pratiques<\/strong><\/a><\/p>\n","protected":false},"excerpt":{"rendered":"<p>Nous avons le plaisir de vous informer du lancement de l\u2019appel \u00e0 communication pour le prochain congr\u00e8s de l\u2019Association fran\u00e7aise de S\u00e9miotique (AFS), http:\/\/afsemio.fr\/, qui aura lieu \u00e0 l\u2019Universit\u00e9 de Limoges du 4 au 7 avril 2022. Cette \u00e9dition du congr\u00e8s, initialement pr\u00e9vue pour 2021, a \u00e9t\u00e9 report\u00e9e \u00e0 2022 \u00e0 cause de la situation [&hellip;]<\/p>\n","protected":false},"author":104,"featured_media":3252,"comment_status":"open","ping_status":"open","sticky":false,"template":"","format":"standard","meta":{"footnotes":""},"categories":[56],"tags":[],"class_list":["post-3263","post","type-post","status-publish","format-standard","has-post-thumbnail","hentry","category-news"],"yoast_head":"<!-- This site is optimized with the Yoast SEO plugin v26.3 - https:\/\/yoast.com\/wordpress\/plugins\/seo\/ -->\n<title>Appel \u00e0 communication du Congr\u00e8s de l\u2019Association fran\u00e7aise de S\u00e9miotique - F\u00e9d\u00e9ration Romane de S\u00e9miotique<\/title>\n<meta name=\"robots\" content=\"index, follow, max-snippet:-1, max-image-preview:large, max-video-preview:-1\" \/>\n<link rel=\"canonical\" href=\"https:\/\/asso.unilim.fr\/fedros\/en\/2021\/06\/22\/appel-a-communication-du-congres-de-lassociation-francaise-de-semiotique\/\" \/>\n<meta property=\"og:locale\" content=\"en_US\" \/>\n<meta property=\"og:type\" content=\"article\" \/>\n<meta property=\"og:title\" content=\"Appel \u00e0 communication du Congr\u00e8s de l\u2019Association fran\u00e7aise de S\u00e9miotique - F\u00e9d\u00e9ration Romane de S\u00e9miotique\" \/>\n<meta property=\"og:description\" content=\"Nous avons le plaisir de vous informer du lancement de l\u2019appel \u00e0 communication pour le prochain congr\u00e8s de l\u2019Association fran\u00e7aise de S\u00e9miotique (AFS), http:\/\/afsemio.fr\/, qui aura lieu \u00e0 l\u2019Universit\u00e9 de Limoges du 4 au 7 avril 2022. Cette \u00e9dition du congr\u00e8s, initialement pr\u00e9vue pour 2021, a \u00e9t\u00e9 report\u00e9e \u00e0 2022 \u00e0 cause de la situation [&hellip;]\" \/>\n<meta property=\"og:url\" content=\"https:\/\/asso.unilim.fr\/fedros\/en\/2021\/06\/22\/appel-a-communication-du-congres-de-lassociation-francaise-de-semiotique\/\" \/>\n<meta property=\"og:site_name\" content=\"F\u00e9d\u00e9ration Romane de S\u00e9miotique\" \/>\n<meta property=\"article:publisher\" content=\"https:\/\/www.facebook.com\/fedrosemioticaromanza\" \/>\n<meta property=\"article:published_time\" content=\"2021-06-22T09:40:39+00:00\" \/>\n<meta property=\"og:image\" content=\"https:\/\/asso.unilim.fr\/fedros\/wp-content\/uploads\/sites\/12\/2021\/06\/AFS-2022-Transitions-AAC-De\u0301f_Pagina_01.jpg\" \/>\n\t<meta property=\"og:image:width\" content=\"1655\" \/>\n\t<meta property=\"og:image:height\" content=\"2340\" \/>\n\t<meta property=\"og:image:type\" content=\"image\/jpeg\" \/>\n<meta name=\"author\" content=\"Alexandre Sbabo\" \/>\n<meta name=\"twitter:card\" content=\"summary_large_image\" \/>\n<meta name=\"twitter:label1\" content=\"Written by\" \/>\n\t<meta name=\"twitter:data1\" content=\"Alexandre Sbabo\" \/>\n\t<meta name=\"twitter:label2\" content=\"Est. reading time\" \/>\n\t<meta name=\"twitter:data2\" content=\"1 minute\" \/>\n<script type=\"application\/ld+json\" class=\"yoast-schema-graph\">{\"@context\":\"https:\/\/schema.org\",\"@graph\":[{\"@type\":\"Article\",\"@id\":\"https:\/\/asso.unilim.fr\/fedros\/en\/2021\/06\/22\/appel-a-communication-du-congres-de-lassociation-francaise-de-semiotique\/#article\",\"isPartOf\":{\"@id\":\"https:\/\/asso.unilim.fr\/fedros\/en\/2021\/06\/22\/appel-a-communication-du-congres-de-lassociation-francaise-de-semiotique\/\"},\"author\":{\"name\":\"Alexandre Sbabo\",\"@id\":\"https:\/\/asso.unilim.fr\/fedros\/es\/#\/schema\/person\/e2e0f392f724e07955f38d52a2bf2d98\"},\"headline\":\"Appel \u00e0 communication du Congr\u00e8s de l\u2019Association fran\u00e7aise de S\u00e9miotique\",\"datePublished\":\"2021-06-22T09:40:39+00:00\",\"mainEntityOfPage\":{\"@id\":\"https:\/\/asso.unilim.fr\/fedros\/en\/2021\/06\/22\/appel-a-communication-du-congres-de-lassociation-francaise-de-semiotique\/\"},\"wordCount\":257,\"commentCount\":0,\"publisher\":{\"@id\":\"https:\/\/asso.unilim.fr\/fedros\/es\/#organization\"},\"image\":{\"@id\":\"https:\/\/asso.unilim.fr\/fedros\/en\/2021\/06\/22\/appel-a-communication-du-congres-de-lassociation-francaise-de-semiotique\/#primaryimage\"},\"thumbnailUrl\":\"https:\/\/asso.unilim.fr\/fedros\/wp-content\/uploads\/sites\/12\/2021\/06\/AFS-2022-Transitions-AAC-De\u0301f_Pagina_01.jpg\",\"articleSection\":[\"News\"],\"inLanguage\":\"en-US\",\"potentialAction\":[{\"@type\":\"CommentAction\",\"name\":\"Comment\",\"target\":[\"https:\/\/asso.unilim.fr\/fedros\/en\/2021\/06\/22\/appel-a-communication-du-congres-de-lassociation-francaise-de-semiotique\/#respond\"]}]},{\"@type\":\"WebPage\",\"@id\":\"https:\/\/asso.unilim.fr\/fedros\/en\/2021\/06\/22\/appel-a-communication-du-congres-de-lassociation-francaise-de-semiotique\/\",\"url\":\"https:\/\/asso.unilim.fr\/fedros\/en\/2021\/06\/22\/appel-a-communication-du-congres-de-lassociation-francaise-de-semiotique\/\",\"name\":\"Appel \u00e0 communication du Congr\u00e8s de l\u2019Association fran\u00e7aise de S\u00e9miotique - F\u00e9d\u00e9ration Romane de S\u00e9miotique\",\"isPartOf\":{\"@id\":\"https:\/\/asso.unilim.fr\/fedros\/es\/#website\"},\"primaryImageOfPage\":{\"@id\":\"https:\/\/asso.unilim.fr\/fedros\/en\/2021\/06\/22\/appel-a-communication-du-congres-de-lassociation-francaise-de-semiotique\/#primaryimage\"},\"image\":{\"@id\":\"https:\/\/asso.unilim.fr\/fedros\/en\/2021\/06\/22\/appel-a-communication-du-congres-de-lassociation-francaise-de-semiotique\/#primaryimage\"},\"thumbnailUrl\":\"https:\/\/asso.unilim.fr\/fedros\/wp-content\/uploads\/sites\/12\/2021\/06\/AFS-2022-Transitions-AAC-De\u0301f_Pagina_01.jpg\",\"datePublished\":\"2021-06-22T09:40:39+00:00\",\"breadcrumb\":{\"@id\":\"https:\/\/asso.unilim.fr\/fedros\/en\/2021\/06\/22\/appel-a-communication-du-congres-de-lassociation-francaise-de-semiotique\/#breadcrumb\"},\"inLanguage\":\"en-US\",\"potentialAction\":[{\"@type\":\"ReadAction\",\"target\":[\"https:\/\/asso.unilim.fr\/fedros\/en\/2021\/06\/22\/appel-a-communication-du-congres-de-lassociation-francaise-de-semiotique\/\"]}]},{\"@type\":\"ImageObject\",\"inLanguage\":\"en-US\",\"@id\":\"https:\/\/asso.unilim.fr\/fedros\/en\/2021\/06\/22\/appel-a-communication-du-congres-de-lassociation-francaise-de-semiotique\/#primaryimage\",\"url\":\"https:\/\/asso.unilim.fr\/fedros\/wp-content\/uploads\/sites\/12\/2021\/06\/AFS-2022-Transitions-AAC-De\u0301f_Pagina_01.jpg\",\"contentUrl\":\"https:\/\/asso.unilim.fr\/fedros\/wp-content\/uploads\/sites\/12\/2021\/06\/AFS-2022-Transitions-AAC-De\u0301f_Pagina_01.jpg\",\"width\":1655,\"height\":2340},{\"@type\":\"BreadcrumbList\",\"@id\":\"https:\/\/asso.unilim.fr\/fedros\/en\/2021\/06\/22\/appel-a-communication-du-congres-de-lassociation-francaise-de-semiotique\/#breadcrumb\",\"itemListElement\":[{\"@type\":\"ListItem\",\"position\":1,\"name\":\"Accueil\",\"item\":\"https:\/\/asso.unilim.fr\/fedros\/\"},{\"@type\":\"ListItem\",\"position\":2,\"name\":\"Appel \u00e0 communication du Congr\u00e8s de l\u2019Association fran\u00e7aise de S\u00e9miotique\"}]},{\"@type\":\"WebSite\",\"@id\":\"https:\/\/asso.unilim.fr\/fedros\/es\/#website\",\"url\":\"https:\/\/asso.unilim.fr\/fedros\/es\/\",\"name\":\"F\u00e9d\u00e9ration Romane de S\u00e9miotique\",\"description\":\"\",\"publisher\":{\"@id\":\"https:\/\/asso.unilim.fr\/fedros\/es\/#organization\"},\"potentialAction\":[{\"@type\":\"SearchAction\",\"target\":{\"@type\":\"EntryPoint\",\"urlTemplate\":\"https:\/\/asso.unilim.fr\/fedros\/es\/?s={search_term_string}\"},\"query-input\":{\"@type\":\"PropertyValueSpecification\",\"valueRequired\":true,\"valueName\":\"search_term_string\"}}],\"inLanguage\":\"en-US\"},{\"@type\":\"Organization\",\"@id\":\"https:\/\/asso.unilim.fr\/fedros\/es\/#organization\",\"name\":\"F\u00e9d\u00e9ration Romane de S\u00e9miotique\",\"url\":\"https:\/\/asso.unilim.fr\/fedros\/es\/\",\"logo\":{\"@type\":\"ImageObject\",\"inLanguage\":\"en-US\",\"@id\":\"https:\/\/asso.unilim.fr\/fedros\/es\/#\/schema\/logo\/image\/\",\"url\":\"https:\/\/asso.unilim.fr\/fedros\/wp-content\/uploads\/sites\/12\/2020\/04\/FRSLOGO-sans-nom.png\",\"contentUrl\":\"https:\/\/asso.unilim.fr\/fedros\/wp-content\/uploads\/sites\/12\/2020\/04\/FRSLOGO-sans-nom.png\",\"width\":624,\"height\":624,\"caption\":\"F\u00e9d\u00e9ration Romane de S\u00e9miotique\"},\"image\":{\"@id\":\"https:\/\/asso.unilim.fr\/fedros\/es\/#\/schema\/logo\/image\/\"},\"sameAs\":[\"https:\/\/www.facebook.com\/fedrosemioticaromanza\",\"https:\/\/www.youtube.com\/channel\/UCaCtzbiSKoIKaZlc9DErntA\"]},{\"@type\":\"Person\",\"@id\":\"https:\/\/asso.unilim.fr\/fedros\/es\/#\/schema\/person\/e2e0f392f724e07955f38d52a2bf2d98\",\"name\":\"Alexandre Sbabo\",\"image\":{\"@type\":\"ImageObject\",\"inLanguage\":\"en-US\",\"@id\":\"https:\/\/asso.unilim.fr\/fedros\/es\/#\/schema\/person\/image\/\",\"url\":\"https:\/\/secure.gravatar.com\/avatar\/140499782430ebcf3321aef513f34a484742d792a6b33d1fcfa03098253e262b?s=96&d=mm&r=g\",\"contentUrl\":\"https:\/\/secure.gravatar.com\/avatar\/140499782430ebcf3321aef513f34a484742d792a6b33d1fcfa03098253e262b?s=96&d=mm&r=g\",\"caption\":\"Alexandre Sbabo\"}}]}<\/script>\n<!-- \/ Yoast SEO plugin. -->","yoast_head_json":{"title":"Appel \u00e0 communication du Congr\u00e8s de l\u2019Association fran\u00e7aise de S\u00e9miotique - F\u00e9d\u00e9ration Romane de S\u00e9miotique","robots":{"index":"index","follow":"follow","max-snippet":"max-snippet:-1","max-image-preview":"max-image-preview:large","max-video-preview":"max-video-preview:-1"},"canonical":"https:\/\/asso.unilim.fr\/fedros\/en\/2021\/06\/22\/appel-a-communication-du-congres-de-lassociation-francaise-de-semiotique\/","og_locale":"en_US","og_type":"article","og_title":"Appel \u00e0 communication du Congr\u00e8s de l\u2019Association fran\u00e7aise de S\u00e9miotique - F\u00e9d\u00e9ration Romane de S\u00e9miotique","og_description":"Nous avons le plaisir de vous informer du lancement de l\u2019appel \u00e0 communication pour le prochain congr\u00e8s de l\u2019Association fran\u00e7aise de S\u00e9miotique (AFS), http:\/\/afsemio.fr\/, qui aura lieu \u00e0 l\u2019Universit\u00e9 de Limoges du 4 au 7 avril 2022. Cette \u00e9dition du congr\u00e8s, initialement pr\u00e9vue pour 2021, a \u00e9t\u00e9 report\u00e9e \u00e0 2022 \u00e0 cause de la situation [&hellip;]","og_url":"https:\/\/asso.unilim.fr\/fedros\/en\/2021\/06\/22\/appel-a-communication-du-congres-de-lassociation-francaise-de-semiotique\/","og_site_name":"F\u00e9d\u00e9ration Romane de S\u00e9miotique","article_publisher":"https:\/\/www.facebook.com\/fedrosemioticaromanza","article_published_time":"2021-06-22T09:40:39+00:00","og_image":[{"width":1655,"height":2340,"url":"https:\/\/asso.unilim.fr\/fedros\/wp-content\/uploads\/sites\/12\/2021\/06\/AFS-2022-Transitions-AAC-De\u0301f_Pagina_01.jpg","type":"image\/jpeg"}],"author":"Alexandre Sbabo","twitter_card":"summary_large_image","twitter_misc":{"Written by":"Alexandre Sbabo","Est. reading time":"1 minute"},"schema":{"@context":"https:\/\/schema.org","@graph":[{"@type":"Article","@id":"https:\/\/asso.unilim.fr\/fedros\/en\/2021\/06\/22\/appel-a-communication-du-congres-de-lassociation-francaise-de-semiotique\/#article","isPartOf":{"@id":"https:\/\/asso.unilim.fr\/fedros\/en\/2021\/06\/22\/appel-a-communication-du-congres-de-lassociation-francaise-de-semiotique\/"},"author":{"name":"Alexandre Sbabo","@id":"https:\/\/asso.unilim.fr\/fedros\/es\/#\/schema\/person\/e2e0f392f724e07955f38d52a2bf2d98"},"headline":"Appel \u00e0 communication du Congr\u00e8s de l\u2019Association fran\u00e7aise de S\u00e9miotique","datePublished":"2021-06-22T09:40:39+00:00","mainEntityOfPage":{"@id":"https:\/\/asso.unilim.fr\/fedros\/en\/2021\/06\/22\/appel-a-communication-du-congres-de-lassociation-francaise-de-semiotique\/"},"wordCount":257,"commentCount":0,"publisher":{"@id":"https:\/\/asso.unilim.fr\/fedros\/es\/#organization"},"image":{"@id":"https:\/\/asso.unilim.fr\/fedros\/en\/2021\/06\/22\/appel-a-communication-du-congres-de-lassociation-francaise-de-semiotique\/#primaryimage"},"thumbnailUrl":"https:\/\/asso.unilim.fr\/fedros\/wp-content\/uploads\/sites\/12\/2021\/06\/AFS-2022-Transitions-AAC-De\u0301f_Pagina_01.jpg","articleSection":["News"],"inLanguage":"en-US","potentialAction":[{"@type":"CommentAction","name":"Comment","target":["https:\/\/asso.unilim.fr\/fedros\/en\/2021\/06\/22\/appel-a-communication-du-congres-de-lassociation-francaise-de-semiotique\/#respond"]}]},{"@type":"WebPage","@id":"https:\/\/asso.unilim.fr\/fedros\/en\/2021\/06\/22\/appel-a-communication-du-congres-de-lassociation-francaise-de-semiotique\/","url":"https:\/\/asso.unilim.fr\/fedros\/en\/2021\/06\/22\/appel-a-communication-du-congres-de-lassociation-francaise-de-semiotique\/","name":"Appel \u00e0 communication du Congr\u00e8s de l\u2019Association fran\u00e7aise de S\u00e9miotique - F\u00e9d\u00e9ration Romane de S\u00e9miotique","isPartOf":{"@id":"https:\/\/asso.unilim.fr\/fedros\/es\/#website"},"primaryImageOfPage":{"@id":"https:\/\/asso.unilim.fr\/fedros\/en\/2021\/06\/22\/appel-a-communication-du-congres-de-lassociation-francaise-de-semiotique\/#primaryimage"},"image":{"@id":"https:\/\/asso.unilim.fr\/fedros\/en\/2021\/06\/22\/appel-a-communication-du-congres-de-lassociation-francaise-de-semiotique\/#primaryimage"},"thumbnailUrl":"https:\/\/asso.unilim.fr\/fedros\/wp-content\/uploads\/sites\/12\/2021\/06\/AFS-2022-Transitions-AAC-De\u0301f_Pagina_01.jpg","datePublished":"2021-06-22T09:40:39+00:00","breadcrumb":{"@id":"https:\/\/asso.unilim.fr\/fedros\/en\/2021\/06\/22\/appel-a-communication-du-congres-de-lassociation-francaise-de-semiotique\/#breadcrumb"},"inLanguage":"en-US","potentialAction":[{"@type":"ReadAction","target":["https:\/\/asso.unilim.fr\/fedros\/en\/2021\/06\/22\/appel-a-communication-du-congres-de-lassociation-francaise-de-semiotique\/"]}]},{"@type":"ImageObject","inLanguage":"en-US","@id":"https:\/\/asso.unilim.fr\/fedros\/en\/2021\/06\/22\/appel-a-communication-du-congres-de-lassociation-francaise-de-semiotique\/#primaryimage","url":"https:\/\/asso.unilim.fr\/fedros\/wp-content\/uploads\/sites\/12\/2021\/06\/AFS-2022-Transitions-AAC-De\u0301f_Pagina_01.jpg","contentUrl":"https:\/\/asso.unilim.fr\/fedros\/wp-content\/uploads\/sites\/12\/2021\/06\/AFS-2022-Transitions-AAC-De\u0301f_Pagina_01.jpg","width":1655,"height":2340},{"@type":"BreadcrumbList","@id":"https:\/\/asso.unilim.fr\/fedros\/en\/2021\/06\/22\/appel-a-communication-du-congres-de-lassociation-francaise-de-semiotique\/#breadcrumb","itemListElement":[{"@type":"ListItem","position":1,"name":"Accueil","item":"https:\/\/asso.unilim.fr\/fedros\/"},{"@type":"ListItem","position":2,"name":"Appel \u00e0 communication du Congr\u00e8s de l\u2019Association fran\u00e7aise de S\u00e9miotique"}]},{"@type":"WebSite","@id":"https:\/\/asso.unilim.fr\/fedros\/es\/#website","url":"https:\/\/asso.unilim.fr\/fedros\/es\/","name":"F\u00e9d\u00e9ration Romane de S\u00e9miotique","description":"","publisher":{"@id":"https:\/\/asso.unilim.fr\/fedros\/es\/#organization"},"potentialAction":[{"@type":"SearchAction","target":{"@type":"EntryPoint","urlTemplate":"https:\/\/asso.unilim.fr\/fedros\/es\/?s={search_term_string}"},"query-input":{"@type":"PropertyValueSpecification","valueRequired":true,"valueName":"search_term_string"}}],"inLanguage":"en-US"},{"@type":"Organization","@id":"https:\/\/asso.unilim.fr\/fedros\/es\/#organization","name":"F\u00e9d\u00e9ration Romane de S\u00e9miotique","url":"https:\/\/asso.unilim.fr\/fedros\/es\/","logo":{"@type":"ImageObject","inLanguage":"en-US","@id":"https:\/\/asso.unilim.fr\/fedros\/es\/#\/schema\/logo\/image\/","url":"https:\/\/asso.unilim.fr\/fedros\/wp-content\/uploads\/sites\/12\/2020\/04\/FRSLOGO-sans-nom.png","contentUrl":"https:\/\/asso.unilim.fr\/fedros\/wp-content\/uploads\/sites\/12\/2020\/04\/FRSLOGO-sans-nom.png","width":624,"height":624,"caption":"F\u00e9d\u00e9ration Romane de S\u00e9miotique"},"image":{"@id":"https:\/\/asso.unilim.fr\/fedros\/es\/#\/schema\/logo\/image\/"},"sameAs":["https:\/\/www.facebook.com\/fedrosemioticaromanza","https:\/\/www.youtube.com\/channel\/UCaCtzbiSKoIKaZlc9DErntA"]},{"@type":"Person","@id":"https:\/\/asso.unilim.fr\/fedros\/es\/#\/schema\/person\/e2e0f392f724e07955f38d52a2bf2d98","name":"Alexandre Sbabo","image":{"@type":"ImageObject","inLanguage":"en-US","@id":"https:\/\/asso.unilim.fr\/fedros\/es\/#\/schema\/person\/image\/","url":"https:\/\/secure.gravatar.com\/avatar\/140499782430ebcf3321aef513f34a484742d792a6b33d1fcfa03098253e262b?s=96&d=mm&r=g","contentUrl":"https:\/\/secure.gravatar.com\/avatar\/140499782430ebcf3321aef513f34a484742d792a6b33d1fcfa03098253e262b?s=96&d=mm&r=g","caption":"Alexandre Sbabo"}}]}},"_links":{"self":[{"href":"https:\/\/asso.unilim.fr\/fedros\/en\/wp-json\/wp\/v2\/posts\/3263","targetHints":{"allow":["GET"]}}],"collection":[{"href":"https:\/\/asso.unilim.fr\/fedros\/en\/wp-json\/wp\/v2\/posts"}],"about":[{"href":"https:\/\/asso.unilim.fr\/fedros\/en\/wp-json\/wp\/v2\/types\/post"}],"author":[{"embeddable":true,"href":"https:\/\/asso.unilim.fr\/fedros\/en\/wp-json\/wp\/v2\/users\/104"}],"replies":[{"embeddable":true,"href":"https:\/\/asso.unilim.fr\/fedros\/en\/wp-json\/wp\/v2\/comments?post=3263"}],"version-history":[{"count":0,"href":"https:\/\/asso.unilim.fr\/fedros\/en\/wp-json\/wp\/v2\/posts\/3263\/revisions"}],"wp:featuredmedia":[{"embeddable":true,"href":"https:\/\/asso.unilim.fr\/fedros\/en\/wp-json\/wp\/v2\/media\/3252"}],"wp:attachment":[{"href":"https:\/\/asso.unilim.fr\/fedros\/en\/wp-json\/wp\/v2\/media?parent=3263"}],"wp:term":[{"taxonomy":"category","embeddable":true,"href":"https:\/\/asso.unilim.fr\/fedros\/en\/wp-json\/wp\/v2\/categories?post=3263"},{"taxonomy":"post_tag","embeddable":true,"href":"https:\/\/asso.unilim.fr\/fedros\/en\/wp-json\/wp\/v2\/tags?post=3263"}],"curies":[{"name":"wp","href":"https:\/\/api.w.org\/{rel}","templated":true}]}}