{"id":12286,"date":"2026-04-28T18:05:06","date_gmt":"2026-04-28T16:05:06","guid":{"rendered":"https:\/\/asso.unilim.fr\/fedros\/2026\/04\/28\/parution-digitally-divided-the-impact-of-technology-on-belief-and-societal-polarization\/"},"modified":"2026-04-28T18:05:36","modified_gmt":"2026-04-28T16:05:36","slug":"parution-digitally-divided-the-impact-of-technology-on-belief-and-societal-polarization","status":"publish","type":"post","link":"https:\/\/asso.unilim.fr\/fedros\/en\/2026\/04\/28\/parution-digitally-divided-the-impact-of-technology-on-belief-and-societal-polarization\/","title":{"rendered":"Parution &#8211; Digitally Divided. The Impact of Technology on Belief and Societal Polarization"},"content":{"rendered":"\r\n<p>Massimo LEONE, Steven UMBRELLO. Digitally Divided. The Impact of Technology on Belief and Societal Polarization. London: Springer Nature, 2026<\/p>\r\n\r\n<p><strong><img loading=\"lazy\" decoding=\"async\" style=\"float: left;border-color: transparent\" src=\"https:\/\/asso.unilim.fr\/fedros\/wp-content\/uploads\/sites\/12\/2026\/04\/Massimo-LEONE-2026-Digitally-Divided-Copertina-978-3-032-10422-9.png\" width=\"200\" height=\"270\" border=\"20\" \/><\/strong><\/p>\r\n<p style=\"text-align: left\"><span style=\"font-size: revert;text-align: justify\"> This book offers a critical exploration of how digital technologies are reshaping religious belief, ethical frameworks, and social cohesion. As faith and ideology increasingly migrate to online platforms, the book examines how algorithm-driven content, echo chambers, and decentralized authority structures influence discourse and deepen societal divides. Drawing from interdisciplinary perspectives in religious studies, sociology, philosophy, and digital humanities, this volume interrogates how sacred rituals, spaces, and moral narratives are being transformed in the digital age. Amid rising concerns over misinformation and polarization, this timely work challenges the assumption that technology must inevitably fragment communities. Instead, it explores how digital spaces might also foster new forms of dialogue, connection, and meaning. From online religious practices to surveillance ethics and the digital reshaping of spiritual authority, Digitally Divided maps the risks and possibilities at the intersection of belief and technology. Essential reading for scholars, students, and practitioners across multiple disciplines, it is a vital contribution to understanding how we live, believe, and connect in an increasingly digitized world. <\/span><\/p>","protected":false},"excerpt":{"rendered":"<p>Massimo LEONE, Steven UMBRELLO. Digitally Divided. The Impact of Technology on Belief and Societal Polarization. London: Springer Nature, 2026 This book offers a critical exploration of how digital technologies are reshaping religious belief, ethical frameworks, and social cohesion. As faith and ideology increasingly migrate to online platforms, the book examines how algorithm-driven content, echo chambers, [&hellip;]<\/p>\n","protected":false},"author":106,"featured_media":12281,"comment_status":"closed","ping_status":"closed","sticky":false,"template":"","format":"standard","meta":{"footnotes":""},"categories":[56],"tags":[],"class_list":["post-12286","post","type-post","status-publish","format-standard","has-post-thumbnail","hentry","category-news"],"yoast_head":"<!-- This site is optimized with the Yoast SEO plugin v26.3 - https:\/\/yoast.com\/wordpress\/plugins\/seo\/ -->\n<title>Parution - Digitally Divided. The Impact of Technology on Belief and Societal Polarization - F\u00e9d\u00e9ration Romane de S\u00e9miotique<\/title>\n<meta name=\"robots\" content=\"index, follow, max-snippet:-1, max-image-preview:large, max-video-preview:-1\" \/>\n<link rel=\"canonical\" href=\"https:\/\/asso.unilim.fr\/fedros\/en\/2026\/04\/28\/parution-digitally-divided-the-impact-of-technology-on-belief-and-societal-polarization\/\" \/>\n<meta property=\"og:locale\" content=\"en_US\" \/>\n<meta property=\"og:type\" content=\"article\" \/>\n<meta property=\"og:title\" content=\"Parution - Digitally Divided. The Impact of Technology on Belief and Societal Polarization - F\u00e9d\u00e9ration Romane de S\u00e9miotique\" \/>\n<meta property=\"og:description\" content=\"Massimo LEONE, Steven UMBRELLO. Digitally Divided. The Impact of Technology on Belief and Societal Polarization. London: Springer Nature, 2026 This book offers a critical exploration of how digital technologies are reshaping religious belief, ethical frameworks, and social cohesion. As faith and ideology increasingly migrate to online platforms, the book examines how algorithm-driven content, echo chambers, [&hellip;]\" \/>\n<meta property=\"og:url\" content=\"https:\/\/asso.unilim.fr\/fedros\/en\/2026\/04\/28\/parution-digitally-divided-the-impact-of-technology-on-belief-and-societal-polarization\/\" \/>\n<meta property=\"og:site_name\" content=\"F\u00e9d\u00e9ration Romane de S\u00e9miotique\" \/>\n<meta property=\"article:publisher\" content=\"https:\/\/www.facebook.com\/fedrosemioticaromanza\" \/>\n<meta property=\"article:published_time\" content=\"2026-04-28T16:05:06+00:00\" \/>\n<meta property=\"article:modified_time\" content=\"2026-04-28T16:05:36+00:00\" \/>\n<meta property=\"og:image\" content=\"https:\/\/asso.unilim.fr\/fedros\/wp-content\/uploads\/sites\/12\/2026\/04\/Massimo-LEONE-2026-Digitally-Divided-Copertina-978-3-032-10422-9.png\" \/>\n\t<meta property=\"og:image:width\" content=\"944\" \/>\n\t<meta property=\"og:image:height\" content=\"1418\" \/>\n\t<meta property=\"og:image:type\" content=\"image\/png\" \/>\n<meta name=\"author\" content=\"lasemioromane\" \/>\n<meta name=\"twitter:card\" content=\"summary_large_image\" \/>\n<meta name=\"twitter:label1\" content=\"Written by\" \/>\n\t<meta name=\"twitter:data1\" content=\"lasemioromane\" \/>\n\t<meta name=\"twitter:label2\" content=\"Est. reading time\" \/>\n\t<meta name=\"twitter:data2\" content=\"1 minute\" \/>\n<script type=\"application\/ld+json\" class=\"yoast-schema-graph\">{\"@context\":\"https:\/\/schema.org\",\"@graph\":[{\"@type\":\"Article\",\"@id\":\"https:\/\/asso.unilim.fr\/fedros\/en\/2026\/04\/28\/parution-digitally-divided-the-impact-of-technology-on-belief-and-societal-polarization\/#article\",\"isPartOf\":{\"@id\":\"https:\/\/asso.unilim.fr\/fedros\/en\/2026\/04\/28\/parution-digitally-divided-the-impact-of-technology-on-belief-and-societal-polarization\/\"},\"author\":{\"name\":\"lasemioromane\",\"@id\":\"https:\/\/asso.unilim.fr\/fedros\/es\/#\/schema\/person\/ef21117ecd321ea21cfdfda647ce99d6\"},\"headline\":\"Parution &#8211; Digitally Divided. The Impact of Technology on Belief and Societal Polarization\",\"datePublished\":\"2026-04-28T16:05:06+00:00\",\"dateModified\":\"2026-04-28T16:05:36+00:00\",\"mainEntityOfPage\":{\"@id\":\"https:\/\/asso.unilim.fr\/fedros\/en\/2026\/04\/28\/parution-digitally-divided-the-impact-of-technology-on-belief-and-societal-polarization\/\"},\"wordCount\":197,\"publisher\":{\"@id\":\"https:\/\/asso.unilim.fr\/fedros\/es\/#organization\"},\"image\":{\"@id\":\"https:\/\/asso.unilim.fr\/fedros\/en\/2026\/04\/28\/parution-digitally-divided-the-impact-of-technology-on-belief-and-societal-polarization\/#primaryimage\"},\"thumbnailUrl\":\"https:\/\/asso.unilim.fr\/fedros\/wp-content\/uploads\/sites\/12\/2026\/04\/Massimo-LEONE-2026-Digitally-Divided-Copertina-978-3-032-10422-9.png\",\"articleSection\":[\"News\"],\"inLanguage\":\"en-US\"},{\"@type\":\"WebPage\",\"@id\":\"https:\/\/asso.unilim.fr\/fedros\/en\/2026\/04\/28\/parution-digitally-divided-the-impact-of-technology-on-belief-and-societal-polarization\/\",\"url\":\"https:\/\/asso.unilim.fr\/fedros\/en\/2026\/04\/28\/parution-digitally-divided-the-impact-of-technology-on-belief-and-societal-polarization\/\",\"name\":\"Parution - Digitally Divided. The Impact of Technology on Belief and Societal Polarization - F\u00e9d\u00e9ration Romane de S\u00e9miotique\",\"isPartOf\":{\"@id\":\"https:\/\/asso.unilim.fr\/fedros\/es\/#website\"},\"primaryImageOfPage\":{\"@id\":\"https:\/\/asso.unilim.fr\/fedros\/en\/2026\/04\/28\/parution-digitally-divided-the-impact-of-technology-on-belief-and-societal-polarization\/#primaryimage\"},\"image\":{\"@id\":\"https:\/\/asso.unilim.fr\/fedros\/en\/2026\/04\/28\/parution-digitally-divided-the-impact-of-technology-on-belief-and-societal-polarization\/#primaryimage\"},\"thumbnailUrl\":\"https:\/\/asso.unilim.fr\/fedros\/wp-content\/uploads\/sites\/12\/2026\/04\/Massimo-LEONE-2026-Digitally-Divided-Copertina-978-3-032-10422-9.png\",\"datePublished\":\"2026-04-28T16:05:06+00:00\",\"dateModified\":\"2026-04-28T16:05:36+00:00\",\"breadcrumb\":{\"@id\":\"https:\/\/asso.unilim.fr\/fedros\/en\/2026\/04\/28\/parution-digitally-divided-the-impact-of-technology-on-belief-and-societal-polarization\/#breadcrumb\"},\"inLanguage\":\"en-US\",\"potentialAction\":[{\"@type\":\"ReadAction\",\"target\":[\"https:\/\/asso.unilim.fr\/fedros\/en\/2026\/04\/28\/parution-digitally-divided-the-impact-of-technology-on-belief-and-societal-polarization\/\"]}]},{\"@type\":\"ImageObject\",\"inLanguage\":\"en-US\",\"@id\":\"https:\/\/asso.unilim.fr\/fedros\/en\/2026\/04\/28\/parution-digitally-divided-the-impact-of-technology-on-belief-and-societal-polarization\/#primaryimage\",\"url\":\"https:\/\/asso.unilim.fr\/fedros\/wp-content\/uploads\/sites\/12\/2026\/04\/Massimo-LEONE-2026-Digitally-Divided-Copertina-978-3-032-10422-9.png\",\"contentUrl\":\"https:\/\/asso.unilim.fr\/fedros\/wp-content\/uploads\/sites\/12\/2026\/04\/Massimo-LEONE-2026-Digitally-Divided-Copertina-978-3-032-10422-9.png\",\"width\":944,\"height\":1418},{\"@type\":\"BreadcrumbList\",\"@id\":\"https:\/\/asso.unilim.fr\/fedros\/en\/2026\/04\/28\/parution-digitally-divided-the-impact-of-technology-on-belief-and-societal-polarization\/#breadcrumb\",\"itemListElement\":[{\"@type\":\"ListItem\",\"position\":1,\"name\":\"Accueil\",\"item\":\"https:\/\/asso.unilim.fr\/fedros\/\"},{\"@type\":\"ListItem\",\"position\":2,\"name\":\"Parution &#8211; Digitally Divided. The Impact of Technology on Belief and Societal Polarization\"}]},{\"@type\":\"WebSite\",\"@id\":\"https:\/\/asso.unilim.fr\/fedros\/es\/#website\",\"url\":\"https:\/\/asso.unilim.fr\/fedros\/es\/\",\"name\":\"F\u00e9d\u00e9ration Romane de S\u00e9miotique\",\"description\":\"\",\"publisher\":{\"@id\":\"https:\/\/asso.unilim.fr\/fedros\/es\/#organization\"},\"potentialAction\":[{\"@type\":\"SearchAction\",\"target\":{\"@type\":\"EntryPoint\",\"urlTemplate\":\"https:\/\/asso.unilim.fr\/fedros\/es\/?s={search_term_string}\"},\"query-input\":{\"@type\":\"PropertyValueSpecification\",\"valueRequired\":true,\"valueName\":\"search_term_string\"}}],\"inLanguage\":\"en-US\"},{\"@type\":\"Organization\",\"@id\":\"https:\/\/asso.unilim.fr\/fedros\/es\/#organization\",\"name\":\"F\u00e9d\u00e9ration Romane de S\u00e9miotique\",\"url\":\"https:\/\/asso.unilim.fr\/fedros\/es\/\",\"logo\":{\"@type\":\"ImageObject\",\"inLanguage\":\"en-US\",\"@id\":\"https:\/\/asso.unilim.fr\/fedros\/es\/#\/schema\/logo\/image\/\",\"url\":\"https:\/\/asso.unilim.fr\/fedros\/wp-content\/uploads\/sites\/12\/2020\/04\/FRSLOGO-sans-nom.png\",\"contentUrl\":\"https:\/\/asso.unilim.fr\/fedros\/wp-content\/uploads\/sites\/12\/2020\/04\/FRSLOGO-sans-nom.png\",\"width\":624,\"height\":624,\"caption\":\"F\u00e9d\u00e9ration Romane de S\u00e9miotique\"},\"image\":{\"@id\":\"https:\/\/asso.unilim.fr\/fedros\/es\/#\/schema\/logo\/image\/\"},\"sameAs\":[\"https:\/\/www.facebook.com\/fedrosemioticaromanza\",\"https:\/\/www.youtube.com\/channel\/UCaCtzbiSKoIKaZlc9DErntA\"]},{\"@type\":\"Person\",\"@id\":\"https:\/\/asso.unilim.fr\/fedros\/es\/#\/schema\/person\/ef21117ecd321ea21cfdfda647ce99d6\",\"name\":\"lasemioromane\",\"image\":{\"@type\":\"ImageObject\",\"inLanguage\":\"en-US\",\"@id\":\"https:\/\/asso.unilim.fr\/fedros\/es\/#\/schema\/person\/image\/\",\"url\":\"https:\/\/secure.gravatar.com\/avatar\/6fc84efb417c563523015fb5458871265f65893a440e48f5e77b416fc4cf81bc?s=96&d=mm&r=g\",\"contentUrl\":\"https:\/\/secure.gravatar.com\/avatar\/6fc84efb417c563523015fb5458871265f65893a440e48f5e77b416fc4cf81bc?s=96&d=mm&r=g\",\"caption\":\"lasemioromane\"}}]}<\/script>\n<!-- \/ Yoast SEO plugin. -->","yoast_head_json":{"title":"Parution - Digitally Divided. The Impact of Technology on Belief and Societal Polarization - F\u00e9d\u00e9ration Romane de S\u00e9miotique","robots":{"index":"index","follow":"follow","max-snippet":"max-snippet:-1","max-image-preview":"max-image-preview:large","max-video-preview":"max-video-preview:-1"},"canonical":"https:\/\/asso.unilim.fr\/fedros\/en\/2026\/04\/28\/parution-digitally-divided-the-impact-of-technology-on-belief-and-societal-polarization\/","og_locale":"en_US","og_type":"article","og_title":"Parution - Digitally Divided. The Impact of Technology on Belief and Societal Polarization - F\u00e9d\u00e9ration Romane de S\u00e9miotique","og_description":"Massimo LEONE, Steven UMBRELLO. Digitally Divided. The Impact of Technology on Belief and Societal Polarization. London: Springer Nature, 2026 This book offers a critical exploration of how digital technologies are reshaping religious belief, ethical frameworks, and social cohesion. As faith and ideology increasingly migrate to online platforms, the book examines how algorithm-driven content, echo chambers, [&hellip;]","og_url":"https:\/\/asso.unilim.fr\/fedros\/en\/2026\/04\/28\/parution-digitally-divided-the-impact-of-technology-on-belief-and-societal-polarization\/","og_site_name":"F\u00e9d\u00e9ration Romane de S\u00e9miotique","article_publisher":"https:\/\/www.facebook.com\/fedrosemioticaromanza","article_published_time":"2026-04-28T16:05:06+00:00","article_modified_time":"2026-04-28T16:05:36+00:00","og_image":[{"width":944,"height":1418,"url":"https:\/\/asso.unilim.fr\/fedros\/wp-content\/uploads\/sites\/12\/2026\/04\/Massimo-LEONE-2026-Digitally-Divided-Copertina-978-3-032-10422-9.png","type":"image\/png"}],"author":"lasemioromane","twitter_card":"summary_large_image","twitter_misc":{"Written by":"lasemioromane","Est. reading time":"1 minute"},"schema":{"@context":"https:\/\/schema.org","@graph":[{"@type":"Article","@id":"https:\/\/asso.unilim.fr\/fedros\/en\/2026\/04\/28\/parution-digitally-divided-the-impact-of-technology-on-belief-and-societal-polarization\/#article","isPartOf":{"@id":"https:\/\/asso.unilim.fr\/fedros\/en\/2026\/04\/28\/parution-digitally-divided-the-impact-of-technology-on-belief-and-societal-polarization\/"},"author":{"name":"lasemioromane","@id":"https:\/\/asso.unilim.fr\/fedros\/es\/#\/schema\/person\/ef21117ecd321ea21cfdfda647ce99d6"},"headline":"Parution &#8211; Digitally Divided. The Impact of Technology on Belief and Societal Polarization","datePublished":"2026-04-28T16:05:06+00:00","dateModified":"2026-04-28T16:05:36+00:00","mainEntityOfPage":{"@id":"https:\/\/asso.unilim.fr\/fedros\/en\/2026\/04\/28\/parution-digitally-divided-the-impact-of-technology-on-belief-and-societal-polarization\/"},"wordCount":197,"publisher":{"@id":"https:\/\/asso.unilim.fr\/fedros\/es\/#organization"},"image":{"@id":"https:\/\/asso.unilim.fr\/fedros\/en\/2026\/04\/28\/parution-digitally-divided-the-impact-of-technology-on-belief-and-societal-polarization\/#primaryimage"},"thumbnailUrl":"https:\/\/asso.unilim.fr\/fedros\/wp-content\/uploads\/sites\/12\/2026\/04\/Massimo-LEONE-2026-Digitally-Divided-Copertina-978-3-032-10422-9.png","articleSection":["News"],"inLanguage":"en-US"},{"@type":"WebPage","@id":"https:\/\/asso.unilim.fr\/fedros\/en\/2026\/04\/28\/parution-digitally-divided-the-impact-of-technology-on-belief-and-societal-polarization\/","url":"https:\/\/asso.unilim.fr\/fedros\/en\/2026\/04\/28\/parution-digitally-divided-the-impact-of-technology-on-belief-and-societal-polarization\/","name":"Parution - Digitally Divided. The Impact of Technology on Belief and Societal Polarization - F\u00e9d\u00e9ration Romane de S\u00e9miotique","isPartOf":{"@id":"https:\/\/asso.unilim.fr\/fedros\/es\/#website"},"primaryImageOfPage":{"@id":"https:\/\/asso.unilim.fr\/fedros\/en\/2026\/04\/28\/parution-digitally-divided-the-impact-of-technology-on-belief-and-societal-polarization\/#primaryimage"},"image":{"@id":"https:\/\/asso.unilim.fr\/fedros\/en\/2026\/04\/28\/parution-digitally-divided-the-impact-of-technology-on-belief-and-societal-polarization\/#primaryimage"},"thumbnailUrl":"https:\/\/asso.unilim.fr\/fedros\/wp-content\/uploads\/sites\/12\/2026\/04\/Massimo-LEONE-2026-Digitally-Divided-Copertina-978-3-032-10422-9.png","datePublished":"2026-04-28T16:05:06+00:00","dateModified":"2026-04-28T16:05:36+00:00","breadcrumb":{"@id":"https:\/\/asso.unilim.fr\/fedros\/en\/2026\/04\/28\/parution-digitally-divided-the-impact-of-technology-on-belief-and-societal-polarization\/#breadcrumb"},"inLanguage":"en-US","potentialAction":[{"@type":"ReadAction","target":["https:\/\/asso.unilim.fr\/fedros\/en\/2026\/04\/28\/parution-digitally-divided-the-impact-of-technology-on-belief-and-societal-polarization\/"]}]},{"@type":"ImageObject","inLanguage":"en-US","@id":"https:\/\/asso.unilim.fr\/fedros\/en\/2026\/04\/28\/parution-digitally-divided-the-impact-of-technology-on-belief-and-societal-polarization\/#primaryimage","url":"https:\/\/asso.unilim.fr\/fedros\/wp-content\/uploads\/sites\/12\/2026\/04\/Massimo-LEONE-2026-Digitally-Divided-Copertina-978-3-032-10422-9.png","contentUrl":"https:\/\/asso.unilim.fr\/fedros\/wp-content\/uploads\/sites\/12\/2026\/04\/Massimo-LEONE-2026-Digitally-Divided-Copertina-978-3-032-10422-9.png","width":944,"height":1418},{"@type":"BreadcrumbList","@id":"https:\/\/asso.unilim.fr\/fedros\/en\/2026\/04\/28\/parution-digitally-divided-the-impact-of-technology-on-belief-and-societal-polarization\/#breadcrumb","itemListElement":[{"@type":"ListItem","position":1,"name":"Accueil","item":"https:\/\/asso.unilim.fr\/fedros\/"},{"@type":"ListItem","position":2,"name":"Parution &#8211; Digitally Divided. The Impact of Technology on Belief and Societal Polarization"}]},{"@type":"WebSite","@id":"https:\/\/asso.unilim.fr\/fedros\/es\/#website","url":"https:\/\/asso.unilim.fr\/fedros\/es\/","name":"F\u00e9d\u00e9ration Romane de S\u00e9miotique","description":"","publisher":{"@id":"https:\/\/asso.unilim.fr\/fedros\/es\/#organization"},"potentialAction":[{"@type":"SearchAction","target":{"@type":"EntryPoint","urlTemplate":"https:\/\/asso.unilim.fr\/fedros\/es\/?s={search_term_string}"},"query-input":{"@type":"PropertyValueSpecification","valueRequired":true,"valueName":"search_term_string"}}],"inLanguage":"en-US"},{"@type":"Organization","@id":"https:\/\/asso.unilim.fr\/fedros\/es\/#organization","name":"F\u00e9d\u00e9ration Romane de S\u00e9miotique","url":"https:\/\/asso.unilim.fr\/fedros\/es\/","logo":{"@type":"ImageObject","inLanguage":"en-US","@id":"https:\/\/asso.unilim.fr\/fedros\/es\/#\/schema\/logo\/image\/","url":"https:\/\/asso.unilim.fr\/fedros\/wp-content\/uploads\/sites\/12\/2020\/04\/FRSLOGO-sans-nom.png","contentUrl":"https:\/\/asso.unilim.fr\/fedros\/wp-content\/uploads\/sites\/12\/2020\/04\/FRSLOGO-sans-nom.png","width":624,"height":624,"caption":"F\u00e9d\u00e9ration Romane de S\u00e9miotique"},"image":{"@id":"https:\/\/asso.unilim.fr\/fedros\/es\/#\/schema\/logo\/image\/"},"sameAs":["https:\/\/www.facebook.com\/fedrosemioticaromanza","https:\/\/www.youtube.com\/channel\/UCaCtzbiSKoIKaZlc9DErntA"]},{"@type":"Person","@id":"https:\/\/asso.unilim.fr\/fedros\/es\/#\/schema\/person\/ef21117ecd321ea21cfdfda647ce99d6","name":"lasemioromane","image":{"@type":"ImageObject","inLanguage":"en-US","@id":"https:\/\/asso.unilim.fr\/fedros\/es\/#\/schema\/person\/image\/","url":"https:\/\/secure.gravatar.com\/avatar\/6fc84efb417c563523015fb5458871265f65893a440e48f5e77b416fc4cf81bc?s=96&d=mm&r=g","contentUrl":"https:\/\/secure.gravatar.com\/avatar\/6fc84efb417c563523015fb5458871265f65893a440e48f5e77b416fc4cf81bc?s=96&d=mm&r=g","caption":"lasemioromane"}}]}},"_links":{"self":[{"href":"https:\/\/asso.unilim.fr\/fedros\/en\/wp-json\/wp\/v2\/posts\/12286","targetHints":{"allow":["GET"]}}],"collection":[{"href":"https:\/\/asso.unilim.fr\/fedros\/en\/wp-json\/wp\/v2\/posts"}],"about":[{"href":"https:\/\/asso.unilim.fr\/fedros\/en\/wp-json\/wp\/v2\/types\/post"}],"author":[{"embeddable":true,"href":"https:\/\/asso.unilim.fr\/fedros\/en\/wp-json\/wp\/v2\/users\/106"}],"replies":[{"embeddable":true,"href":"https:\/\/asso.unilim.fr\/fedros\/en\/wp-json\/wp\/v2\/comments?post=12286"}],"version-history":[{"count":1,"href":"https:\/\/asso.unilim.fr\/fedros\/en\/wp-json\/wp\/v2\/posts\/12286\/revisions"}],"predecessor-version":[{"id":12290,"href":"https:\/\/asso.unilim.fr\/fedros\/en\/wp-json\/wp\/v2\/posts\/12286\/revisions\/12290"}],"wp:featuredmedia":[{"embeddable":true,"href":"https:\/\/asso.unilim.fr\/fedros\/en\/wp-json\/wp\/v2\/media\/12281"}],"wp:attachment":[{"href":"https:\/\/asso.unilim.fr\/fedros\/en\/wp-json\/wp\/v2\/media?parent=12286"}],"wp:term":[{"taxonomy":"category","embeddable":true,"href":"https:\/\/asso.unilim.fr\/fedros\/en\/wp-json\/wp\/v2\/categories?post=12286"},{"taxonomy":"post_tag","embeddable":true,"href":"https:\/\/asso.unilim.fr\/fedros\/en\/wp-json\/wp\/v2\/tags?post=12286"}],"curies":[{"name":"wp","href":"https:\/\/api.w.org\/{rel}","templated":true}]}}