{"id":12270,"date":"2026-04-28T16:45:45","date_gmt":"2026-04-28T14:45:45","guid":{"rendered":"https:\/\/asso.unilim.fr\/fedros\/2026\/04\/28\/appel-a-communications-29e-edition-du-colloque-afls\/"},"modified":"2026-04-28T16:46:57","modified_gmt":"2026-04-28T14:46:57","slug":"appel-a-communications-29e-edition-du-colloque-afls","status":"publish","type":"post","link":"https:\/\/asso.unilim.fr\/fedros\/en\/2026\/04\/28\/appel-a-communications-29e-edition-du-colloque-afls\/","title":{"rendered":"Appel \u00e0 communications &#8211; 29e \u00e9dition du colloque AFLS"},"content":{"rendered":"<p style=\"text-align: center\"><strong>Appel \u00e0 communications\u00a0<\/strong><\/p>\n<p style=\"text-align: center\"><strong> 29e \u00e9dition du colloque AFLS<\/strong><\/p>\n<p>L\u2019appel \u00e0 communications pour la 29e \u00e9dition du colloque AFLS, qui s&#8217;aura lieu cette ann\u00e9e \u00e0 Lyon, est toujours ouvert\u00a0! Vous trouverez de nouvelles informations sur le site de la conf\u00e9rence \u00e0 propos des deux ateliers qui s\u2019y tiendront sur l\u2019expression du futur en fran\u00e7ais et sur la pr\u00e9fabrication dans l\u2019interaction. Pour rappel, toute contribution portant sur la linguistique du fran\u00e7ais est la bienvenue\u00a0!<\/p>\n<p>&nbsp;<\/p>\n<p>Toutes les information se trouvent sur le site internet du colloque sur sciencesconf:<\/p>\n<p>&nbsp;<\/p>\n<p><a href=\"https:\/\/afls2026.sciencesconf.org\/?lang=fr\">https:\/\/afls2026.sciencesconf.org\/?lang=fr<\/a><\/p>\n<p>&nbsp;<\/p>\n","protected":false},"excerpt":{"rendered":"<p>Appel \u00e0 communications\u00a0 29e \u00e9dition du colloque AFLS L\u2019appel \u00e0 communications pour la 29e \u00e9dition du colloque AFLS, qui s&#8217;aura lieu cette ann\u00e9e \u00e0 Lyon, est toujours ouvert\u00a0! Vous trouverez de nouvelles informations sur le site de la conf\u00e9rence \u00e0 propos des deux ateliers qui s\u2019y tiendront sur l\u2019expression du futur en fran\u00e7ais et sur [&hellip;]<\/p>\n","protected":false},"author":106,"featured_media":0,"comment_status":"closed","ping_status":"closed","sticky":false,"template":"","format":"standard","meta":{"footnotes":""},"categories":[56],"tags":[],"class_list":["post-12270","post","type-post","status-publish","format-standard","hentry","category-news"],"yoast_head":"<!-- This site is optimized with the Yoast SEO plugin v26.3 - https:\/\/yoast.com\/wordpress\/plugins\/seo\/ -->\n<title>Appel \u00e0 communications - 29e \u00e9dition du colloque AFLS - F\u00e9d\u00e9ration Romane de S\u00e9miotique<\/title>\n<meta name=\"robots\" content=\"index, follow, max-snippet:-1, max-image-preview:large, max-video-preview:-1\" \/>\n<link rel=\"canonical\" href=\"https:\/\/asso.unilim.fr\/fedros\/en\/2026\/04\/28\/appel-a-communications-29e-edition-du-colloque-afls\/\" \/>\n<meta property=\"og:locale\" content=\"en_US\" \/>\n<meta property=\"og:type\" content=\"article\" \/>\n<meta property=\"og:title\" content=\"Appel \u00e0 communications - 29e \u00e9dition du colloque AFLS - F\u00e9d\u00e9ration Romane de S\u00e9miotique\" \/>\n<meta property=\"og:description\" content=\"Appel \u00e0 communications\u00a0 29e \u00e9dition du colloque AFLS L\u2019appel \u00e0 communications pour la 29e \u00e9dition du colloque AFLS, qui s&#8217;aura lieu cette ann\u00e9e \u00e0 Lyon, est toujours ouvert\u00a0! Vous trouverez de nouvelles informations sur le site de la conf\u00e9rence \u00e0 propos des deux ateliers qui s\u2019y tiendront sur l\u2019expression du futur en fran\u00e7ais et sur [&hellip;]\" \/>\n<meta property=\"og:url\" content=\"https:\/\/asso.unilim.fr\/fedros\/en\/2026\/04\/28\/appel-a-communications-29e-edition-du-colloque-afls\/\" \/>\n<meta property=\"og:site_name\" content=\"F\u00e9d\u00e9ration Romane de S\u00e9miotique\" \/>\n<meta property=\"article:publisher\" content=\"https:\/\/www.facebook.com\/fedrosemioticaromanza\" \/>\n<meta property=\"article:published_time\" content=\"2026-04-28T14:45:45+00:00\" \/>\n<meta property=\"article:modified_time\" content=\"2026-04-28T14:46:57+00:00\" \/>\n<meta name=\"author\" content=\"lasemioromane\" \/>\n<meta name=\"twitter:card\" content=\"summary_large_image\" \/>\n<meta name=\"twitter:label1\" content=\"Written by\" \/>\n\t<meta name=\"twitter:data1\" content=\"lasemioromane\" \/>\n<script type=\"application\/ld+json\" class=\"yoast-schema-graph\">{\"@context\":\"https:\/\/schema.org\",\"@graph\":[{\"@type\":\"Article\",\"@id\":\"https:\/\/asso.unilim.fr\/fedros\/en\/2026\/04\/28\/appel-a-communications-29e-edition-du-colloque-afls\/#article\",\"isPartOf\":{\"@id\":\"https:\/\/asso.unilim.fr\/fedros\/en\/2026\/04\/28\/appel-a-communications-29e-edition-du-colloque-afls\/\"},\"author\":{\"name\":\"lasemioromane\",\"@id\":\"https:\/\/asso.unilim.fr\/fedros\/es\/#\/schema\/person\/ef21117ecd321ea21cfdfda647ce99d6\"},\"headline\":\"Appel \u00e0 communications &#8211; 29e \u00e9dition du colloque AFLS\",\"datePublished\":\"2026-04-28T14:45:45+00:00\",\"dateModified\":\"2026-04-28T14:46:57+00:00\",\"mainEntityOfPage\":{\"@id\":\"https:\/\/asso.unilim.fr\/fedros\/en\/2026\/04\/28\/appel-a-communications-29e-edition-du-colloque-afls\/\"},\"wordCount\":108,\"publisher\":{\"@id\":\"https:\/\/asso.unilim.fr\/fedros\/es\/#organization\"},\"articleSection\":[\"News\"],\"inLanguage\":\"en-US\"},{\"@type\":\"WebPage\",\"@id\":\"https:\/\/asso.unilim.fr\/fedros\/en\/2026\/04\/28\/appel-a-communications-29e-edition-du-colloque-afls\/\",\"url\":\"https:\/\/asso.unilim.fr\/fedros\/en\/2026\/04\/28\/appel-a-communications-29e-edition-du-colloque-afls\/\",\"name\":\"Appel \u00e0 communications - 29e \u00e9dition du colloque AFLS - F\u00e9d\u00e9ration Romane de S\u00e9miotique\",\"isPartOf\":{\"@id\":\"https:\/\/asso.unilim.fr\/fedros\/es\/#website\"},\"datePublished\":\"2026-04-28T14:45:45+00:00\",\"dateModified\":\"2026-04-28T14:46:57+00:00\",\"breadcrumb\":{\"@id\":\"https:\/\/asso.unilim.fr\/fedros\/en\/2026\/04\/28\/appel-a-communications-29e-edition-du-colloque-afls\/#breadcrumb\"},\"inLanguage\":\"en-US\",\"potentialAction\":[{\"@type\":\"ReadAction\",\"target\":[\"https:\/\/asso.unilim.fr\/fedros\/en\/2026\/04\/28\/appel-a-communications-29e-edition-du-colloque-afls\/\"]}]},{\"@type\":\"BreadcrumbList\",\"@id\":\"https:\/\/asso.unilim.fr\/fedros\/en\/2026\/04\/28\/appel-a-communications-29e-edition-du-colloque-afls\/#breadcrumb\",\"itemListElement\":[{\"@type\":\"ListItem\",\"position\":1,\"name\":\"Accueil\",\"item\":\"https:\/\/asso.unilim.fr\/fedros\/\"},{\"@type\":\"ListItem\",\"position\":2,\"name\":\"Appel \u00e0 communications &#8211; 29e \u00e9dition du colloque AFLS\"}]},{\"@type\":\"WebSite\",\"@id\":\"https:\/\/asso.unilim.fr\/fedros\/es\/#website\",\"url\":\"https:\/\/asso.unilim.fr\/fedros\/es\/\",\"name\":\"F\u00e9d\u00e9ration Romane de S\u00e9miotique\",\"description\":\"\",\"publisher\":{\"@id\":\"https:\/\/asso.unilim.fr\/fedros\/es\/#organization\"},\"potentialAction\":[{\"@type\":\"SearchAction\",\"target\":{\"@type\":\"EntryPoint\",\"urlTemplate\":\"https:\/\/asso.unilim.fr\/fedros\/es\/?s={search_term_string}\"},\"query-input\":{\"@type\":\"PropertyValueSpecification\",\"valueRequired\":true,\"valueName\":\"search_term_string\"}}],\"inLanguage\":\"en-US\"},{\"@type\":\"Organization\",\"@id\":\"https:\/\/asso.unilim.fr\/fedros\/es\/#organization\",\"name\":\"F\u00e9d\u00e9ration Romane de S\u00e9miotique\",\"url\":\"https:\/\/asso.unilim.fr\/fedros\/es\/\",\"logo\":{\"@type\":\"ImageObject\",\"inLanguage\":\"en-US\",\"@id\":\"https:\/\/asso.unilim.fr\/fedros\/es\/#\/schema\/logo\/image\/\",\"url\":\"https:\/\/asso.unilim.fr\/fedros\/wp-content\/uploads\/sites\/12\/2020\/04\/FRSLOGO-sans-nom.png\",\"contentUrl\":\"https:\/\/asso.unilim.fr\/fedros\/wp-content\/uploads\/sites\/12\/2020\/04\/FRSLOGO-sans-nom.png\",\"width\":624,\"height\":624,\"caption\":\"F\u00e9d\u00e9ration Romane de S\u00e9miotique\"},\"image\":{\"@id\":\"https:\/\/asso.unilim.fr\/fedros\/es\/#\/schema\/logo\/image\/\"},\"sameAs\":[\"https:\/\/www.facebook.com\/fedrosemioticaromanza\",\"https:\/\/www.youtube.com\/channel\/UCaCtzbiSKoIKaZlc9DErntA\"]},{\"@type\":\"Person\",\"@id\":\"https:\/\/asso.unilim.fr\/fedros\/es\/#\/schema\/person\/ef21117ecd321ea21cfdfda647ce99d6\",\"name\":\"lasemioromane\",\"image\":{\"@type\":\"ImageObject\",\"inLanguage\":\"en-US\",\"@id\":\"https:\/\/asso.unilim.fr\/fedros\/es\/#\/schema\/person\/image\/\",\"url\":\"https:\/\/secure.gravatar.com\/avatar\/6fc84efb417c563523015fb5458871265f65893a440e48f5e77b416fc4cf81bc?s=96&d=mm&r=g\",\"contentUrl\":\"https:\/\/secure.gravatar.com\/avatar\/6fc84efb417c563523015fb5458871265f65893a440e48f5e77b416fc4cf81bc?s=96&d=mm&r=g\",\"caption\":\"lasemioromane\"}}]}<\/script>\n<!-- \/ Yoast SEO plugin. -->","yoast_head_json":{"title":"Appel \u00e0 communications - 29e \u00e9dition du colloque AFLS - F\u00e9d\u00e9ration Romane de S\u00e9miotique","robots":{"index":"index","follow":"follow","max-snippet":"max-snippet:-1","max-image-preview":"max-image-preview:large","max-video-preview":"max-video-preview:-1"},"canonical":"https:\/\/asso.unilim.fr\/fedros\/en\/2026\/04\/28\/appel-a-communications-29e-edition-du-colloque-afls\/","og_locale":"en_US","og_type":"article","og_title":"Appel \u00e0 communications - 29e \u00e9dition du colloque AFLS - F\u00e9d\u00e9ration Romane de S\u00e9miotique","og_description":"Appel \u00e0 communications\u00a0 29e \u00e9dition du colloque AFLS L\u2019appel \u00e0 communications pour la 29e \u00e9dition du colloque AFLS, qui s&#8217;aura lieu cette ann\u00e9e \u00e0 Lyon, est toujours ouvert\u00a0! Vous trouverez de nouvelles informations sur le site de la conf\u00e9rence \u00e0 propos des deux ateliers qui s\u2019y tiendront sur l\u2019expression du futur en fran\u00e7ais et sur [&hellip;]","og_url":"https:\/\/asso.unilim.fr\/fedros\/en\/2026\/04\/28\/appel-a-communications-29e-edition-du-colloque-afls\/","og_site_name":"F\u00e9d\u00e9ration Romane de S\u00e9miotique","article_publisher":"https:\/\/www.facebook.com\/fedrosemioticaromanza","article_published_time":"2026-04-28T14:45:45+00:00","article_modified_time":"2026-04-28T14:46:57+00:00","author":"lasemioromane","twitter_card":"summary_large_image","twitter_misc":{"Written by":"lasemioromane"},"schema":{"@context":"https:\/\/schema.org","@graph":[{"@type":"Article","@id":"https:\/\/asso.unilim.fr\/fedros\/en\/2026\/04\/28\/appel-a-communications-29e-edition-du-colloque-afls\/#article","isPartOf":{"@id":"https:\/\/asso.unilim.fr\/fedros\/en\/2026\/04\/28\/appel-a-communications-29e-edition-du-colloque-afls\/"},"author":{"name":"lasemioromane","@id":"https:\/\/asso.unilim.fr\/fedros\/es\/#\/schema\/person\/ef21117ecd321ea21cfdfda647ce99d6"},"headline":"Appel \u00e0 communications &#8211; 29e \u00e9dition du colloque AFLS","datePublished":"2026-04-28T14:45:45+00:00","dateModified":"2026-04-28T14:46:57+00:00","mainEntityOfPage":{"@id":"https:\/\/asso.unilim.fr\/fedros\/en\/2026\/04\/28\/appel-a-communications-29e-edition-du-colloque-afls\/"},"wordCount":108,"publisher":{"@id":"https:\/\/asso.unilim.fr\/fedros\/es\/#organization"},"articleSection":["News"],"inLanguage":"en-US"},{"@type":"WebPage","@id":"https:\/\/asso.unilim.fr\/fedros\/en\/2026\/04\/28\/appel-a-communications-29e-edition-du-colloque-afls\/","url":"https:\/\/asso.unilim.fr\/fedros\/en\/2026\/04\/28\/appel-a-communications-29e-edition-du-colloque-afls\/","name":"Appel \u00e0 communications - 29e \u00e9dition du colloque AFLS - F\u00e9d\u00e9ration Romane de S\u00e9miotique","isPartOf":{"@id":"https:\/\/asso.unilim.fr\/fedros\/es\/#website"},"datePublished":"2026-04-28T14:45:45+00:00","dateModified":"2026-04-28T14:46:57+00:00","breadcrumb":{"@id":"https:\/\/asso.unilim.fr\/fedros\/en\/2026\/04\/28\/appel-a-communications-29e-edition-du-colloque-afls\/#breadcrumb"},"inLanguage":"en-US","potentialAction":[{"@type":"ReadAction","target":["https:\/\/asso.unilim.fr\/fedros\/en\/2026\/04\/28\/appel-a-communications-29e-edition-du-colloque-afls\/"]}]},{"@type":"BreadcrumbList","@id":"https:\/\/asso.unilim.fr\/fedros\/en\/2026\/04\/28\/appel-a-communications-29e-edition-du-colloque-afls\/#breadcrumb","itemListElement":[{"@type":"ListItem","position":1,"name":"Accueil","item":"https:\/\/asso.unilim.fr\/fedros\/"},{"@type":"ListItem","position":2,"name":"Appel \u00e0 communications &#8211; 29e \u00e9dition du colloque AFLS"}]},{"@type":"WebSite","@id":"https:\/\/asso.unilim.fr\/fedros\/es\/#website","url":"https:\/\/asso.unilim.fr\/fedros\/es\/","name":"F\u00e9d\u00e9ration Romane de S\u00e9miotique","description":"","publisher":{"@id":"https:\/\/asso.unilim.fr\/fedros\/es\/#organization"},"potentialAction":[{"@type":"SearchAction","target":{"@type":"EntryPoint","urlTemplate":"https:\/\/asso.unilim.fr\/fedros\/es\/?s={search_term_string}"},"query-input":{"@type":"PropertyValueSpecification","valueRequired":true,"valueName":"search_term_string"}}],"inLanguage":"en-US"},{"@type":"Organization","@id":"https:\/\/asso.unilim.fr\/fedros\/es\/#organization","name":"F\u00e9d\u00e9ration Romane de S\u00e9miotique","url":"https:\/\/asso.unilim.fr\/fedros\/es\/","logo":{"@type":"ImageObject","inLanguage":"en-US","@id":"https:\/\/asso.unilim.fr\/fedros\/es\/#\/schema\/logo\/image\/","url":"https:\/\/asso.unilim.fr\/fedros\/wp-content\/uploads\/sites\/12\/2020\/04\/FRSLOGO-sans-nom.png","contentUrl":"https:\/\/asso.unilim.fr\/fedros\/wp-content\/uploads\/sites\/12\/2020\/04\/FRSLOGO-sans-nom.png","width":624,"height":624,"caption":"F\u00e9d\u00e9ration Romane de S\u00e9miotique"},"image":{"@id":"https:\/\/asso.unilim.fr\/fedros\/es\/#\/schema\/logo\/image\/"},"sameAs":["https:\/\/www.facebook.com\/fedrosemioticaromanza","https:\/\/www.youtube.com\/channel\/UCaCtzbiSKoIKaZlc9DErntA"]},{"@type":"Person","@id":"https:\/\/asso.unilim.fr\/fedros\/es\/#\/schema\/person\/ef21117ecd321ea21cfdfda647ce99d6","name":"lasemioromane","image":{"@type":"ImageObject","inLanguage":"en-US","@id":"https:\/\/asso.unilim.fr\/fedros\/es\/#\/schema\/person\/image\/","url":"https:\/\/secure.gravatar.com\/avatar\/6fc84efb417c563523015fb5458871265f65893a440e48f5e77b416fc4cf81bc?s=96&d=mm&r=g","contentUrl":"https:\/\/secure.gravatar.com\/avatar\/6fc84efb417c563523015fb5458871265f65893a440e48f5e77b416fc4cf81bc?s=96&d=mm&r=g","caption":"lasemioromane"}}]}},"_links":{"self":[{"href":"https:\/\/asso.unilim.fr\/fedros\/en\/wp-json\/wp\/v2\/posts\/12270","targetHints":{"allow":["GET"]}}],"collection":[{"href":"https:\/\/asso.unilim.fr\/fedros\/en\/wp-json\/wp\/v2\/posts"}],"about":[{"href":"https:\/\/asso.unilim.fr\/fedros\/en\/wp-json\/wp\/v2\/types\/post"}],"author":[{"embeddable":true,"href":"https:\/\/asso.unilim.fr\/fedros\/en\/wp-json\/wp\/v2\/users\/106"}],"replies":[{"embeddable":true,"href":"https:\/\/asso.unilim.fr\/fedros\/en\/wp-json\/wp\/v2\/comments?post=12270"}],"version-history":[{"count":1,"href":"https:\/\/asso.unilim.fr\/fedros\/en\/wp-json\/wp\/v2\/posts\/12270\/revisions"}],"predecessor-version":[{"id":12274,"href":"https:\/\/asso.unilim.fr\/fedros\/en\/wp-json\/wp\/v2\/posts\/12270\/revisions\/12274"}],"wp:attachment":[{"href":"https:\/\/asso.unilim.fr\/fedros\/en\/wp-json\/wp\/v2\/media?parent=12270"}],"wp:term":[{"taxonomy":"category","embeddable":true,"href":"https:\/\/asso.unilim.fr\/fedros\/en\/wp-json\/wp\/v2\/categories?post=12270"},{"taxonomy":"post_tag","embeddable":true,"href":"https:\/\/asso.unilim.fr\/fedros\/en\/wp-json\/wp\/v2\/tags?post=12270"}],"curies":[{"name":"wp","href":"https:\/\/api.w.org\/{rel}","templated":true}]}}