{"id":10690,"date":"2025-09-08T14:54:09","date_gmt":"2025-09-08T12:54:09","guid":{"rendered":"https:\/\/asso.unilim.fr\/fedros\/2025\/09\/08\/jornadas-de-pesquisa-do-centro-de-pesquisas-sociossemioticas-enunciacao-nas-midias\/"},"modified":"2025-09-08T14:56:44","modified_gmt":"2025-09-08T12:56:44","slug":"jornadas-de-pesquisa-do-centro-de-pesquisas-sociossemioticas-enunciacao-nas-midias","status":"publish","type":"post","link":"https:\/\/asso.unilim.fr\/fedros\/en\/2025\/09\/08\/jornadas-de-pesquisa-do-centro-de-pesquisas-sociossemioticas-enunciacao-nas-midias\/","title":{"rendered":"Jornadas de Pesquisa do Centro de Pesquisas Sociossemi\u00f3ticas &#8211; Enuncia\u00e7\u00e3o nas M\u00eddias"},"content":{"rendered":"<p style=\"text-align: center\"><strong>Jornadas de Pesquisa do Centro de Pesquisas Sociossemi\u00f3ticas &#8211; CPS <\/strong><\/p>\n<p style=\"text-align: center\"><strong>Enuncia\u00e7\u00e3o nas M\u00eddias<\/strong><\/p>\n<p>A enuncia\u00e7\u00e3o \u00e9 concebida como um \u201cato que faz ser o sentido\u201d do enunciado afirma E. Landowski (1992). Assim, todo \u201cato enunciativo\u201d est\u00e1 sujeito a uma gram\u00e1tica geral do fazer que implica a coloca\u00e7\u00e3o de dispositivos de actorialidade, temporalidade e espacialidade estruturantes das intera\u00e7\u00f5es discursivas (A. C. de Oliveira, 2013). No \u00e2mbito de seu projeto de abordagem dos discursos sociais, a sociossemi\u00f3tica analisa o conjunto do \u201cvivido\u201d, do\u201d experienciado\u201d, do \u201cem situa\u00e7\u00e3o\u201d enquanto apreens\u00e3o e produ\u00e7\u00e3o de sentido pelos tipos de intera\u00e7\u00f5es discursivas. \u00c9 nessa perspectiva que as abordagens da Jornada de Pesquisa da Enuncia\u00e7\u00e3o apresentar\u00e3o detalhadamente os instrumentos de an\u00e1lise das intera\u00e7\u00f5es dos sujeitos da enuncia\u00e7\u00e3o.<\/p>\n<p>&nbsp;<\/p>\n<p><a href=\"https:\/\/asso.unilim.fr\/fedros\/wp-content\/uploads\/sites\/12\/2025\/09\/Image-PNG.png\"><img loading=\"lazy\" decoding=\"async\" class=\"aligncenter wp-image-10694 size-full\" src=\"https:\/\/asso.unilim.fr\/fedros\/wp-content\/uploads\/sites\/12\/2025\/09\/Image-PNG.png\" alt=\"\" width=\"950\" height=\"510\" srcset=\"https:\/\/asso.unilim.fr\/fedros\/wp-content\/uploads\/sites\/12\/2025\/09\/Image-PNG.png 950w, https:\/\/asso.unilim.fr\/fedros\/wp-content\/uploads\/sites\/12\/2025\/09\/Image-PNG-300x161.png 300w, https:\/\/asso.unilim.fr\/fedros\/wp-content\/uploads\/sites\/12\/2025\/09\/Image-PNG-768x412.png 768w\" sizes=\"auto, (max-width: 950px) 100vw, 950px\" \/><\/a><\/p>\n","protected":false},"excerpt":{"rendered":"<p>Jornadas de Pesquisa do Centro de Pesquisas Sociossemi\u00f3ticas &#8211; CPS Enuncia\u00e7\u00e3o nas M\u00eddias A enuncia\u00e7\u00e3o \u00e9 concebida como um \u201cato que faz ser o sentido\u201d do enunciado afirma E. Landowski (1992). Assim, todo \u201cato enunciativo\u201d est\u00e1 sujeito a uma gram\u00e1tica geral do fazer que implica a coloca\u00e7\u00e3o de dispositivos de actorialidade, temporalidade e espacialidade estruturantes [&hellip;]<\/p>\n","protected":false},"author":104,"featured_media":0,"comment_status":"closed","ping_status":"closed","sticky":false,"template":"","format":"standard","meta":{"footnotes":""},"categories":[56],"tags":[],"class_list":["post-10690","post","type-post","status-publish","format-standard","hentry","category-news"],"yoast_head":"<!-- This site is optimized with the Yoast SEO plugin v26.3 - https:\/\/yoast.com\/wordpress\/plugins\/seo\/ -->\n<title>Jornadas de Pesquisa do Centro de Pesquisas Sociossemi\u00f3ticas - Enuncia\u00e7\u00e3o nas M\u00eddias - F\u00e9d\u00e9ration Romane de S\u00e9miotique<\/title>\n<meta name=\"robots\" content=\"index, follow, max-snippet:-1, max-image-preview:large, max-video-preview:-1\" \/>\n<link rel=\"canonical\" href=\"https:\/\/asso.unilim.fr\/fedros\/en\/2025\/09\/08\/jornadas-de-pesquisa-do-centro-de-pesquisas-sociossemioticas-enunciacao-nas-midias\/\" \/>\n<meta property=\"og:locale\" content=\"en_US\" \/>\n<meta property=\"og:type\" content=\"article\" \/>\n<meta property=\"og:title\" content=\"Jornadas de Pesquisa do Centro de Pesquisas Sociossemi\u00f3ticas - Enuncia\u00e7\u00e3o nas M\u00eddias - F\u00e9d\u00e9ration Romane de S\u00e9miotique\" \/>\n<meta property=\"og:description\" content=\"Jornadas de Pesquisa do Centro de Pesquisas Sociossemi\u00f3ticas &#8211; CPS Enuncia\u00e7\u00e3o nas M\u00eddias A enuncia\u00e7\u00e3o \u00e9 concebida como um \u201cato que faz ser o sentido\u201d do enunciado afirma E. Landowski (1992). Assim, todo \u201cato enunciativo\u201d est\u00e1 sujeito a uma gram\u00e1tica geral do fazer que implica a coloca\u00e7\u00e3o de dispositivos de actorialidade, temporalidade e espacialidade estruturantes [&hellip;]\" \/>\n<meta property=\"og:url\" content=\"https:\/\/asso.unilim.fr\/fedros\/en\/2025\/09\/08\/jornadas-de-pesquisa-do-centro-de-pesquisas-sociossemioticas-enunciacao-nas-midias\/\" \/>\n<meta property=\"og:site_name\" content=\"F\u00e9d\u00e9ration Romane de S\u00e9miotique\" \/>\n<meta property=\"article:publisher\" content=\"https:\/\/www.facebook.com\/fedrosemioticaromanza\" \/>\n<meta property=\"article:published_time\" content=\"2025-09-08T12:54:09+00:00\" \/>\n<meta property=\"article:modified_time\" content=\"2025-09-08T12:56:44+00:00\" \/>\n<meta property=\"og:image\" content=\"https:\/\/asso.unilim.fr\/fedros\/wp-content\/uploads\/sites\/12\/2025\/09\/Image-PNG.png\" \/>\n\t<meta property=\"og:image:width\" content=\"950\" \/>\n\t<meta property=\"og:image:height\" content=\"510\" \/>\n\t<meta property=\"og:image:type\" content=\"image\/png\" \/>\n<meta name=\"author\" content=\"Alexandre Sbabo\" \/>\n<meta name=\"twitter:card\" content=\"summary_large_image\" \/>\n<meta name=\"twitter:label1\" content=\"Written by\" \/>\n\t<meta name=\"twitter:data1\" content=\"Alexandre Sbabo\" \/>\n\t<meta name=\"twitter:label2\" content=\"Est. reading time\" \/>\n\t<meta name=\"twitter:data2\" content=\"1 minute\" \/>\n<script type=\"application\/ld+json\" class=\"yoast-schema-graph\">{\"@context\":\"https:\/\/schema.org\",\"@graph\":[{\"@type\":\"Article\",\"@id\":\"https:\/\/asso.unilim.fr\/fedros\/en\/2025\/09\/08\/jornadas-de-pesquisa-do-centro-de-pesquisas-sociossemioticas-enunciacao-nas-midias\/#article\",\"isPartOf\":{\"@id\":\"https:\/\/asso.unilim.fr\/fedros\/en\/2025\/09\/08\/jornadas-de-pesquisa-do-centro-de-pesquisas-sociossemioticas-enunciacao-nas-midias\/\"},\"author\":{\"name\":\"Alexandre Sbabo\",\"@id\":\"https:\/\/asso.unilim.fr\/fedros\/es\/#\/schema\/person\/e2e0f392f724e07955f38d52a2bf2d98\"},\"headline\":\"Jornadas de Pesquisa do Centro de Pesquisas Sociossemi\u00f3ticas &#8211; Enuncia\u00e7\u00e3o nas M\u00eddias\",\"datePublished\":\"2025-09-08T12:54:09+00:00\",\"dateModified\":\"2025-09-08T12:56:44+00:00\",\"mainEntityOfPage\":{\"@id\":\"https:\/\/asso.unilim.fr\/fedros\/en\/2025\/09\/08\/jornadas-de-pesquisa-do-centro-de-pesquisas-sociossemioticas-enunciacao-nas-midias\/\"},\"wordCount\":149,\"publisher\":{\"@id\":\"https:\/\/asso.unilim.fr\/fedros\/es\/#organization\"},\"image\":{\"@id\":\"https:\/\/asso.unilim.fr\/fedros\/en\/2025\/09\/08\/jornadas-de-pesquisa-do-centro-de-pesquisas-sociossemioticas-enunciacao-nas-midias\/#primaryimage\"},\"thumbnailUrl\":\"https:\/\/asso.unilim.fr\/fedros\/wp-content\/uploads\/sites\/12\/2025\/09\/Image-PNG.png\",\"articleSection\":[\"News\"],\"inLanguage\":\"en-US\"},{\"@type\":\"WebPage\",\"@id\":\"https:\/\/asso.unilim.fr\/fedros\/en\/2025\/09\/08\/jornadas-de-pesquisa-do-centro-de-pesquisas-sociossemioticas-enunciacao-nas-midias\/\",\"url\":\"https:\/\/asso.unilim.fr\/fedros\/en\/2025\/09\/08\/jornadas-de-pesquisa-do-centro-de-pesquisas-sociossemioticas-enunciacao-nas-midias\/\",\"name\":\"Jornadas de Pesquisa do Centro de Pesquisas Sociossemi\u00f3ticas - Enuncia\u00e7\u00e3o nas M\u00eddias - F\u00e9d\u00e9ration Romane de S\u00e9miotique\",\"isPartOf\":{\"@id\":\"https:\/\/asso.unilim.fr\/fedros\/es\/#website\"},\"primaryImageOfPage\":{\"@id\":\"https:\/\/asso.unilim.fr\/fedros\/en\/2025\/09\/08\/jornadas-de-pesquisa-do-centro-de-pesquisas-sociossemioticas-enunciacao-nas-midias\/#primaryimage\"},\"image\":{\"@id\":\"https:\/\/asso.unilim.fr\/fedros\/en\/2025\/09\/08\/jornadas-de-pesquisa-do-centro-de-pesquisas-sociossemioticas-enunciacao-nas-midias\/#primaryimage\"},\"thumbnailUrl\":\"https:\/\/asso.unilim.fr\/fedros\/wp-content\/uploads\/sites\/12\/2025\/09\/Image-PNG.png\",\"datePublished\":\"2025-09-08T12:54:09+00:00\",\"dateModified\":\"2025-09-08T12:56:44+00:00\",\"breadcrumb\":{\"@id\":\"https:\/\/asso.unilim.fr\/fedros\/en\/2025\/09\/08\/jornadas-de-pesquisa-do-centro-de-pesquisas-sociossemioticas-enunciacao-nas-midias\/#breadcrumb\"},\"inLanguage\":\"en-US\",\"potentialAction\":[{\"@type\":\"ReadAction\",\"target\":[\"https:\/\/asso.unilim.fr\/fedros\/en\/2025\/09\/08\/jornadas-de-pesquisa-do-centro-de-pesquisas-sociossemioticas-enunciacao-nas-midias\/\"]}]},{\"@type\":\"ImageObject\",\"inLanguage\":\"en-US\",\"@id\":\"https:\/\/asso.unilim.fr\/fedros\/en\/2025\/09\/08\/jornadas-de-pesquisa-do-centro-de-pesquisas-sociossemioticas-enunciacao-nas-midias\/#primaryimage\",\"url\":\"https:\/\/asso.unilim.fr\/fedros\/wp-content\/uploads\/sites\/12\/2025\/09\/Image-PNG.png\",\"contentUrl\":\"https:\/\/asso.unilim.fr\/fedros\/wp-content\/uploads\/sites\/12\/2025\/09\/Image-PNG.png\"},{\"@type\":\"BreadcrumbList\",\"@id\":\"https:\/\/asso.unilim.fr\/fedros\/en\/2025\/09\/08\/jornadas-de-pesquisa-do-centro-de-pesquisas-sociossemioticas-enunciacao-nas-midias\/#breadcrumb\",\"itemListElement\":[{\"@type\":\"ListItem\",\"position\":1,\"name\":\"Accueil\",\"item\":\"https:\/\/asso.unilim.fr\/fedros\/\"},{\"@type\":\"ListItem\",\"position\":2,\"name\":\"Jornadas de Pesquisa do Centro de Pesquisas Sociossemi\u00f3ticas &#8211; Enuncia\u00e7\u00e3o nas M\u00eddias\"}]},{\"@type\":\"WebSite\",\"@id\":\"https:\/\/asso.unilim.fr\/fedros\/es\/#website\",\"url\":\"https:\/\/asso.unilim.fr\/fedros\/es\/\",\"name\":\"F\u00e9d\u00e9ration Romane de S\u00e9miotique\",\"description\":\"\",\"publisher\":{\"@id\":\"https:\/\/asso.unilim.fr\/fedros\/es\/#organization\"},\"potentialAction\":[{\"@type\":\"SearchAction\",\"target\":{\"@type\":\"EntryPoint\",\"urlTemplate\":\"https:\/\/asso.unilim.fr\/fedros\/es\/?s={search_term_string}\"},\"query-input\":{\"@type\":\"PropertyValueSpecification\",\"valueRequired\":true,\"valueName\":\"search_term_string\"}}],\"inLanguage\":\"en-US\"},{\"@type\":\"Organization\",\"@id\":\"https:\/\/asso.unilim.fr\/fedros\/es\/#organization\",\"name\":\"F\u00e9d\u00e9ration Romane de S\u00e9miotique\",\"url\":\"https:\/\/asso.unilim.fr\/fedros\/es\/\",\"logo\":{\"@type\":\"ImageObject\",\"inLanguage\":\"en-US\",\"@id\":\"https:\/\/asso.unilim.fr\/fedros\/es\/#\/schema\/logo\/image\/\",\"url\":\"https:\/\/asso.unilim.fr\/fedros\/wp-content\/uploads\/sites\/12\/2020\/04\/FRSLOGO-sans-nom.png\",\"contentUrl\":\"https:\/\/asso.unilim.fr\/fedros\/wp-content\/uploads\/sites\/12\/2020\/04\/FRSLOGO-sans-nom.png\",\"width\":624,\"height\":624,\"caption\":\"F\u00e9d\u00e9ration Romane de S\u00e9miotique\"},\"image\":{\"@id\":\"https:\/\/asso.unilim.fr\/fedros\/es\/#\/schema\/logo\/image\/\"},\"sameAs\":[\"https:\/\/www.facebook.com\/fedrosemioticaromanza\",\"https:\/\/www.youtube.com\/channel\/UCaCtzbiSKoIKaZlc9DErntA\"]},{\"@type\":\"Person\",\"@id\":\"https:\/\/asso.unilim.fr\/fedros\/es\/#\/schema\/person\/e2e0f392f724e07955f38d52a2bf2d98\",\"name\":\"Alexandre Sbabo\",\"image\":{\"@type\":\"ImageObject\",\"inLanguage\":\"en-US\",\"@id\":\"https:\/\/asso.unilim.fr\/fedros\/es\/#\/schema\/person\/image\/\",\"url\":\"https:\/\/secure.gravatar.com\/avatar\/140499782430ebcf3321aef513f34a484742d792a6b33d1fcfa03098253e262b?s=96&d=mm&r=g\",\"contentUrl\":\"https:\/\/secure.gravatar.com\/avatar\/140499782430ebcf3321aef513f34a484742d792a6b33d1fcfa03098253e262b?s=96&d=mm&r=g\",\"caption\":\"Alexandre Sbabo\"}}]}<\/script>\n<!-- \/ Yoast SEO plugin. -->","yoast_head_json":{"title":"Jornadas de Pesquisa do Centro de Pesquisas Sociossemi\u00f3ticas - Enuncia\u00e7\u00e3o nas M\u00eddias - F\u00e9d\u00e9ration Romane de S\u00e9miotique","robots":{"index":"index","follow":"follow","max-snippet":"max-snippet:-1","max-image-preview":"max-image-preview:large","max-video-preview":"max-video-preview:-1"},"canonical":"https:\/\/asso.unilim.fr\/fedros\/en\/2025\/09\/08\/jornadas-de-pesquisa-do-centro-de-pesquisas-sociossemioticas-enunciacao-nas-midias\/","og_locale":"en_US","og_type":"article","og_title":"Jornadas de Pesquisa do Centro de Pesquisas Sociossemi\u00f3ticas - Enuncia\u00e7\u00e3o nas M\u00eddias - F\u00e9d\u00e9ration Romane de S\u00e9miotique","og_description":"Jornadas de Pesquisa do Centro de Pesquisas Sociossemi\u00f3ticas &#8211; CPS Enuncia\u00e7\u00e3o nas M\u00eddias A enuncia\u00e7\u00e3o \u00e9 concebida como um \u201cato que faz ser o sentido\u201d do enunciado afirma E. Landowski (1992). Assim, todo \u201cato enunciativo\u201d est\u00e1 sujeito a uma gram\u00e1tica geral do fazer que implica a coloca\u00e7\u00e3o de dispositivos de actorialidade, temporalidade e espacialidade estruturantes [&hellip;]","og_url":"https:\/\/asso.unilim.fr\/fedros\/en\/2025\/09\/08\/jornadas-de-pesquisa-do-centro-de-pesquisas-sociossemioticas-enunciacao-nas-midias\/","og_site_name":"F\u00e9d\u00e9ration Romane de S\u00e9miotique","article_publisher":"https:\/\/www.facebook.com\/fedrosemioticaromanza","article_published_time":"2025-09-08T12:54:09+00:00","article_modified_time":"2025-09-08T12:56:44+00:00","og_image":[{"width":950,"height":510,"url":"https:\/\/asso.unilim.fr\/fedros\/wp-content\/uploads\/sites\/12\/2025\/09\/Image-PNG.png","type":"image\/png"}],"author":"Alexandre Sbabo","twitter_card":"summary_large_image","twitter_misc":{"Written by":"Alexandre Sbabo","Est. reading time":"1 minute"},"schema":{"@context":"https:\/\/schema.org","@graph":[{"@type":"Article","@id":"https:\/\/asso.unilim.fr\/fedros\/en\/2025\/09\/08\/jornadas-de-pesquisa-do-centro-de-pesquisas-sociossemioticas-enunciacao-nas-midias\/#article","isPartOf":{"@id":"https:\/\/asso.unilim.fr\/fedros\/en\/2025\/09\/08\/jornadas-de-pesquisa-do-centro-de-pesquisas-sociossemioticas-enunciacao-nas-midias\/"},"author":{"name":"Alexandre Sbabo","@id":"https:\/\/asso.unilim.fr\/fedros\/es\/#\/schema\/person\/e2e0f392f724e07955f38d52a2bf2d98"},"headline":"Jornadas de Pesquisa do Centro de Pesquisas Sociossemi\u00f3ticas &#8211; Enuncia\u00e7\u00e3o nas M\u00eddias","datePublished":"2025-09-08T12:54:09+00:00","dateModified":"2025-09-08T12:56:44+00:00","mainEntityOfPage":{"@id":"https:\/\/asso.unilim.fr\/fedros\/en\/2025\/09\/08\/jornadas-de-pesquisa-do-centro-de-pesquisas-sociossemioticas-enunciacao-nas-midias\/"},"wordCount":149,"publisher":{"@id":"https:\/\/asso.unilim.fr\/fedros\/es\/#organization"},"image":{"@id":"https:\/\/asso.unilim.fr\/fedros\/en\/2025\/09\/08\/jornadas-de-pesquisa-do-centro-de-pesquisas-sociossemioticas-enunciacao-nas-midias\/#primaryimage"},"thumbnailUrl":"https:\/\/asso.unilim.fr\/fedros\/wp-content\/uploads\/sites\/12\/2025\/09\/Image-PNG.png","articleSection":["News"],"inLanguage":"en-US"},{"@type":"WebPage","@id":"https:\/\/asso.unilim.fr\/fedros\/en\/2025\/09\/08\/jornadas-de-pesquisa-do-centro-de-pesquisas-sociossemioticas-enunciacao-nas-midias\/","url":"https:\/\/asso.unilim.fr\/fedros\/en\/2025\/09\/08\/jornadas-de-pesquisa-do-centro-de-pesquisas-sociossemioticas-enunciacao-nas-midias\/","name":"Jornadas de Pesquisa do Centro de Pesquisas Sociossemi\u00f3ticas - Enuncia\u00e7\u00e3o nas M\u00eddias - F\u00e9d\u00e9ration Romane de S\u00e9miotique","isPartOf":{"@id":"https:\/\/asso.unilim.fr\/fedros\/es\/#website"},"primaryImageOfPage":{"@id":"https:\/\/asso.unilim.fr\/fedros\/en\/2025\/09\/08\/jornadas-de-pesquisa-do-centro-de-pesquisas-sociossemioticas-enunciacao-nas-midias\/#primaryimage"},"image":{"@id":"https:\/\/asso.unilim.fr\/fedros\/en\/2025\/09\/08\/jornadas-de-pesquisa-do-centro-de-pesquisas-sociossemioticas-enunciacao-nas-midias\/#primaryimage"},"thumbnailUrl":"https:\/\/asso.unilim.fr\/fedros\/wp-content\/uploads\/sites\/12\/2025\/09\/Image-PNG.png","datePublished":"2025-09-08T12:54:09+00:00","dateModified":"2025-09-08T12:56:44+00:00","breadcrumb":{"@id":"https:\/\/asso.unilim.fr\/fedros\/en\/2025\/09\/08\/jornadas-de-pesquisa-do-centro-de-pesquisas-sociossemioticas-enunciacao-nas-midias\/#breadcrumb"},"inLanguage":"en-US","potentialAction":[{"@type":"ReadAction","target":["https:\/\/asso.unilim.fr\/fedros\/en\/2025\/09\/08\/jornadas-de-pesquisa-do-centro-de-pesquisas-sociossemioticas-enunciacao-nas-midias\/"]}]},{"@type":"ImageObject","inLanguage":"en-US","@id":"https:\/\/asso.unilim.fr\/fedros\/en\/2025\/09\/08\/jornadas-de-pesquisa-do-centro-de-pesquisas-sociossemioticas-enunciacao-nas-midias\/#primaryimage","url":"https:\/\/asso.unilim.fr\/fedros\/wp-content\/uploads\/sites\/12\/2025\/09\/Image-PNG.png","contentUrl":"https:\/\/asso.unilim.fr\/fedros\/wp-content\/uploads\/sites\/12\/2025\/09\/Image-PNG.png"},{"@type":"BreadcrumbList","@id":"https:\/\/asso.unilim.fr\/fedros\/en\/2025\/09\/08\/jornadas-de-pesquisa-do-centro-de-pesquisas-sociossemioticas-enunciacao-nas-midias\/#breadcrumb","itemListElement":[{"@type":"ListItem","position":1,"name":"Accueil","item":"https:\/\/asso.unilim.fr\/fedros\/"},{"@type":"ListItem","position":2,"name":"Jornadas de Pesquisa do Centro de Pesquisas Sociossemi\u00f3ticas &#8211; Enuncia\u00e7\u00e3o nas M\u00eddias"}]},{"@type":"WebSite","@id":"https:\/\/asso.unilim.fr\/fedros\/es\/#website","url":"https:\/\/asso.unilim.fr\/fedros\/es\/","name":"F\u00e9d\u00e9ration Romane de S\u00e9miotique","description":"","publisher":{"@id":"https:\/\/asso.unilim.fr\/fedros\/es\/#organization"},"potentialAction":[{"@type":"SearchAction","target":{"@type":"EntryPoint","urlTemplate":"https:\/\/asso.unilim.fr\/fedros\/es\/?s={search_term_string}"},"query-input":{"@type":"PropertyValueSpecification","valueRequired":true,"valueName":"search_term_string"}}],"inLanguage":"en-US"},{"@type":"Organization","@id":"https:\/\/asso.unilim.fr\/fedros\/es\/#organization","name":"F\u00e9d\u00e9ration Romane de S\u00e9miotique","url":"https:\/\/asso.unilim.fr\/fedros\/es\/","logo":{"@type":"ImageObject","inLanguage":"en-US","@id":"https:\/\/asso.unilim.fr\/fedros\/es\/#\/schema\/logo\/image\/","url":"https:\/\/asso.unilim.fr\/fedros\/wp-content\/uploads\/sites\/12\/2020\/04\/FRSLOGO-sans-nom.png","contentUrl":"https:\/\/asso.unilim.fr\/fedros\/wp-content\/uploads\/sites\/12\/2020\/04\/FRSLOGO-sans-nom.png","width":624,"height":624,"caption":"F\u00e9d\u00e9ration Romane de S\u00e9miotique"},"image":{"@id":"https:\/\/asso.unilim.fr\/fedros\/es\/#\/schema\/logo\/image\/"},"sameAs":["https:\/\/www.facebook.com\/fedrosemioticaromanza","https:\/\/www.youtube.com\/channel\/UCaCtzbiSKoIKaZlc9DErntA"]},{"@type":"Person","@id":"https:\/\/asso.unilim.fr\/fedros\/es\/#\/schema\/person\/e2e0f392f724e07955f38d52a2bf2d98","name":"Alexandre Sbabo","image":{"@type":"ImageObject","inLanguage":"en-US","@id":"https:\/\/asso.unilim.fr\/fedros\/es\/#\/schema\/person\/image\/","url":"https:\/\/secure.gravatar.com\/avatar\/140499782430ebcf3321aef513f34a484742d792a6b33d1fcfa03098253e262b?s=96&d=mm&r=g","contentUrl":"https:\/\/secure.gravatar.com\/avatar\/140499782430ebcf3321aef513f34a484742d792a6b33d1fcfa03098253e262b?s=96&d=mm&r=g","caption":"Alexandre Sbabo"}}]}},"_links":{"self":[{"href":"https:\/\/asso.unilim.fr\/fedros\/en\/wp-json\/wp\/v2\/posts\/10690","targetHints":{"allow":["GET"]}}],"collection":[{"href":"https:\/\/asso.unilim.fr\/fedros\/en\/wp-json\/wp\/v2\/posts"}],"about":[{"href":"https:\/\/asso.unilim.fr\/fedros\/en\/wp-json\/wp\/v2\/types\/post"}],"author":[{"embeddable":true,"href":"https:\/\/asso.unilim.fr\/fedros\/en\/wp-json\/wp\/v2\/users\/104"}],"replies":[{"embeddable":true,"href":"https:\/\/asso.unilim.fr\/fedros\/en\/wp-json\/wp\/v2\/comments?post=10690"}],"version-history":[{"count":1,"href":"https:\/\/asso.unilim.fr\/fedros\/en\/wp-json\/wp\/v2\/posts\/10690\/revisions"}],"predecessor-version":[{"id":10699,"href":"https:\/\/asso.unilim.fr\/fedros\/en\/wp-json\/wp\/v2\/posts\/10690\/revisions\/10699"}],"wp:attachment":[{"href":"https:\/\/asso.unilim.fr\/fedros\/en\/wp-json\/wp\/v2\/media?parent=10690"}],"wp:term":[{"taxonomy":"category","embeddable":true,"href":"https:\/\/asso.unilim.fr\/fedros\/en\/wp-json\/wp\/v2\/categories?post=10690"},{"taxonomy":"post_tag","embeddable":true,"href":"https:\/\/asso.unilim.fr\/fedros\/en\/wp-json\/wp\/v2\/tags?post=10690"}],"curies":[{"name":"wp","href":"https:\/\/api.w.org\/{rel}","templated":true}]}}