{"id":983,"date":"2023-12-07T18:05:36","date_gmt":"2023-12-07T17:05:36","guid":{"rendered":"https:\/\/asso.unilim.fr\/fablab19\/?p=983"},"modified":"2023-12-07T18:09:47","modified_gmt":"2023-12-07T17:09:47","slug":"amenagement-des-nouveaux-locaux-du-fablab19","status":"publish","type":"post","link":"https:\/\/asso.unilim.fr\/fablab19\/2023\/12\/07\/amenagement-des-nouveaux-locaux-du-fablab19\/","title":{"rendered":"Am\u00e9nagement des nouveaux locaux du Fablab19"},"content":{"rendered":"<p>&nbsp;<\/p>\n<figure id=\"attachment_986\" aria-describedby=\"caption-attachment-986\" style=\"width: 171px\" class=\"wp-caption alignleft\"><img loading=\"lazy\" decoding=\"async\" class=\"size-medium wp-image-986\" src=\"https:\/\/www.unilim.fr\/fablab19\/wp-content\/uploads\/sites\/8\/2023\/12\/atelier_electronique-171x300.png\" alt=\"\" width=\"171\" height=\"300\" srcset=\"https:\/\/www.unilim.fr\/fablab19\/wp-content\/uploads\/sites\/8\/2023\/12\/atelier_electronique-171x300.png 171w, https:\/\/www.unilim.fr\/fablab19\/wp-content\/uploads\/sites\/8\/2023\/12\/atelier_electronique.png 497w\" sizes=\"auto, (max-width: 171px) 100vw, 171px\" \/><figcaption id=\"caption-attachment-986\" class=\"wp-caption-text\">Atelier \u00e9lectronique<\/figcaption><\/figure>\n<p>Ce Jeudi 7 d\u00e9cembre 2023 est une date \u00e0 retenir.<br \/>\nC&rsquo;est en effet le jour de notre prise\u00a0 de possession des nouveaux locaux. 200 m\u00b2 flambant neufs\u00a0 am\u00e9nag\u00e9s gr\u00e2ce \u00e0 L&rsquo;Universit\u00e9 de Limoges et un financement de la R\u00e9gion Aquitaine.<\/p>\n<p>Les travaux sont achev\u00e9s depuis fin septembre mais jusqu&rsquo;\u00e0 pr\u00e9sent les machines \u00e9taient toujours dans le b\u00e2timent GEII , et aujourd&rsquo;hui avec l&rsquo;aide d&rsquo;une dizaine d&rsquo;adh\u00e9rent le transfert a eu lieu.<\/p>\n<p>Tout n&rsquo;est pas op\u00e9rationnel mais\u00a0 cela avance :<\/p>\n<ul>\n<li>Les imprimantes 3 D sont utilisables .<\/li>\n<li>la d\u00e9coupe vinyle aussi.<\/li>\n<li>La laser\u00a0 et la CNC n\u00e9cessitent\u00a0 quelques am\u00e9nagements encore.<\/li>\n<\/ul>\n<p>Dans quelques jours le r\u00e9seau devrait \u00eatre op\u00e9rationnel et permettre l&rsquo;utilisation de ces machines<\/p>\n<p><strong>Merci \u00e0 nos b\u00e9n\u00e9voles pour leur travail&#8230;<\/strong><\/p>\n<p>&nbsp;<\/p>\n<p>&nbsp;<\/p>\n<p>&nbsp;<\/p>\n<p>&nbsp;<\/p>\n<p>&nbsp;<\/p>\n<div id='gallery-1' class='gallery galleryid-983 gallery-columns-3 gallery-size-thumbnail'><figure class='gallery-item'>\n\t\t\t<div class='gallery-icon landscape'>\n\t\t\t\t<a href='https:\/\/asso.unilim.fr\/fablab19\/2023\/12\/07\/amenagement-des-nouveaux-locaux-du-fablab19\/salle_commune\/'><img loading=\"lazy\" decoding=\"async\" width=\"354\" height=\"200\" src=\"https:\/\/www.unilim.fr\/fablab19\/wp-content\/uploads\/sites\/8\/2023\/12\/salle_commune-354x200.png\" class=\"attachment-thumbnail size-thumbnail\" alt=\"\" aria-describedby=\"gallery-1-989\" srcset=\"https:\/\/www.unilim.fr\/fablab19\/wp-content\/uploads\/sites\/8\/2023\/12\/salle_commune-354x200.png 354w, https:\/\/www.unilim.fr\/fablab19\/wp-content\/uploads\/sites\/8\/2023\/12\/salle_commune-300x170.png 300w, https:\/\/www.unilim.fr\/fablab19\/wp-content\/uploads\/sites\/8\/2023\/12\/salle_commune-1024x580.png 1024w, https:\/\/www.unilim.fr\/fablab19\/wp-content\/uploads\/sites\/8\/2023\/12\/salle_commune-768x435.png 768w, https:\/\/www.unilim.fr\/fablab19\/wp-content\/uploads\/sites\/8\/2023\/12\/salle_commune-640x360.png 640w, https:\/\/www.unilim.fr\/fablab19\/wp-content\/uploads\/sites\/8\/2023\/12\/salle_commune.png 1221w\" sizes=\"auto, (max-width: 354px) 100vw, 354px\" \/><\/a>\n\t\t\t<\/div>\n\t\t\t\t<figcaption class='wp-caption-text gallery-caption' id='gallery-1-989'>\n\t\t\t\tSalle de formation \n\t\t\t\t<\/figcaption><\/figure><figure class='gallery-item'>\n\t\t\t<div class='gallery-icon landscape'>\n\t\t\t\t<a href='https:\/\/asso.unilim.fr\/fablab19\/2023\/12\/07\/amenagement-des-nouveaux-locaux-du-fablab19\/salle_aero-2\/'><img loading=\"lazy\" decoding=\"async\" width=\"354\" height=\"200\" src=\"https:\/\/www.unilim.fr\/fablab19\/wp-content\/uploads\/sites\/8\/2023\/12\/Salle_aero-354x200.png\" class=\"attachment-thumbnail size-thumbnail\" alt=\"\" aria-describedby=\"gallery-1-988\" srcset=\"https:\/\/www.unilim.fr\/fablab19\/wp-content\/uploads\/sites\/8\/2023\/12\/Salle_aero-354x200.png 354w, https:\/\/www.unilim.fr\/fablab19\/wp-content\/uploads\/sites\/8\/2023\/12\/Salle_aero-640x360.png 640w\" sizes=\"auto, (max-width: 354px) 100vw, 354px\" \/><\/a>\n\t\t\t<\/div>\n\t\t\t\t<figcaption class='wp-caption-text gallery-caption' id='gallery-1-988'>\n\t\t\t\tSalle d&rsquo;a\u00e9romod\u00e9lisme\n\t\t\t\t<\/figcaption><\/figure><figure class='gallery-item'>\n\t\t\t<div class='gallery-icon landscape'>\n\t\t\t\t<a href='https:\/\/asso.unilim.fr\/fablab19\/2023\/12\/07\/amenagement-des-nouveaux-locaux-du-fablab19\/atelier_mecar\/'><img loading=\"lazy\" decoding=\"async\" width=\"354\" height=\"200\" src=\"https:\/\/www.unilim.fr\/fablab19\/wp-content\/uploads\/sites\/8\/2023\/12\/atelier_mecar-354x200.png\" class=\"attachment-thumbnail size-thumbnail\" alt=\"\" aria-describedby=\"gallery-1-987\" srcset=\"https:\/\/www.unilim.fr\/fablab19\/wp-content\/uploads\/sites\/8\/2023\/12\/atelier_mecar-354x200.png 354w, https:\/\/www.unilim.fr\/fablab19\/wp-content\/uploads\/sites\/8\/2023\/12\/atelier_mecar-640x360.png 640w\" sizes=\"auto, (max-width: 354px) 100vw, 354px\" \/><\/a>\n\t\t\t<\/div>\n\t\t\t\t<figcaption class='wp-caption-text gallery-caption' id='gallery-1-987'>\n\t\t\t\tAtelier de m\u00e9canique\n\t\t\t\t<\/figcaption><\/figure><figure class='gallery-item'>\n\t\t\t<div class='gallery-icon portrait'>\n\t\t\t\t<a href='https:\/\/asso.unilim.fr\/fablab19\/2023\/12\/07\/amenagement-des-nouveaux-locaux-du-fablab19\/atelier_electronique\/'><img loading=\"lazy\" decoding=\"async\" width=\"354\" height=\"200\" src=\"https:\/\/www.unilim.fr\/fablab19\/wp-content\/uploads\/sites\/8\/2023\/12\/atelier_electronique-354x200.png\" class=\"attachment-thumbnail size-thumbnail\" alt=\"\" aria-describedby=\"gallery-1-986\" \/><\/a>\n\t\t\t<\/div>\n\t\t\t\t<figcaption class='wp-caption-text gallery-caption' id='gallery-1-986'>\n\t\t\t\tAtelier \u00e9lectronique\n\t\t\t\t<\/figcaption><\/figure><figure class='gallery-item'>\n\t\t\t<div class='gallery-icon landscape'>\n\t\t\t\t<a href='https:\/\/asso.unilim.fr\/fablab19\/2023\/12\/07\/amenagement-des-nouveaux-locaux-du-fablab19\/atelier_3d_laser\/'><img loading=\"lazy\" decoding=\"async\" width=\"354\" height=\"200\" src=\"https:\/\/www.unilim.fr\/fablab19\/wp-content\/uploads\/sites\/8\/2023\/12\/atelier_3D_laser-354x200.png\" class=\"attachment-thumbnail size-thumbnail\" alt=\"\" aria-describedby=\"gallery-1-985\" srcset=\"https:\/\/www.unilim.fr\/fablab19\/wp-content\/uploads\/sites\/8\/2023\/12\/atelier_3D_laser-354x200.png 354w, https:\/\/www.unilim.fr\/fablab19\/wp-content\/uploads\/sites\/8\/2023\/12\/atelier_3D_laser-640x360.png 640w\" sizes=\"auto, (max-width: 354px) 100vw, 354px\" \/><\/a>\n\t\t\t<\/div>\n\t\t\t\t<figcaption class='wp-caption-text gallery-caption' id='gallery-1-985'>\n\t\t\t\tLe coin 3D, Laser,&#8230;\n\t\t\t\t<\/figcaption><\/figure><figure class='gallery-item'>\n\t\t\t<div class='gallery-icon landscape'>\n\t\t\t\t<a href='https:\/\/asso.unilim.fr\/fablab19\/2023\/12\/07\/amenagement-des-nouveaux-locaux-du-fablab19\/anciens_locaux\/'><img loading=\"lazy\" decoding=\"async\" width=\"354\" height=\"200\" src=\"https:\/\/www.unilim.fr\/fablab19\/wp-content\/uploads\/sites\/8\/2023\/12\/anciens_locaux-354x200.png\" class=\"attachment-thumbnail size-thumbnail\" alt=\"\" aria-describedby=\"gallery-1-984\" srcset=\"https:\/\/www.unilim.fr\/fablab19\/wp-content\/uploads\/sites\/8\/2023\/12\/anciens_locaux-354x200.png 354w, https:\/\/www.unilim.fr\/fablab19\/wp-content\/uploads\/sites\/8\/2023\/12\/anciens_locaux-640x360.png 640w\" sizes=\"auto, (max-width: 354px) 100vw, 354px\" \/><\/a>\n\t\t\t<\/div>\n\t\t\t\t<figcaption class='wp-caption-text gallery-caption' id='gallery-1-984'>\n\t\t\t\tNos anciens locaux qui on rendu un fier service depuis 2014\n\t\t\t\t<\/figcaption><\/figure>\n\t\t<\/div>\n\n<p><a href=\"https:\/\/www.unilim.fr\/fablab19\/2023\/05\/02\/lancement-des-tr\u2026-nouveaux-locaux\/\">D\u00e9but des travaux<\/a><\/p>\n<p>Atelier de m\u00e9canique<\/p>\n","protected":false},"excerpt":{"rendered":"<p>&nbsp; Ce Jeudi 7 d\u00e9cembre 2023 est une date \u00e0 retenir. C&rsquo;est en effet le jour de notre prise\u00a0 de possession des nouveaux locaux. 200 m\u00b2 flambant neufs\u00a0 am\u00e9nag\u00e9s gr\u00e2ce \u00e0 L&rsquo;Universit\u00e9 de Limoges et un financement de la R\u00e9gion Aquitaine. Les travaux sont achev\u00e9s depuis fin septembre mais jusqu&rsquo;\u00e0 pr\u00e9sent les machines \u00e9taient toujours [&hellip;]<\/p>\n","protected":false},"author":89,"featured_media":987,"comment_status":"open","ping_status":"open","sticky":false,"template":"","format":"standard","meta":{"footnotes":""},"categories":[1],"tags":[],"class_list":["post-983","post","type-post","status-publish","format-standard","has-post-thumbnail","hentry","category-actualite"],"yoast_head":"<!-- This site is optimized with the Yoast SEO plugin v26.3 - https:\/\/yoast.com\/wordpress\/plugins\/seo\/ -->\n<title>Am\u00e9nagement des nouveaux locaux du Fablab19 - FABLAB19<\/title>\n<meta name=\"robots\" content=\"index, follow, max-snippet:-1, max-image-preview:large, max-video-preview:-1\" \/>\n<link rel=\"canonical\" href=\"https:\/\/asso.unilim.fr\/fablab19\/2023\/12\/07\/amenagement-des-nouveaux-locaux-du-fablab19\/\" \/>\n<meta property=\"og:locale\" content=\"fr_FR\" \/>\n<meta property=\"og:type\" content=\"article\" \/>\n<meta property=\"og:title\" content=\"Am\u00e9nagement des nouveaux locaux du Fablab19 - FABLAB19\" \/>\n<meta property=\"og:description\" content=\"&nbsp; Ce Jeudi 7 d\u00e9cembre 2023 est une date \u00e0 retenir. C&rsquo;est en effet le jour de notre prise\u00a0 de possession des nouveaux locaux. 200 m\u00b2 flambant neufs\u00a0 am\u00e9nag\u00e9s gr\u00e2ce \u00e0 L&rsquo;Universit\u00e9 de Limoges et un financement de la R\u00e9gion Aquitaine. Les travaux sont achev\u00e9s depuis fin septembre mais jusqu&rsquo;\u00e0 pr\u00e9sent les machines \u00e9taient toujours [&hellip;]\" \/>\n<meta property=\"og:url\" content=\"https:\/\/asso.unilim.fr\/fablab19\/2023\/12\/07\/amenagement-des-nouveaux-locaux-du-fablab19\/\" \/>\n<meta property=\"og:site_name\" content=\"FABLAB19\" \/>\n<meta property=\"article:published_time\" content=\"2023-12-07T17:05:36+00:00\" \/>\n<meta property=\"article:modified_time\" content=\"2023-12-07T17:09:47+00:00\" \/>\n<meta property=\"og:image\" content=\"https:\/\/www.unilim.fr\/fablab19\/wp-content\/uploads\/sites\/8\/2023\/12\/atelier_mecar.png\" \/>\n\t<meta property=\"og:image:width\" content=\"1259\" \/>\n\t<meta property=\"og:image:height\" content=\"701\" \/>\n\t<meta property=\"og:image:type\" content=\"image\/png\" \/>\n<meta name=\"author\" content=\"valenp01\" \/>\n<meta name=\"twitter:card\" content=\"summary_large_image\" \/>\n<meta name=\"twitter:label1\" content=\"\u00c9crit par\" \/>\n\t<meta name=\"twitter:data1\" content=\"valenp01\" \/>\n\t<meta name=\"twitter:label2\" content=\"Dur\u00e9e de lecture estim\u00e9e\" \/>\n\t<meta name=\"twitter:data2\" content=\"1 minute\" \/>\n<script type=\"application\/ld+json\" class=\"yoast-schema-graph\">{\"@context\":\"https:\/\/schema.org\",\"@graph\":[{\"@type\":\"WebPage\",\"@id\":\"https:\/\/asso.unilim.fr\/fablab19\/2023\/12\/07\/amenagement-des-nouveaux-locaux-du-fablab19\/\",\"url\":\"https:\/\/asso.unilim.fr\/fablab19\/2023\/12\/07\/amenagement-des-nouveaux-locaux-du-fablab19\/\",\"name\":\"Am\u00e9nagement des nouveaux locaux du Fablab19 - FABLAB19\",\"isPartOf\":{\"@id\":\"https:\/\/asso.unilim.fr\/fablab19\/#website\"},\"primaryImageOfPage\":{\"@id\":\"https:\/\/asso.unilim.fr\/fablab19\/2023\/12\/07\/amenagement-des-nouveaux-locaux-du-fablab19\/#primaryimage\"},\"image\":{\"@id\":\"https:\/\/asso.unilim.fr\/fablab19\/2023\/12\/07\/amenagement-des-nouveaux-locaux-du-fablab19\/#primaryimage\"},\"thumbnailUrl\":\"https:\/\/www.unilim.fr\/fablab19\/wp-content\/uploads\/sites\/8\/2023\/12\/atelier_mecar.png\",\"datePublished\":\"2023-12-07T17:05:36+00:00\",\"dateModified\":\"2023-12-07T17:09:47+00:00\",\"author\":{\"@id\":\"https:\/\/asso.unilim.fr\/fablab19\/#\/schema\/person\/285b5dc8147af72e68f54013e21ddbc6\"},\"breadcrumb\":{\"@id\":\"https:\/\/asso.unilim.fr\/fablab19\/2023\/12\/07\/amenagement-des-nouveaux-locaux-du-fablab19\/#breadcrumb\"},\"inLanguage\":\"fr-FR\",\"potentialAction\":[{\"@type\":\"ReadAction\",\"target\":[\"https:\/\/asso.unilim.fr\/fablab19\/2023\/12\/07\/amenagement-des-nouveaux-locaux-du-fablab19\/\"]}]},{\"@type\":\"ImageObject\",\"inLanguage\":\"fr-FR\",\"@id\":\"https:\/\/asso.unilim.fr\/fablab19\/2023\/12\/07\/amenagement-des-nouveaux-locaux-du-fablab19\/#primaryimage\",\"url\":\"https:\/\/www.unilim.fr\/fablab19\/wp-content\/uploads\/sites\/8\/2023\/12\/atelier_mecar.png\",\"contentUrl\":\"https:\/\/www.unilim.fr\/fablab19\/wp-content\/uploads\/sites\/8\/2023\/12\/atelier_mecar.png\",\"width\":1259,\"height\":701,\"caption\":\"Atelier de m\u00e9canique\"},{\"@type\":\"BreadcrumbList\",\"@id\":\"https:\/\/asso.unilim.fr\/fablab19\/2023\/12\/07\/amenagement-des-nouveaux-locaux-du-fablab19\/#breadcrumb\",\"itemListElement\":[{\"@type\":\"ListItem\",\"position\":1,\"name\":\"Accueil\",\"item\":\"https:\/\/asso.unilim.fr\/fablab19\/\"},{\"@type\":\"ListItem\",\"position\":2,\"name\":\"Am\u00e9nagement des nouveaux locaux du Fablab19\"}]},{\"@type\":\"WebSite\",\"@id\":\"https:\/\/asso.unilim.fr\/fablab19\/#website\",\"url\":\"https:\/\/asso.unilim.fr\/fablab19\/\",\"name\":\"FABLAB19\",\"description\":\"Fablab19 source de r\u00e9ussites\",\"potentialAction\":[{\"@type\":\"SearchAction\",\"target\":{\"@type\":\"EntryPoint\",\"urlTemplate\":\"https:\/\/asso.unilim.fr\/fablab19\/?s={search_term_string}\"},\"query-input\":{\"@type\":\"PropertyValueSpecification\",\"valueRequired\":true,\"valueName\":\"search_term_string\"}}],\"inLanguage\":\"fr-FR\"},{\"@type\":\"Person\",\"@id\":\"https:\/\/asso.unilim.fr\/fablab19\/#\/schema\/person\/285b5dc8147af72e68f54013e21ddbc6\",\"name\":\"valenp01\",\"image\":{\"@type\":\"ImageObject\",\"inLanguage\":\"fr-FR\",\"@id\":\"https:\/\/asso.unilim.fr\/fablab19\/#\/schema\/person\/image\/\",\"url\":\"https:\/\/secure.gravatar.com\/avatar\/9e7182d28f47357b8913fffd8e16aae15eb5bf8338b259e4bb57baa39d563766?s=96&d=mm&r=g\",\"contentUrl\":\"https:\/\/secure.gravatar.com\/avatar\/9e7182d28f47357b8913fffd8e16aae15eb5bf8338b259e4bb57baa39d563766?s=96&d=mm&r=g\",\"caption\":\"valenp01\"},\"url\":\"https:\/\/asso.unilim.fr\/fablab19\/author\/valenp01\/\"}]}<\/script>\n<!-- \/ Yoast SEO plugin. -->","yoast_head_json":{"title":"Am\u00e9nagement des nouveaux locaux du Fablab19 - FABLAB19","robots":{"index":"index","follow":"follow","max-snippet":"max-snippet:-1","max-image-preview":"max-image-preview:large","max-video-preview":"max-video-preview:-1"},"canonical":"https:\/\/asso.unilim.fr\/fablab19\/2023\/12\/07\/amenagement-des-nouveaux-locaux-du-fablab19\/","og_locale":"fr_FR","og_type":"article","og_title":"Am\u00e9nagement des nouveaux locaux du Fablab19 - FABLAB19","og_description":"&nbsp; Ce Jeudi 7 d\u00e9cembre 2023 est une date \u00e0 retenir. C&rsquo;est en effet le jour de notre prise\u00a0 de possession des nouveaux locaux. 200 m\u00b2 flambant neufs\u00a0 am\u00e9nag\u00e9s gr\u00e2ce \u00e0 L&rsquo;Universit\u00e9 de Limoges et un financement de la R\u00e9gion Aquitaine. Les travaux sont achev\u00e9s depuis fin septembre mais jusqu&rsquo;\u00e0 pr\u00e9sent les machines \u00e9taient toujours [&hellip;]","og_url":"https:\/\/asso.unilim.fr\/fablab19\/2023\/12\/07\/amenagement-des-nouveaux-locaux-du-fablab19\/","og_site_name":"FABLAB19","article_published_time":"2023-12-07T17:05:36+00:00","article_modified_time":"2023-12-07T17:09:47+00:00","og_image":[{"width":1259,"height":701,"url":"https:\/\/www.unilim.fr\/fablab19\/wp-content\/uploads\/sites\/8\/2023\/12\/atelier_mecar.png","type":"image\/png"}],"author":"valenp01","twitter_card":"summary_large_image","twitter_misc":{"\u00c9crit par":"valenp01","Dur\u00e9e de lecture estim\u00e9e":"1 minute"},"schema":{"@context":"https:\/\/schema.org","@graph":[{"@type":"WebPage","@id":"https:\/\/asso.unilim.fr\/fablab19\/2023\/12\/07\/amenagement-des-nouveaux-locaux-du-fablab19\/","url":"https:\/\/asso.unilim.fr\/fablab19\/2023\/12\/07\/amenagement-des-nouveaux-locaux-du-fablab19\/","name":"Am\u00e9nagement des nouveaux locaux du Fablab19 - FABLAB19","isPartOf":{"@id":"https:\/\/asso.unilim.fr\/fablab19\/#website"},"primaryImageOfPage":{"@id":"https:\/\/asso.unilim.fr\/fablab19\/2023\/12\/07\/amenagement-des-nouveaux-locaux-du-fablab19\/#primaryimage"},"image":{"@id":"https:\/\/asso.unilim.fr\/fablab19\/2023\/12\/07\/amenagement-des-nouveaux-locaux-du-fablab19\/#primaryimage"},"thumbnailUrl":"https:\/\/www.unilim.fr\/fablab19\/wp-content\/uploads\/sites\/8\/2023\/12\/atelier_mecar.png","datePublished":"2023-12-07T17:05:36+00:00","dateModified":"2023-12-07T17:09:47+00:00","author":{"@id":"https:\/\/asso.unilim.fr\/fablab19\/#\/schema\/person\/285b5dc8147af72e68f54013e21ddbc6"},"breadcrumb":{"@id":"https:\/\/asso.unilim.fr\/fablab19\/2023\/12\/07\/amenagement-des-nouveaux-locaux-du-fablab19\/#breadcrumb"},"inLanguage":"fr-FR","potentialAction":[{"@type":"ReadAction","target":["https:\/\/asso.unilim.fr\/fablab19\/2023\/12\/07\/amenagement-des-nouveaux-locaux-du-fablab19\/"]}]},{"@type":"ImageObject","inLanguage":"fr-FR","@id":"https:\/\/asso.unilim.fr\/fablab19\/2023\/12\/07\/amenagement-des-nouveaux-locaux-du-fablab19\/#primaryimage","url":"https:\/\/www.unilim.fr\/fablab19\/wp-content\/uploads\/sites\/8\/2023\/12\/atelier_mecar.png","contentUrl":"https:\/\/www.unilim.fr\/fablab19\/wp-content\/uploads\/sites\/8\/2023\/12\/atelier_mecar.png","width":1259,"height":701,"caption":"Atelier de m\u00e9canique"},{"@type":"BreadcrumbList","@id":"https:\/\/asso.unilim.fr\/fablab19\/2023\/12\/07\/amenagement-des-nouveaux-locaux-du-fablab19\/#breadcrumb","itemListElement":[{"@type":"ListItem","position":1,"name":"Accueil","item":"https:\/\/asso.unilim.fr\/fablab19\/"},{"@type":"ListItem","position":2,"name":"Am\u00e9nagement des nouveaux locaux du Fablab19"}]},{"@type":"WebSite","@id":"https:\/\/asso.unilim.fr\/fablab19\/#website","url":"https:\/\/asso.unilim.fr\/fablab19\/","name":"FABLAB19","description":"Fablab19 source de r\u00e9ussites","potentialAction":[{"@type":"SearchAction","target":{"@type":"EntryPoint","urlTemplate":"https:\/\/asso.unilim.fr\/fablab19\/?s={search_term_string}"},"query-input":{"@type":"PropertyValueSpecification","valueRequired":true,"valueName":"search_term_string"}}],"inLanguage":"fr-FR"},{"@type":"Person","@id":"https:\/\/asso.unilim.fr\/fablab19\/#\/schema\/person\/285b5dc8147af72e68f54013e21ddbc6","name":"valenp01","image":{"@type":"ImageObject","inLanguage":"fr-FR","@id":"https:\/\/asso.unilim.fr\/fablab19\/#\/schema\/person\/image\/","url":"https:\/\/secure.gravatar.com\/avatar\/9e7182d28f47357b8913fffd8e16aae15eb5bf8338b259e4bb57baa39d563766?s=96&d=mm&r=g","contentUrl":"https:\/\/secure.gravatar.com\/avatar\/9e7182d28f47357b8913fffd8e16aae15eb5bf8338b259e4bb57baa39d563766?s=96&d=mm&r=g","caption":"valenp01"},"url":"https:\/\/asso.unilim.fr\/fablab19\/author\/valenp01\/"}]}},"_links":{"self":[{"href":"https:\/\/asso.unilim.fr\/fablab19\/wp-json\/wp\/v2\/posts\/983","targetHints":{"allow":["GET"]}}],"collection":[{"href":"https:\/\/asso.unilim.fr\/fablab19\/wp-json\/wp\/v2\/posts"}],"about":[{"href":"https:\/\/asso.unilim.fr\/fablab19\/wp-json\/wp\/v2\/types\/post"}],"author":[{"embeddable":true,"href":"https:\/\/asso.unilim.fr\/fablab19\/wp-json\/wp\/v2\/users\/89"}],"replies":[{"embeddable":true,"href":"https:\/\/asso.unilim.fr\/fablab19\/wp-json\/wp\/v2\/comments?post=983"}],"version-history":[{"count":0,"href":"https:\/\/asso.unilim.fr\/fablab19\/wp-json\/wp\/v2\/posts\/983\/revisions"}],"wp:featuredmedia":[{"embeddable":true,"href":"https:\/\/asso.unilim.fr\/fablab19\/wp-json\/wp\/v2\/media\/987"}],"wp:attachment":[{"href":"https:\/\/asso.unilim.fr\/fablab19\/wp-json\/wp\/v2\/media?parent=983"}],"wp:term":[{"taxonomy":"category","embeddable":true,"href":"https:\/\/asso.unilim.fr\/fablab19\/wp-json\/wp\/v2\/categories?post=983"},{"taxonomy":"post_tag","embeddable":true,"href":"https:\/\/asso.unilim.fr\/fablab19\/wp-json\/wp\/v2\/tags?post=983"}],"curies":[{"name":"wp","href":"https:\/\/api.w.org\/{rel}","templated":true}]}}