{"id":947,"date":"2023-05-02T11:59:46","date_gmt":"2023-05-02T09:59:46","guid":{"rendered":"http:\/\/asso.unilim.fr\/fablab19\/?p=947"},"modified":"2023-05-11T18:34:26","modified_gmt":"2023-05-11T16:34:26","slug":"lancement-des-travaux-des-nouveaux-locaux","status":"publish","type":"post","link":"https:\/\/asso.unilim.fr\/fablab19\/2023\/05\/02\/lancement-des-travaux-des-nouveaux-locaux\/","title":{"rendered":"Lancement  des travaux des nouveaux locaux"},"content":{"rendered":"<figure id=\"attachment_956\" aria-describedby=\"caption-attachment-956\" style=\"width: 409px\" class=\"wp-caption alignright\"><img loading=\"lazy\" decoding=\"async\" class=\"wp-image-956\" src=\"https:\/\/www.unilim.fr\/fablab19\/wp-content\/uploads\/sites\/8\/2023\/05\/Salle_aero.jpg\" alt=\"\" width=\"409\" height=\"230\" srcset=\"https:\/\/www.unilim.fr\/fablab19\/wp-content\/uploads\/sites\/8\/2023\/05\/Salle_aero.jpg 2048w, https:\/\/www.unilim.fr\/fablab19\/wp-content\/uploads\/sites\/8\/2023\/05\/Salle_aero-300x169.jpg 300w, https:\/\/www.unilim.fr\/fablab19\/wp-content\/uploads\/sites\/8\/2023\/05\/Salle_aero-1024x576.jpg 1024w, https:\/\/www.unilim.fr\/fablab19\/wp-content\/uploads\/sites\/8\/2023\/05\/Salle_aero-354x200.jpg 354w, https:\/\/www.unilim.fr\/fablab19\/wp-content\/uploads\/sites\/8\/2023\/05\/Salle_aero-768x432.jpg 768w, https:\/\/www.unilim.fr\/fablab19\/wp-content\/uploads\/sites\/8\/2023\/05\/Salle_aero-1536x864.jpg 1536w, https:\/\/www.unilim.fr\/fablab19\/wp-content\/uploads\/sites\/8\/2023\/05\/Salle_aero-640x360.jpg 640w\" sizes=\"auto, (max-width: 409px) 100vw, 409px\" \/><figcaption id=\"caption-attachment-956\" class=\"wp-caption-text\">Les volumes des salles se dessinent nettement au 11 mai 2023 avec de belles surprises. On commence \u00e0 voir se concr\u00e9tiser ce projet de 5 ann\u00e9es d&rsquo;efforts.<\/figcaption><\/figure>\n<p><strong>Les diff\u00e9rentes \u00e9tapes des travaux suites aux r\u00e9unions de chantier &#8230;<br \/>\n<\/strong><\/p>\n<ul>\n<li>\u00a0Le 11 mai les travaux avancent\u00a0 \u00e0 vitesse grand V. Le compteur EDF\u00a0 a \u00e9t\u00e9 ouvert. Les cloisons sont presque en place et les volumes se dessinent nettement. Les sanitaires devraient \u00eatre op\u00e9rationnels rapidement. Les \u00e9quipes sont toujours efficaces.<br \/>\n________________________________________<\/li>\n<li>Nous sommes le 02 mai 2023 et c&rsquo;est le lancement , tr\u00e8s attendus des travaux de r\u00e9novation des nouveaux locaux du Fablab19. Gr\u00e2ce \u00e0 l&rsquo;universit\u00e9 et au financement de la r\u00e9gion ce projet peut enfin voir le jour. <em> [<span class=\"fontstyle0\">Financement obtenu de 170 k\u20ac par la R\u00e9gion (plan de relance)<\/span> ]\n________________________________________<br \/>\n<\/em><\/li>\n<\/ul>\n<p>Les travaux d\u00e9butent par le d\u00e9montage des plafonds et c&rsquo;est en septembre 2023 que l\u2019association Fablab19 pourra prendre possession des lieux. Ce sont 200 m\u00b2\u00a0 qui vont donner une r\u00e9elle souplesse dans ses activit\u00e9s.<\/p>\n<p><img loading=\"lazy\" decoding=\"async\" class=\"wp-image-950 alignnone\" src=\"https:\/\/www.unilim.fr\/fablab19\/wp-content\/uploads\/sites\/8\/2023\/05\/Bat-fab_ancien1.jpg\" alt=\"\" width=\"281\" height=\"158\" srcset=\"https:\/\/www.unilim.fr\/fablab19\/wp-content\/uploads\/sites\/8\/2023\/05\/Bat-fab_ancien1.jpg 2048w, https:\/\/www.unilim.fr\/fablab19\/wp-content\/uploads\/sites\/8\/2023\/05\/Bat-fab_ancien1-300x169.jpg 300w, https:\/\/www.unilim.fr\/fablab19\/wp-content\/uploads\/sites\/8\/2023\/05\/Bat-fab_ancien1-1024x576.jpg 1024w, https:\/\/www.unilim.fr\/fablab19\/wp-content\/uploads\/sites\/8\/2023\/05\/Bat-fab_ancien1-354x200.jpg 354w, https:\/\/www.unilim.fr\/fablab19\/wp-content\/uploads\/sites\/8\/2023\/05\/Bat-fab_ancien1-768x432.jpg 768w, https:\/\/www.unilim.fr\/fablab19\/wp-content\/uploads\/sites\/8\/2023\/05\/Bat-fab_ancien1-1536x864.jpg 1536w, https:\/\/www.unilim.fr\/fablab19\/wp-content\/uploads\/sites\/8\/2023\/05\/Bat-fab_ancien1-640x360.jpg 640w\" sizes=\"auto, (max-width: 281px) 100vw, 281px\" \/>1ere Journ\u00e9e efficace !<\/p>\n<p>Les faux\u00a0 plafonds ont\u00a0 \u00e9t\u00e9 d\u00e9mont\u00e9s.\u00a0 Beau volume.<\/p>\n<p>&nbsp;<\/p>\n","protected":false},"excerpt":{"rendered":"<p>Les diff\u00e9rentes \u00e9tapes des travaux suites aux r\u00e9unions de chantier &#8230; \u00a0Le 11 mai les travaux avancent\u00a0 \u00e0 vitesse grand V. Le compteur EDF\u00a0 a \u00e9t\u00e9 ouvert. Les cloisons sont presque en place et les volumes se dessinent nettement. Les sanitaires devraient \u00eatre op\u00e9rationnels rapidement. Les \u00e9quipes sont toujours efficaces. ________________________________________ Nous sommes le 02 [&hellip;]<\/p>\n","protected":false},"author":89,"featured_media":948,"comment_status":"open","ping_status":"open","sticky":false,"template":"","format":"standard","meta":{"footnotes":""},"categories":[1,4,10],"tags":[],"class_list":["post-947","post","type-post","status-publish","format-standard","has-post-thumbnail","hentry","category-actualite","category-conference","category-presse"],"yoast_head":"<!-- This site is optimized with the Yoast SEO plugin v26.3 - https:\/\/yoast.com\/wordpress\/plugins\/seo\/ -->\n<title>Lancement des travaux des nouveaux locaux - FABLAB19<\/title>\n<meta name=\"robots\" content=\"index, follow, max-snippet:-1, max-image-preview:large, max-video-preview:-1\" \/>\n<link rel=\"canonical\" href=\"https:\/\/asso.unilim.fr\/fablab19\/2023\/05\/02\/lancement-des-travaux-des-nouveaux-locaux\/\" \/>\n<meta property=\"og:locale\" content=\"fr_FR\" \/>\n<meta property=\"og:type\" content=\"article\" \/>\n<meta property=\"og:title\" content=\"Lancement des travaux des nouveaux locaux - FABLAB19\" \/>\n<meta property=\"og:description\" content=\"Les diff\u00e9rentes \u00e9tapes des travaux suites aux r\u00e9unions de chantier &#8230; \u00a0Le 11 mai les travaux avancent\u00a0 \u00e0 vitesse grand V. Le compteur EDF\u00a0 a \u00e9t\u00e9 ouvert. Les cloisons sont presque en place et les volumes se dessinent nettement. Les sanitaires devraient \u00eatre op\u00e9rationnels rapidement. Les \u00e9quipes sont toujours efficaces. ________________________________________ Nous sommes le 02 [&hellip;]\" \/>\n<meta property=\"og:url\" content=\"https:\/\/asso.unilim.fr\/fablab19\/2023\/05\/02\/lancement-des-travaux-des-nouveaux-locaux\/\" \/>\n<meta property=\"og:site_name\" content=\"FABLAB19\" \/>\n<meta property=\"article:published_time\" content=\"2023-05-02T09:59:46+00:00\" \/>\n<meta property=\"article:modified_time\" content=\"2023-05-11T16:34:26+00:00\" \/>\n<meta property=\"og:image\" content=\"https:\/\/www.unilim.fr\/fablab19\/wp-content\/uploads\/sites\/8\/2023\/05\/Bat-fab_ancien.jpg\" \/>\n\t<meta property=\"og:image:width\" content=\"716\" \/>\n\t<meta property=\"og:image:height\" content=\"403\" \/>\n\t<meta property=\"og:image:type\" content=\"image\/jpeg\" \/>\n<meta name=\"author\" content=\"valenp01\" \/>\n<meta name=\"twitter:card\" content=\"summary_large_image\" \/>\n<meta name=\"twitter:label1\" content=\"\u00c9crit par\" \/>\n\t<meta name=\"twitter:data1\" content=\"valenp01\" \/>\n\t<meta name=\"twitter:label2\" content=\"Dur\u00e9e de lecture estim\u00e9e\" \/>\n\t<meta name=\"twitter:data2\" content=\"1 minute\" \/>\n<script type=\"application\/ld+json\" class=\"yoast-schema-graph\">{\"@context\":\"https:\/\/schema.org\",\"@graph\":[{\"@type\":\"WebPage\",\"@id\":\"https:\/\/asso.unilim.fr\/fablab19\/2023\/05\/02\/lancement-des-travaux-des-nouveaux-locaux\/\",\"url\":\"https:\/\/asso.unilim.fr\/fablab19\/2023\/05\/02\/lancement-des-travaux-des-nouveaux-locaux\/\",\"name\":\"Lancement des travaux des nouveaux locaux - FABLAB19\",\"isPartOf\":{\"@id\":\"https:\/\/asso.unilim.fr\/fablab19\/#website\"},\"primaryImageOfPage\":{\"@id\":\"https:\/\/asso.unilim.fr\/fablab19\/2023\/05\/02\/lancement-des-travaux-des-nouveaux-locaux\/#primaryimage\"},\"image\":{\"@id\":\"https:\/\/asso.unilim.fr\/fablab19\/2023\/05\/02\/lancement-des-travaux-des-nouveaux-locaux\/#primaryimage\"},\"thumbnailUrl\":\"https:\/\/www.unilim.fr\/fablab19\/wp-content\/uploads\/sites\/8\/2023\/05\/Bat-fab_ancien.jpg\",\"datePublished\":\"2023-05-02T09:59:46+00:00\",\"dateModified\":\"2023-05-11T16:34:26+00:00\",\"author\":{\"@id\":\"https:\/\/asso.unilim.fr\/fablab19\/#\/schema\/person\/285b5dc8147af72e68f54013e21ddbc6\"},\"breadcrumb\":{\"@id\":\"https:\/\/asso.unilim.fr\/fablab19\/2023\/05\/02\/lancement-des-travaux-des-nouveaux-locaux\/#breadcrumb\"},\"inLanguage\":\"fr-FR\",\"potentialAction\":[{\"@type\":\"ReadAction\",\"target\":[\"https:\/\/asso.unilim.fr\/fablab19\/2023\/05\/02\/lancement-des-travaux-des-nouveaux-locaux\/\"]}]},{\"@type\":\"ImageObject\",\"inLanguage\":\"fr-FR\",\"@id\":\"https:\/\/asso.unilim.fr\/fablab19\/2023\/05\/02\/lancement-des-travaux-des-nouveaux-locaux\/#primaryimage\",\"url\":\"https:\/\/www.unilim.fr\/fablab19\/wp-content\/uploads\/sites\/8\/2023\/05\/Bat-fab_ancien.jpg\",\"contentUrl\":\"https:\/\/www.unilim.fr\/fablab19\/wp-content\/uploads\/sites\/8\/2023\/05\/Bat-fab_ancien.jpg\",\"width\":716,\"height\":403},{\"@type\":\"BreadcrumbList\",\"@id\":\"https:\/\/asso.unilim.fr\/fablab19\/2023\/05\/02\/lancement-des-travaux-des-nouveaux-locaux\/#breadcrumb\",\"itemListElement\":[{\"@type\":\"ListItem\",\"position\":1,\"name\":\"Accueil\",\"item\":\"https:\/\/asso.unilim.fr\/fablab19\/\"},{\"@type\":\"ListItem\",\"position\":2,\"name\":\"Lancement des travaux des nouveaux locaux\"}]},{\"@type\":\"WebSite\",\"@id\":\"https:\/\/asso.unilim.fr\/fablab19\/#website\",\"url\":\"https:\/\/asso.unilim.fr\/fablab19\/\",\"name\":\"FABLAB19\",\"description\":\"Fablab19 source de r\u00e9ussites\",\"potentialAction\":[{\"@type\":\"SearchAction\",\"target\":{\"@type\":\"EntryPoint\",\"urlTemplate\":\"https:\/\/asso.unilim.fr\/fablab19\/?s={search_term_string}\"},\"query-input\":{\"@type\":\"PropertyValueSpecification\",\"valueRequired\":true,\"valueName\":\"search_term_string\"}}],\"inLanguage\":\"fr-FR\"},{\"@type\":\"Person\",\"@id\":\"https:\/\/asso.unilim.fr\/fablab19\/#\/schema\/person\/285b5dc8147af72e68f54013e21ddbc6\",\"name\":\"valenp01\",\"image\":{\"@type\":\"ImageObject\",\"inLanguage\":\"fr-FR\",\"@id\":\"https:\/\/asso.unilim.fr\/fablab19\/#\/schema\/person\/image\/\",\"url\":\"https:\/\/secure.gravatar.com\/avatar\/9e7182d28f47357b8913fffd8e16aae15eb5bf8338b259e4bb57baa39d563766?s=96&d=mm&r=g\",\"contentUrl\":\"https:\/\/secure.gravatar.com\/avatar\/9e7182d28f47357b8913fffd8e16aae15eb5bf8338b259e4bb57baa39d563766?s=96&d=mm&r=g\",\"caption\":\"valenp01\"},\"url\":\"https:\/\/asso.unilim.fr\/fablab19\/author\/valenp01\/\"}]}<\/script>\n<!-- \/ Yoast SEO plugin. -->","yoast_head_json":{"title":"Lancement des travaux des nouveaux locaux - FABLAB19","robots":{"index":"index","follow":"follow","max-snippet":"max-snippet:-1","max-image-preview":"max-image-preview:large","max-video-preview":"max-video-preview:-1"},"canonical":"https:\/\/asso.unilim.fr\/fablab19\/2023\/05\/02\/lancement-des-travaux-des-nouveaux-locaux\/","og_locale":"fr_FR","og_type":"article","og_title":"Lancement des travaux des nouveaux locaux - FABLAB19","og_description":"Les diff\u00e9rentes \u00e9tapes des travaux suites aux r\u00e9unions de chantier &#8230; \u00a0Le 11 mai les travaux avancent\u00a0 \u00e0 vitesse grand V. Le compteur EDF\u00a0 a \u00e9t\u00e9 ouvert. Les cloisons sont presque en place et les volumes se dessinent nettement. Les sanitaires devraient \u00eatre op\u00e9rationnels rapidement. Les \u00e9quipes sont toujours efficaces. ________________________________________ Nous sommes le 02 [&hellip;]","og_url":"https:\/\/asso.unilim.fr\/fablab19\/2023\/05\/02\/lancement-des-travaux-des-nouveaux-locaux\/","og_site_name":"FABLAB19","article_published_time":"2023-05-02T09:59:46+00:00","article_modified_time":"2023-05-11T16:34:26+00:00","og_image":[{"width":716,"height":403,"url":"https:\/\/www.unilim.fr\/fablab19\/wp-content\/uploads\/sites\/8\/2023\/05\/Bat-fab_ancien.jpg","type":"image\/jpeg"}],"author":"valenp01","twitter_card":"summary_large_image","twitter_misc":{"\u00c9crit par":"valenp01","Dur\u00e9e de lecture estim\u00e9e":"1 minute"},"schema":{"@context":"https:\/\/schema.org","@graph":[{"@type":"WebPage","@id":"https:\/\/asso.unilim.fr\/fablab19\/2023\/05\/02\/lancement-des-travaux-des-nouveaux-locaux\/","url":"https:\/\/asso.unilim.fr\/fablab19\/2023\/05\/02\/lancement-des-travaux-des-nouveaux-locaux\/","name":"Lancement des travaux des nouveaux locaux - FABLAB19","isPartOf":{"@id":"https:\/\/asso.unilim.fr\/fablab19\/#website"},"primaryImageOfPage":{"@id":"https:\/\/asso.unilim.fr\/fablab19\/2023\/05\/02\/lancement-des-travaux-des-nouveaux-locaux\/#primaryimage"},"image":{"@id":"https:\/\/asso.unilim.fr\/fablab19\/2023\/05\/02\/lancement-des-travaux-des-nouveaux-locaux\/#primaryimage"},"thumbnailUrl":"https:\/\/www.unilim.fr\/fablab19\/wp-content\/uploads\/sites\/8\/2023\/05\/Bat-fab_ancien.jpg","datePublished":"2023-05-02T09:59:46+00:00","dateModified":"2023-05-11T16:34:26+00:00","author":{"@id":"https:\/\/asso.unilim.fr\/fablab19\/#\/schema\/person\/285b5dc8147af72e68f54013e21ddbc6"},"breadcrumb":{"@id":"https:\/\/asso.unilim.fr\/fablab19\/2023\/05\/02\/lancement-des-travaux-des-nouveaux-locaux\/#breadcrumb"},"inLanguage":"fr-FR","potentialAction":[{"@type":"ReadAction","target":["https:\/\/asso.unilim.fr\/fablab19\/2023\/05\/02\/lancement-des-travaux-des-nouveaux-locaux\/"]}]},{"@type":"ImageObject","inLanguage":"fr-FR","@id":"https:\/\/asso.unilim.fr\/fablab19\/2023\/05\/02\/lancement-des-travaux-des-nouveaux-locaux\/#primaryimage","url":"https:\/\/www.unilim.fr\/fablab19\/wp-content\/uploads\/sites\/8\/2023\/05\/Bat-fab_ancien.jpg","contentUrl":"https:\/\/www.unilim.fr\/fablab19\/wp-content\/uploads\/sites\/8\/2023\/05\/Bat-fab_ancien.jpg","width":716,"height":403},{"@type":"BreadcrumbList","@id":"https:\/\/asso.unilim.fr\/fablab19\/2023\/05\/02\/lancement-des-travaux-des-nouveaux-locaux\/#breadcrumb","itemListElement":[{"@type":"ListItem","position":1,"name":"Accueil","item":"https:\/\/asso.unilim.fr\/fablab19\/"},{"@type":"ListItem","position":2,"name":"Lancement des travaux des nouveaux locaux"}]},{"@type":"WebSite","@id":"https:\/\/asso.unilim.fr\/fablab19\/#website","url":"https:\/\/asso.unilim.fr\/fablab19\/","name":"FABLAB19","description":"Fablab19 source de r\u00e9ussites","potentialAction":[{"@type":"SearchAction","target":{"@type":"EntryPoint","urlTemplate":"https:\/\/asso.unilim.fr\/fablab19\/?s={search_term_string}"},"query-input":{"@type":"PropertyValueSpecification","valueRequired":true,"valueName":"search_term_string"}}],"inLanguage":"fr-FR"},{"@type":"Person","@id":"https:\/\/asso.unilim.fr\/fablab19\/#\/schema\/person\/285b5dc8147af72e68f54013e21ddbc6","name":"valenp01","image":{"@type":"ImageObject","inLanguage":"fr-FR","@id":"https:\/\/asso.unilim.fr\/fablab19\/#\/schema\/person\/image\/","url":"https:\/\/secure.gravatar.com\/avatar\/9e7182d28f47357b8913fffd8e16aae15eb5bf8338b259e4bb57baa39d563766?s=96&d=mm&r=g","contentUrl":"https:\/\/secure.gravatar.com\/avatar\/9e7182d28f47357b8913fffd8e16aae15eb5bf8338b259e4bb57baa39d563766?s=96&d=mm&r=g","caption":"valenp01"},"url":"https:\/\/asso.unilim.fr\/fablab19\/author\/valenp01\/"}]}},"_links":{"self":[{"href":"https:\/\/asso.unilim.fr\/fablab19\/wp-json\/wp\/v2\/posts\/947","targetHints":{"allow":["GET"]}}],"collection":[{"href":"https:\/\/asso.unilim.fr\/fablab19\/wp-json\/wp\/v2\/posts"}],"about":[{"href":"https:\/\/asso.unilim.fr\/fablab19\/wp-json\/wp\/v2\/types\/post"}],"author":[{"embeddable":true,"href":"https:\/\/asso.unilim.fr\/fablab19\/wp-json\/wp\/v2\/users\/89"}],"replies":[{"embeddable":true,"href":"https:\/\/asso.unilim.fr\/fablab19\/wp-json\/wp\/v2\/comments?post=947"}],"version-history":[{"count":0,"href":"https:\/\/asso.unilim.fr\/fablab19\/wp-json\/wp\/v2\/posts\/947\/revisions"}],"wp:featuredmedia":[{"embeddable":true,"href":"https:\/\/asso.unilim.fr\/fablab19\/wp-json\/wp\/v2\/media\/948"}],"wp:attachment":[{"href":"https:\/\/asso.unilim.fr\/fablab19\/wp-json\/wp\/v2\/media?parent=947"}],"wp:term":[{"taxonomy":"category","embeddable":true,"href":"https:\/\/asso.unilim.fr\/fablab19\/wp-json\/wp\/v2\/categories?post=947"},{"taxonomy":"post_tag","embeddable":true,"href":"https:\/\/asso.unilim.fr\/fablab19\/wp-json\/wp\/v2\/tags?post=947"}],"curies":[{"name":"wp","href":"https:\/\/api.w.org\/{rel}","templated":true}]}}