{"id":93,"date":"2018-10-16T11:23:03","date_gmt":"2018-10-16T09:23:03","guid":{"rendered":"http:\/\/asso.unilim.fr\/fablab19\/?p=93"},"modified":"2018-10-16T11:24:59","modified_gmt":"2018-10-16T09:24:59","slug":"projet-camera-motorisee-pour-lentreprise-edf","status":"publish","type":"post","link":"https:\/\/asso.unilim.fr\/fablab19\/2018\/10\/16\/projet-camera-motorisee-pour-lentreprise-edf\/","title":{"rendered":"Projet &#8211; Cam\u00e9ra motoris\u00e9e pour l\u2019entreprise EDF"},"content":{"rendered":"<figure id=\"attachment_95\" aria-describedby=\"caption-attachment-95\" style=\"width: 228px\" class=\"wp-caption alignleft\"><img loading=\"lazy\" decoding=\"async\" class=\"wp-image-95 \" src=\"https:\/\/www.unilim.fr\/fablab19\/wp-content\/uploads\/sites\/8\/2018\/10\/mouanga_debat-300x217.jpg\" alt=\"\" width=\"228\" height=\"165\" srcset=\"https:\/\/www.unilim.fr\/fablab19\/wp-content\/uploads\/sites\/8\/2018\/10\/mouanga_debat-300x217.jpg 300w, https:\/\/www.unilim.fr\/fablab19\/wp-content\/uploads\/sites\/8\/2018\/10\/mouanga_debat-768x554.jpg 768w, https:\/\/www.unilim.fr\/fablab19\/wp-content\/uploads\/sites\/8\/2018\/10\/mouanga_debat-1024x739.jpg 1024w, https:\/\/www.unilim.fr\/fablab19\/wp-content\/uploads\/sites\/8\/2018\/10\/mouanga_debat.jpg 1208w\" sizes=\"auto, (max-width: 228px) 100vw, 228px\" \/><figcaption id=\"caption-attachment-95\" class=\"wp-caption-text\">Article paru dans La montagne le 1 Avril 2017 \u00e0 l&rsquo;occasion des 30 ans du d\u00e9partement GEII de Brive &#8211; Merci \u00e0 La montagne pour cet article.<\/figcaption><\/figure>\n<p><span id=\"ember17469\"><strong> <img loading=\"lazy\" decoding=\"async\" class=\"wp-image-94 alignright\" src=\"https:\/\/www.unilim.fr\/fablab19\/wp-content\/uploads\/sites\/8\/2018\/10\/camera_mobile-300x280.jpg\" alt=\"\" width=\"224\" height=\"209\" srcset=\"https:\/\/www.unilim.fr\/fablab19\/wp-content\/uploads\/sites\/8\/2018\/10\/camera_mobile-300x280.jpg 300w, https:\/\/www.unilim.fr\/fablab19\/wp-content\/uploads\/sites\/8\/2018\/10\/camera_mobile-768x716.jpg 768w, https:\/\/www.unilim.fr\/fablab19\/wp-content\/uploads\/sites\/8\/2018\/10\/camera_mobile.jpg 933w\" sizes=\"auto, (max-width: 224px) 100vw, 224px\" \/>Chrystie MOUANGA et Guillaume DEDAT<\/strong> deux \u00e9tudiants de GEII Brive ont r\u00e9alis\u00e9 cette cam\u00e9ra rotative. C&rsquo;est une <\/span><span id=\"ember17469\">camera d&rsquo;inspection de conduites d\u00e9velopp\u00e9e pour EDF dans le cadre de leur projet de DUT.<\/span><\/p>\n<p><span id=\"ember17469\"> Ils se sont appuy\u00e9s sur les outils et comp\u00e9tences des membres du Fablab19 pour d\u00e9velopper la partie m\u00e9canique en impression 3D.<\/span><\/p>\n<p><span id=\"ember17469\"><a href=\"http:\/\/www.lamontagne.fr\/brive-la-gaillarde\/education\/2017\/04\/01\/en-projet-tuteure-deux-etudiants-de-liut-geii-ont-fabrique-un-prototype-de-camera-rotative_12346673.html\"> Un article est paru dans la presse local.<\/a><\/span><\/p>\n<p>&nbsp;<\/p>\n<p>&nbsp;<\/p>\n<figure id=\"attachment_97\" aria-describedby=\"caption-attachment-97\" style=\"width: 280px\" class=\"wp-caption alignleft\"><img loading=\"lazy\" decoding=\"async\" class=\"wp-image-97\" src=\"https:\/\/www.unilim.fr\/fablab19\/wp-content\/uploads\/sites\/8\/2018\/10\/pivot_camera-300x300.jpg\" alt=\"\" width=\"280\" height=\"280\" srcset=\"https:\/\/www.unilim.fr\/fablab19\/wp-content\/uploads\/sites\/8\/2018\/10\/pivot_camera-300x300.jpg 300w, https:\/\/www.unilim.fr\/fablab19\/wp-content\/uploads\/sites\/8\/2018\/10\/pivot_camera-600x600.jpg 600w, https:\/\/www.unilim.fr\/fablab19\/wp-content\/uploads\/sites\/8\/2018\/10\/pivot_camera.jpg 714w\" sizes=\"auto, (max-width: 280px) 100vw, 280px\" \/><figcaption id=\"caption-attachment-97\" class=\"wp-caption-text\">Syst\u00e8me articul\u00e9, r\u00e9alis\u00e9 \u00e0 l&rsquo;impression 3D, permettant le montage de la cam\u00e9ra et son orientation au moyen de servomoteurs. Le tout est pilot\u00e9 par une carte Arduino.<\/figcaption><\/figure>\n<p><strong>\u00a0<\/strong><\/p>\n<p>&nbsp;<\/p>\n<p>&nbsp;<\/p>\n<p>&nbsp;<\/p>\n<p>&nbsp;<\/p>\n<p>&nbsp;<\/p>\n<p>&nbsp;<\/p>\n","protected":false},"excerpt":{"rendered":"<p>Chrystie MOUANGA et Guillaume DEDAT deux \u00e9tudiants de GEII Brive ont r\u00e9alis\u00e9 cette cam\u00e9ra rotative. C&rsquo;est une camera d&rsquo;inspection de conduites d\u00e9velopp\u00e9e pour EDF dans le cadre de leur projet de DUT. Ils se sont appuy\u00e9s sur les outils et comp\u00e9tences des membres du Fablab19 pour d\u00e9velopper la partie m\u00e9canique en impression 3D. Un article [&hellip;]<\/p>\n","protected":false},"author":89,"featured_media":96,"comment_status":"open","ping_status":"open","sticky":false,"template":"","format":"standard","meta":{"footnotes":""},"categories":[1,16],"tags":[],"class_list":["post-93","post","type-post","status-publish","format-standard","has-post-thumbnail","hentry","category-actualite","category-realisations"],"yoast_head":"<!-- This site is optimized with the Yoast SEO plugin v26.3 - https:\/\/yoast.com\/wordpress\/plugins\/seo\/ -->\n<title>Projet - Cam\u00e9ra motoris\u00e9e pour l\u2019entreprise EDF - FABLAB19<\/title>\n<meta name=\"robots\" content=\"index, follow, max-snippet:-1, max-image-preview:large, max-video-preview:-1\" \/>\n<link rel=\"canonical\" href=\"https:\/\/asso.unilim.fr\/fablab19\/2018\/10\/16\/projet-camera-motorisee-pour-lentreprise-edf\/\" \/>\n<meta property=\"og:locale\" content=\"fr_FR\" \/>\n<meta property=\"og:type\" content=\"article\" \/>\n<meta property=\"og:title\" content=\"Projet - Cam\u00e9ra motoris\u00e9e pour l\u2019entreprise EDF - FABLAB19\" \/>\n<meta property=\"og:description\" content=\"Chrystie MOUANGA et Guillaume DEDAT deux \u00e9tudiants de GEII Brive ont r\u00e9alis\u00e9 cette cam\u00e9ra rotative. C&rsquo;est une camera d&rsquo;inspection de conduites d\u00e9velopp\u00e9e pour EDF dans le cadre de leur projet de DUT. Ils se sont appuy\u00e9s sur les outils et comp\u00e9tences des membres du Fablab19 pour d\u00e9velopper la partie m\u00e9canique en impression 3D. Un article [&hellip;]\" \/>\n<meta property=\"og:url\" content=\"https:\/\/asso.unilim.fr\/fablab19\/2018\/10\/16\/projet-camera-motorisee-pour-lentreprise-edf\/\" \/>\n<meta property=\"og:site_name\" content=\"FABLAB19\" \/>\n<meta property=\"article:published_time\" content=\"2018-10-16T09:23:03+00:00\" \/>\n<meta property=\"article:modified_time\" content=\"2018-10-16T09:24:59+00:00\" \/>\n<meta property=\"og:image\" content=\"https:\/\/www.unilim.fr\/fablab19\/wp-content\/uploads\/sites\/8\/2018\/10\/mouanga_debat-1.jpg\" \/>\n\t<meta property=\"og:image:width\" content=\"945\" \/>\n\t<meta property=\"og:image:height\" content=\"780\" \/>\n\t<meta property=\"og:image:type\" content=\"image\/jpeg\" \/>\n<meta name=\"author\" content=\"valenp01\" \/>\n<meta name=\"twitter:card\" content=\"summary_large_image\" \/>\n<meta name=\"twitter:label1\" content=\"\u00c9crit par\" \/>\n\t<meta name=\"twitter:data1\" content=\"valenp01\" \/>\n\t<meta name=\"twitter:label2\" content=\"Dur\u00e9e de lecture estim\u00e9e\" \/>\n\t<meta name=\"twitter:data2\" content=\"1 minute\" \/>\n<script type=\"application\/ld+json\" class=\"yoast-schema-graph\">{\"@context\":\"https:\/\/schema.org\",\"@graph\":[{\"@type\":\"WebPage\",\"@id\":\"https:\/\/asso.unilim.fr\/fablab19\/2018\/10\/16\/projet-camera-motorisee-pour-lentreprise-edf\/\",\"url\":\"https:\/\/asso.unilim.fr\/fablab19\/2018\/10\/16\/projet-camera-motorisee-pour-lentreprise-edf\/\",\"name\":\"Projet - Cam\u00e9ra motoris\u00e9e pour l\u2019entreprise EDF - FABLAB19\",\"isPartOf\":{\"@id\":\"https:\/\/asso.unilim.fr\/fablab19\/#website\"},\"primaryImageOfPage\":{\"@id\":\"https:\/\/asso.unilim.fr\/fablab19\/2018\/10\/16\/projet-camera-motorisee-pour-lentreprise-edf\/#primaryimage\"},\"image\":{\"@id\":\"https:\/\/asso.unilim.fr\/fablab19\/2018\/10\/16\/projet-camera-motorisee-pour-lentreprise-edf\/#primaryimage\"},\"thumbnailUrl\":\"https:\/\/www.unilim.fr\/fablab19\/wp-content\/uploads\/sites\/8\/2018\/10\/mouanga_debat-1.jpg\",\"datePublished\":\"2018-10-16T09:23:03+00:00\",\"dateModified\":\"2018-10-16T09:24:59+00:00\",\"author\":{\"@id\":\"https:\/\/asso.unilim.fr\/fablab19\/#\/schema\/person\/285b5dc8147af72e68f54013e21ddbc6\"},\"breadcrumb\":{\"@id\":\"https:\/\/asso.unilim.fr\/fablab19\/2018\/10\/16\/projet-camera-motorisee-pour-lentreprise-edf\/#breadcrumb\"},\"inLanguage\":\"fr-FR\",\"potentialAction\":[{\"@type\":\"ReadAction\",\"target\":[\"https:\/\/asso.unilim.fr\/fablab19\/2018\/10\/16\/projet-camera-motorisee-pour-lentreprise-edf\/\"]}]},{\"@type\":\"ImageObject\",\"inLanguage\":\"fr-FR\",\"@id\":\"https:\/\/asso.unilim.fr\/fablab19\/2018\/10\/16\/projet-camera-motorisee-pour-lentreprise-edf\/#primaryimage\",\"url\":\"https:\/\/www.unilim.fr\/fablab19\/wp-content\/uploads\/sites\/8\/2018\/10\/mouanga_debat-1.jpg\",\"contentUrl\":\"https:\/\/www.unilim.fr\/fablab19\/wp-content\/uploads\/sites\/8\/2018\/10\/mouanga_debat-1.jpg\",\"width\":945,\"height\":780},{\"@type\":\"BreadcrumbList\",\"@id\":\"https:\/\/asso.unilim.fr\/fablab19\/2018\/10\/16\/projet-camera-motorisee-pour-lentreprise-edf\/#breadcrumb\",\"itemListElement\":[{\"@type\":\"ListItem\",\"position\":1,\"name\":\"Accueil\",\"item\":\"https:\/\/asso.unilim.fr\/fablab19\/\"},{\"@type\":\"ListItem\",\"position\":2,\"name\":\"Projet &#8211; Cam\u00e9ra motoris\u00e9e pour l\u2019entreprise EDF\"}]},{\"@type\":\"WebSite\",\"@id\":\"https:\/\/asso.unilim.fr\/fablab19\/#website\",\"url\":\"https:\/\/asso.unilim.fr\/fablab19\/\",\"name\":\"FABLAB19\",\"description\":\"Fablab19 source de r\u00e9ussites\",\"potentialAction\":[{\"@type\":\"SearchAction\",\"target\":{\"@type\":\"EntryPoint\",\"urlTemplate\":\"https:\/\/asso.unilim.fr\/fablab19\/?s={search_term_string}\"},\"query-input\":{\"@type\":\"PropertyValueSpecification\",\"valueRequired\":true,\"valueName\":\"search_term_string\"}}],\"inLanguage\":\"fr-FR\"},{\"@type\":\"Person\",\"@id\":\"https:\/\/asso.unilim.fr\/fablab19\/#\/schema\/person\/285b5dc8147af72e68f54013e21ddbc6\",\"name\":\"valenp01\",\"image\":{\"@type\":\"ImageObject\",\"inLanguage\":\"fr-FR\",\"@id\":\"https:\/\/asso.unilim.fr\/fablab19\/#\/schema\/person\/image\/\",\"url\":\"https:\/\/secure.gravatar.com\/avatar\/9e7182d28f47357b8913fffd8e16aae15eb5bf8338b259e4bb57baa39d563766?s=96&d=mm&r=g\",\"contentUrl\":\"https:\/\/secure.gravatar.com\/avatar\/9e7182d28f47357b8913fffd8e16aae15eb5bf8338b259e4bb57baa39d563766?s=96&d=mm&r=g\",\"caption\":\"valenp01\"},\"url\":\"https:\/\/asso.unilim.fr\/fablab19\/author\/valenp01\/\"}]}<\/script>\n<!-- \/ Yoast SEO plugin. -->","yoast_head_json":{"title":"Projet - Cam\u00e9ra motoris\u00e9e pour l\u2019entreprise EDF - FABLAB19","robots":{"index":"index","follow":"follow","max-snippet":"max-snippet:-1","max-image-preview":"max-image-preview:large","max-video-preview":"max-video-preview:-1"},"canonical":"https:\/\/asso.unilim.fr\/fablab19\/2018\/10\/16\/projet-camera-motorisee-pour-lentreprise-edf\/","og_locale":"fr_FR","og_type":"article","og_title":"Projet - Cam\u00e9ra motoris\u00e9e pour l\u2019entreprise EDF - FABLAB19","og_description":"Chrystie MOUANGA et Guillaume DEDAT deux \u00e9tudiants de GEII Brive ont r\u00e9alis\u00e9 cette cam\u00e9ra rotative. C&rsquo;est une camera d&rsquo;inspection de conduites d\u00e9velopp\u00e9e pour EDF dans le cadre de leur projet de DUT. Ils se sont appuy\u00e9s sur les outils et comp\u00e9tences des membres du Fablab19 pour d\u00e9velopper la partie m\u00e9canique en impression 3D. Un article [&hellip;]","og_url":"https:\/\/asso.unilim.fr\/fablab19\/2018\/10\/16\/projet-camera-motorisee-pour-lentreprise-edf\/","og_site_name":"FABLAB19","article_published_time":"2018-10-16T09:23:03+00:00","article_modified_time":"2018-10-16T09:24:59+00:00","og_image":[{"width":945,"height":780,"url":"https:\/\/www.unilim.fr\/fablab19\/wp-content\/uploads\/sites\/8\/2018\/10\/mouanga_debat-1.jpg","type":"image\/jpeg"}],"author":"valenp01","twitter_card":"summary_large_image","twitter_misc":{"\u00c9crit par":"valenp01","Dur\u00e9e de lecture estim\u00e9e":"1 minute"},"schema":{"@context":"https:\/\/schema.org","@graph":[{"@type":"WebPage","@id":"https:\/\/asso.unilim.fr\/fablab19\/2018\/10\/16\/projet-camera-motorisee-pour-lentreprise-edf\/","url":"https:\/\/asso.unilim.fr\/fablab19\/2018\/10\/16\/projet-camera-motorisee-pour-lentreprise-edf\/","name":"Projet - Cam\u00e9ra motoris\u00e9e pour l\u2019entreprise EDF - FABLAB19","isPartOf":{"@id":"https:\/\/asso.unilim.fr\/fablab19\/#website"},"primaryImageOfPage":{"@id":"https:\/\/asso.unilim.fr\/fablab19\/2018\/10\/16\/projet-camera-motorisee-pour-lentreprise-edf\/#primaryimage"},"image":{"@id":"https:\/\/asso.unilim.fr\/fablab19\/2018\/10\/16\/projet-camera-motorisee-pour-lentreprise-edf\/#primaryimage"},"thumbnailUrl":"https:\/\/www.unilim.fr\/fablab19\/wp-content\/uploads\/sites\/8\/2018\/10\/mouanga_debat-1.jpg","datePublished":"2018-10-16T09:23:03+00:00","dateModified":"2018-10-16T09:24:59+00:00","author":{"@id":"https:\/\/asso.unilim.fr\/fablab19\/#\/schema\/person\/285b5dc8147af72e68f54013e21ddbc6"},"breadcrumb":{"@id":"https:\/\/asso.unilim.fr\/fablab19\/2018\/10\/16\/projet-camera-motorisee-pour-lentreprise-edf\/#breadcrumb"},"inLanguage":"fr-FR","potentialAction":[{"@type":"ReadAction","target":["https:\/\/asso.unilim.fr\/fablab19\/2018\/10\/16\/projet-camera-motorisee-pour-lentreprise-edf\/"]}]},{"@type":"ImageObject","inLanguage":"fr-FR","@id":"https:\/\/asso.unilim.fr\/fablab19\/2018\/10\/16\/projet-camera-motorisee-pour-lentreprise-edf\/#primaryimage","url":"https:\/\/www.unilim.fr\/fablab19\/wp-content\/uploads\/sites\/8\/2018\/10\/mouanga_debat-1.jpg","contentUrl":"https:\/\/www.unilim.fr\/fablab19\/wp-content\/uploads\/sites\/8\/2018\/10\/mouanga_debat-1.jpg","width":945,"height":780},{"@type":"BreadcrumbList","@id":"https:\/\/asso.unilim.fr\/fablab19\/2018\/10\/16\/projet-camera-motorisee-pour-lentreprise-edf\/#breadcrumb","itemListElement":[{"@type":"ListItem","position":1,"name":"Accueil","item":"https:\/\/asso.unilim.fr\/fablab19\/"},{"@type":"ListItem","position":2,"name":"Projet &#8211; Cam\u00e9ra motoris\u00e9e pour l\u2019entreprise EDF"}]},{"@type":"WebSite","@id":"https:\/\/asso.unilim.fr\/fablab19\/#website","url":"https:\/\/asso.unilim.fr\/fablab19\/","name":"FABLAB19","description":"Fablab19 source de r\u00e9ussites","potentialAction":[{"@type":"SearchAction","target":{"@type":"EntryPoint","urlTemplate":"https:\/\/asso.unilim.fr\/fablab19\/?s={search_term_string}"},"query-input":{"@type":"PropertyValueSpecification","valueRequired":true,"valueName":"search_term_string"}}],"inLanguage":"fr-FR"},{"@type":"Person","@id":"https:\/\/asso.unilim.fr\/fablab19\/#\/schema\/person\/285b5dc8147af72e68f54013e21ddbc6","name":"valenp01","image":{"@type":"ImageObject","inLanguage":"fr-FR","@id":"https:\/\/asso.unilim.fr\/fablab19\/#\/schema\/person\/image\/","url":"https:\/\/secure.gravatar.com\/avatar\/9e7182d28f47357b8913fffd8e16aae15eb5bf8338b259e4bb57baa39d563766?s=96&d=mm&r=g","contentUrl":"https:\/\/secure.gravatar.com\/avatar\/9e7182d28f47357b8913fffd8e16aae15eb5bf8338b259e4bb57baa39d563766?s=96&d=mm&r=g","caption":"valenp01"},"url":"https:\/\/asso.unilim.fr\/fablab19\/author\/valenp01\/"}]}},"_links":{"self":[{"href":"https:\/\/asso.unilim.fr\/fablab19\/wp-json\/wp\/v2\/posts\/93","targetHints":{"allow":["GET"]}}],"collection":[{"href":"https:\/\/asso.unilim.fr\/fablab19\/wp-json\/wp\/v2\/posts"}],"about":[{"href":"https:\/\/asso.unilim.fr\/fablab19\/wp-json\/wp\/v2\/types\/post"}],"author":[{"embeddable":true,"href":"https:\/\/asso.unilim.fr\/fablab19\/wp-json\/wp\/v2\/users\/89"}],"replies":[{"embeddable":true,"href":"https:\/\/asso.unilim.fr\/fablab19\/wp-json\/wp\/v2\/comments?post=93"}],"version-history":[{"count":0,"href":"https:\/\/asso.unilim.fr\/fablab19\/wp-json\/wp\/v2\/posts\/93\/revisions"}],"wp:featuredmedia":[{"embeddable":true,"href":"https:\/\/asso.unilim.fr\/fablab19\/wp-json\/wp\/v2\/media\/96"}],"wp:attachment":[{"href":"https:\/\/asso.unilim.fr\/fablab19\/wp-json\/wp\/v2\/media?parent=93"}],"wp:term":[{"taxonomy":"category","embeddable":true,"href":"https:\/\/asso.unilim.fr\/fablab19\/wp-json\/wp\/v2\/categories?post=93"},{"taxonomy":"post_tag","embeddable":true,"href":"https:\/\/asso.unilim.fr\/fablab19\/wp-json\/wp\/v2\/tags?post=93"}],"curies":[{"name":"wp","href":"https:\/\/api.w.org\/{rel}","templated":true}]}}