{"id":901,"date":"2022-11-14T18:53:36","date_gmt":"2022-11-14T17:53:36","guid":{"rendered":"http:\/\/asso.unilim.fr\/fablab19\/?p=901"},"modified":"2023-01-31T16:41:55","modified_gmt":"2023-01-31T15:41:55","slug":"proposition-formation-freecad-fevrier-2023","status":"publish","type":"post","link":"https:\/\/asso.unilim.fr\/fablab19\/2022\/11\/14\/proposition-formation-freecad-fevrier-2023\/","title":{"rendered":"Proposition formation  Freecad F\u00e9vrier 2023"},"content":{"rendered":"<h1><img loading=\"lazy\" decoding=\"async\" class=\" wp-image-903 alignright\" src=\"https:\/\/www.unilim.fr\/fablab19\/wp-content\/uploads\/sites\/8\/2022\/11\/formation_2023.jpg\" alt=\"\" width=\"389\" height=\"514\" srcset=\"https:\/\/www.unilim.fr\/fablab19\/wp-content\/uploads\/sites\/8\/2022\/11\/formation_2023.jpg 634w, https:\/\/www.unilim.fr\/fablab19\/wp-content\/uploads\/sites\/8\/2022\/11\/formation_2023-227x300.jpg 227w\" sizes=\"auto, (max-width: 389px) 100vw, 389px\" \/>Dates des formations :<br \/>\nMardi 21 f\u00e9vrier et mardi 28 f\u00e9vrier 2023 &#8211;\u00a0\u00a0 18h-20h<\/h1>\n<p><strong><span style=\"color: #0000ff\">Vous pouvez encore adh\u00e9rez \u00e0 notre association et participer gratuitement \u00e0 ces deux sessions.\u00a0 <a href=\"https:\/\/www.unilim.fr\/fablab19\/nous-contacter-2\/\">(Contact)<\/a><\/span> <\/strong><\/p>\n<hr \/>\n<p>Chaque ann\u00e9e une formation\u00a0 \u00e0 l&rsquo;utilisation du\u00a0 logiciel <a href=\"https:\/\/www.freecadweb.org\/downloads.php?lang=fr\">FreeCAD\u00a0<\/a> est organis\u00e9e\u00a0 au Fablab19 sur le campus de Brive. Cette formation est structur\u00e9e en 3 s\u00e9ances de\u00a0 2H assur\u00e9e par l&rsquo;entreprise <a href=\"https:\/\/www.exanumeric.fr\/\">Exanumeric<\/a><\/p>\n<p>Les 2 premi\u00e8res s\u00e9ances de la formation sont\u00a0 gratuites et ouvertes \u00e0 tous\u00a0 les adh\u00e9rents\u00a0 du fablab19 \u00e0 jour de leur cotisation\u00a0 <a href=\"https:\/\/www.unilim.fr\/fablab19\/adhesion-au-fablab19\/\">(voir les tarifs des adh\u00e9sions )<\/a>.\u00a0 Avec ces deux s\u00e9ances vous serez en mesure de cr\u00e9er un objet\u00a0 et de l&rsquo;exporter en vue d&rsquo;une impression 3D<\/p>\n<p>Cette ann\u00e9e une s\u00e9ance suppl\u00e9mentaire de 2 heures, payante (somme tr\u00e8s raisonnable\u00a0 autour de 20 euros ) ,\u00a0 est envisag\u00e9e pour ceux qui veulent acqu\u00e9rir les fonctionnalit\u00e9s avanc\u00e9es de Freecad comme :<\/p>\n<p>&#8211; <span class=\"fontstyle0\">Travaux sur plusieurs pi\u00e8ces assembl\u00e9es<br \/>\n&#8211; Ajouter des plugins (Visserie, ateliers, etc&#8230;)<br \/>\n&#8211; Simulation des efforts m\u00e9caniques<br \/>\n&#8211; Animation de pi\u00e8ces<br \/>\n&#8211; Exporter vers KiCAD \/ Importer de KiCAD ( outil de conception de cartes \u00e9lectroniques)<br \/>\n&#8211; Aide \u00e0 la conception<\/span><\/p>\n<h3>INSCRIVEZ VOUS ..<\/h3>\n<h5>Afin de pouvoir organiser ces formations\u00a0 un minimum de 10 inscriptions est requis . Si vous \u00eates int\u00e9ress\u00e9s merci d&rsquo;envoyer un Courriel \u00a0 \u00e0 :<\/h5>\n<h5><em>fablab19@unilim.fr\u00a0 <\/em>afin de pouvoir r\u00e9server votre place.<\/h5>\n<p>Pr\u00e9requis :<\/p>\n<ul>\n<li>PC r\u00e9cent et une souris avec le clic sur le bouton central.<\/li>\n<li>\u00a0 installer <a href=\"https:\/\/www.freecadweb.org\/downloads.php?lang=fr\">FreeCAD 0.20<\/a><\/li>\n<\/ul>\n<p>Les s\u00e9ances sont pr\u00e9vus pour F\u00e9vrier 2023 et se d\u00e9rouleront e 18h00 \u00e0 20h00<\/p>\n<p><u><strong>S\u00e9ance 1 : <span class=\"fontstyle2\">Gratuite pour les adh\u00e9rents<\/span><\/strong><\/u><\/p>\n<p><span class=\"fontstyle0\">2h : D\u00e9buter<br \/>\n<\/span><span class=\"fontstyle2\"><br \/>\n<\/span><span class=\"fontstyle3\">Objectifs :<br \/>\n<\/span><span class=\"fontstyle3\">&#8211; Installer FreeCAD<br \/>\n&#8211; Param\u00e9trer FreeCAD<br \/>\n&#8211; Faire des esquisses<br \/>\n&#8211; Faire des volumes \u00e0 partir des esquisses<br \/>\n&#8211; Dessiner des profils \u00e0 extruder<br \/>\n&#8211; Sauvegarder votre travail<\/span><\/p>\n<p><u><strong>S\u00e9ance 2 : <span class=\"fontstyle2\">Gratuite pour les adh\u00e9rents<\/span><\/strong><\/u><\/p>\n<p><span class=\"fontstyle0\">2h : Approfondir<br \/>\n<\/span><span class=\"fontstyle2\"><br \/>\n<\/span><span class=\"fontstyle3\">Objectifs :<br \/>\n<\/span><span class=\"fontstyle3\">&#8211; Faire des trous dans les pi\u00e8ces<br \/>\n&#8211; Am\u00e9liorer ses pi\u00e8ces<br \/>\n&#8211; D\u00e9placer les sketchs dans l\u2019espace<br \/>\n&#8211; Exporter votre travail pour l\u2019impression 3D<\/span><\/p>\n<p><u><strong>S\u00e9ance 3 : <span class=\"fontstyle2\">Payante au profit du Fablab<\/span><\/strong><\/u><\/p>\n<p><span class=\"fontstyle2\"><br \/>\n<\/span><span class=\"fontstyle3\">Objectifs :<br \/>\n<\/span><span class=\"fontstyle3\">&#8211; Travaux sur plusieurs pi\u00e8ces assembl\u00e9es<br \/>\n&#8211; Ajouter des plugins (Visserie, ateliers, etc&#8230;)<br \/>\n&#8211; Simulation des efforts m\u00e9caniques<br \/>\n&#8211; Animation de pi\u00e8ces<br \/>\n&#8211; Exporter vers KiCAD \/ Importer de KiCAD<br \/>\n&#8211; Aide \u00e0 la conception<\/span><\/p>\n<p>&nbsp;<\/p>\n<p><strong><em>D&rsquo;autres formations sont possibles avec l&rsquo;entreprise <a href=\"https:\/\/www.exanumeric.fr\/\">Exanumeric<\/a> sur :<\/em><\/strong><\/p>\n<ul>\n<li><em>L&rsquo;utilisation de Spreadsheet<\/em><\/li>\n<li><em>La simulation de contraintes m\u00e9caniques par simulation FEM<\/em><\/li>\n<li>..<\/li>\n<\/ul>\n<p>&nbsp;<\/p>\n<p>&nbsp;<\/p>\n","protected":false},"excerpt":{"rendered":"<p>Dates des formations : Mardi 21 f\u00e9vrier et mardi 28 f\u00e9vrier 2023 &#8211;\u00a0\u00a0 18h-20h Vous pouvez encore adh\u00e9rez \u00e0 notre association et participer gratuitement \u00e0 ces deux sessions.\u00a0 (Contact) Chaque ann\u00e9e une formation\u00a0 \u00e0 l&rsquo;utilisation du\u00a0 logiciel FreeCAD\u00a0 est organis\u00e9e\u00a0 au Fablab19 sur le campus de Brive. Cette formation est structur\u00e9e en 3 s\u00e9ances de\u00a0 [&hellip;]<\/p>\n","protected":false},"author":89,"featured_media":903,"comment_status":"open","ping_status":"open","sticky":false,"template":"","format":"standard","meta":{"footnotes":""},"categories":[1],"tags":[],"class_list":["post-901","post","type-post","status-publish","format-standard","has-post-thumbnail","hentry","category-actualite"],"yoast_head":"<!-- This site is optimized with the Yoast SEO plugin v26.3 - https:\/\/yoast.com\/wordpress\/plugins\/seo\/ -->\n<title>Proposition formation Freecad F\u00e9vrier 2023 - FABLAB19<\/title>\n<meta name=\"robots\" content=\"index, follow, max-snippet:-1, max-image-preview:large, max-video-preview:-1\" \/>\n<link rel=\"canonical\" href=\"https:\/\/asso.unilim.fr\/fablab19\/2022\/11\/14\/proposition-formation-freecad-fevrier-2023\/\" \/>\n<meta property=\"og:locale\" content=\"fr_FR\" \/>\n<meta property=\"og:type\" content=\"article\" \/>\n<meta property=\"og:title\" content=\"Proposition formation Freecad F\u00e9vrier 2023 - FABLAB19\" \/>\n<meta property=\"og:description\" content=\"Dates des formations : Mardi 21 f\u00e9vrier et mardi 28 f\u00e9vrier 2023 &#8211;\u00a0\u00a0 18h-20h Vous pouvez encore adh\u00e9rez \u00e0 notre association et participer gratuitement \u00e0 ces deux sessions.\u00a0 (Contact) Chaque ann\u00e9e une formation\u00a0 \u00e0 l&rsquo;utilisation du\u00a0 logiciel FreeCAD\u00a0 est organis\u00e9e\u00a0 au Fablab19 sur le campus de Brive. Cette formation est structur\u00e9e en 3 s\u00e9ances de\u00a0 [&hellip;]\" \/>\n<meta property=\"og:url\" content=\"https:\/\/asso.unilim.fr\/fablab19\/2022\/11\/14\/proposition-formation-freecad-fevrier-2023\/\" \/>\n<meta property=\"og:site_name\" content=\"FABLAB19\" \/>\n<meta property=\"article:published_time\" content=\"2022-11-14T17:53:36+00:00\" \/>\n<meta property=\"article:modified_time\" content=\"2023-01-31T15:41:55+00:00\" \/>\n<meta property=\"og:image\" content=\"https:\/\/www.unilim.fr\/fablab19\/wp-content\/uploads\/sites\/8\/2022\/11\/formation_2023.jpg\" \/>\n\t<meta property=\"og:image:width\" content=\"634\" \/>\n\t<meta property=\"og:image:height\" content=\"838\" \/>\n\t<meta property=\"og:image:type\" content=\"image\/jpeg\" \/>\n<meta name=\"author\" content=\"valenp01\" \/>\n<meta name=\"twitter:card\" content=\"summary_large_image\" \/>\n<meta name=\"twitter:label1\" content=\"\u00c9crit par\" \/>\n\t<meta name=\"twitter:data1\" content=\"valenp01\" \/>\n\t<meta name=\"twitter:label2\" content=\"Dur\u00e9e de lecture estim\u00e9e\" \/>\n\t<meta name=\"twitter:data2\" content=\"2 minutes\" \/>\n<script type=\"application\/ld+json\" class=\"yoast-schema-graph\">{\"@context\":\"https:\/\/schema.org\",\"@graph\":[{\"@type\":\"WebPage\",\"@id\":\"https:\/\/asso.unilim.fr\/fablab19\/2022\/11\/14\/proposition-formation-freecad-fevrier-2023\/\",\"url\":\"https:\/\/asso.unilim.fr\/fablab19\/2022\/11\/14\/proposition-formation-freecad-fevrier-2023\/\",\"name\":\"Proposition formation Freecad F\u00e9vrier 2023 - FABLAB19\",\"isPartOf\":{\"@id\":\"https:\/\/asso.unilim.fr\/fablab19\/#website\"},\"primaryImageOfPage\":{\"@id\":\"https:\/\/asso.unilim.fr\/fablab19\/2022\/11\/14\/proposition-formation-freecad-fevrier-2023\/#primaryimage\"},\"image\":{\"@id\":\"https:\/\/asso.unilim.fr\/fablab19\/2022\/11\/14\/proposition-formation-freecad-fevrier-2023\/#primaryimage\"},\"thumbnailUrl\":\"https:\/\/www.unilim.fr\/fablab19\/wp-content\/uploads\/sites\/8\/2022\/11\/formation_2023.jpg\",\"datePublished\":\"2022-11-14T17:53:36+00:00\",\"dateModified\":\"2023-01-31T15:41:55+00:00\",\"author\":{\"@id\":\"https:\/\/asso.unilim.fr\/fablab19\/#\/schema\/person\/285b5dc8147af72e68f54013e21ddbc6\"},\"breadcrumb\":{\"@id\":\"https:\/\/asso.unilim.fr\/fablab19\/2022\/11\/14\/proposition-formation-freecad-fevrier-2023\/#breadcrumb\"},\"inLanguage\":\"fr-FR\",\"potentialAction\":[{\"@type\":\"ReadAction\",\"target\":[\"https:\/\/asso.unilim.fr\/fablab19\/2022\/11\/14\/proposition-formation-freecad-fevrier-2023\/\"]}]},{\"@type\":\"ImageObject\",\"inLanguage\":\"fr-FR\",\"@id\":\"https:\/\/asso.unilim.fr\/fablab19\/2022\/11\/14\/proposition-formation-freecad-fevrier-2023\/#primaryimage\",\"url\":\"https:\/\/www.unilim.fr\/fablab19\/wp-content\/uploads\/sites\/8\/2022\/11\/formation_2023.jpg\",\"contentUrl\":\"https:\/\/www.unilim.fr\/fablab19\/wp-content\/uploads\/sites\/8\/2022\/11\/formation_2023.jpg\",\"width\":634,\"height\":838},{\"@type\":\"BreadcrumbList\",\"@id\":\"https:\/\/asso.unilim.fr\/fablab19\/2022\/11\/14\/proposition-formation-freecad-fevrier-2023\/#breadcrumb\",\"itemListElement\":[{\"@type\":\"ListItem\",\"position\":1,\"name\":\"Accueil\",\"item\":\"https:\/\/asso.unilim.fr\/fablab19\/\"},{\"@type\":\"ListItem\",\"position\":2,\"name\":\"Proposition formation Freecad F\u00e9vrier 2023\"}]},{\"@type\":\"WebSite\",\"@id\":\"https:\/\/asso.unilim.fr\/fablab19\/#website\",\"url\":\"https:\/\/asso.unilim.fr\/fablab19\/\",\"name\":\"FABLAB19\",\"description\":\"Fablab19 source de r\u00e9ussites\",\"potentialAction\":[{\"@type\":\"SearchAction\",\"target\":{\"@type\":\"EntryPoint\",\"urlTemplate\":\"https:\/\/asso.unilim.fr\/fablab19\/?s={search_term_string}\"},\"query-input\":{\"@type\":\"PropertyValueSpecification\",\"valueRequired\":true,\"valueName\":\"search_term_string\"}}],\"inLanguage\":\"fr-FR\"},{\"@type\":\"Person\",\"@id\":\"https:\/\/asso.unilim.fr\/fablab19\/#\/schema\/person\/285b5dc8147af72e68f54013e21ddbc6\",\"name\":\"valenp01\",\"image\":{\"@type\":\"ImageObject\",\"inLanguage\":\"fr-FR\",\"@id\":\"https:\/\/asso.unilim.fr\/fablab19\/#\/schema\/person\/image\/\",\"url\":\"https:\/\/secure.gravatar.com\/avatar\/9e7182d28f47357b8913fffd8e16aae15eb5bf8338b259e4bb57baa39d563766?s=96&d=mm&r=g\",\"contentUrl\":\"https:\/\/secure.gravatar.com\/avatar\/9e7182d28f47357b8913fffd8e16aae15eb5bf8338b259e4bb57baa39d563766?s=96&d=mm&r=g\",\"caption\":\"valenp01\"},\"url\":\"https:\/\/asso.unilim.fr\/fablab19\/author\/valenp01\/\"}]}<\/script>\n<!-- \/ Yoast SEO plugin. -->","yoast_head_json":{"title":"Proposition formation Freecad F\u00e9vrier 2023 - FABLAB19","robots":{"index":"index","follow":"follow","max-snippet":"max-snippet:-1","max-image-preview":"max-image-preview:large","max-video-preview":"max-video-preview:-1"},"canonical":"https:\/\/asso.unilim.fr\/fablab19\/2022\/11\/14\/proposition-formation-freecad-fevrier-2023\/","og_locale":"fr_FR","og_type":"article","og_title":"Proposition formation Freecad F\u00e9vrier 2023 - FABLAB19","og_description":"Dates des formations : Mardi 21 f\u00e9vrier et mardi 28 f\u00e9vrier 2023 &#8211;\u00a0\u00a0 18h-20h Vous pouvez encore adh\u00e9rez \u00e0 notre association et participer gratuitement \u00e0 ces deux sessions.\u00a0 (Contact) Chaque ann\u00e9e une formation\u00a0 \u00e0 l&rsquo;utilisation du\u00a0 logiciel FreeCAD\u00a0 est organis\u00e9e\u00a0 au Fablab19 sur le campus de Brive. Cette formation est structur\u00e9e en 3 s\u00e9ances de\u00a0 [&hellip;]","og_url":"https:\/\/asso.unilim.fr\/fablab19\/2022\/11\/14\/proposition-formation-freecad-fevrier-2023\/","og_site_name":"FABLAB19","article_published_time":"2022-11-14T17:53:36+00:00","article_modified_time":"2023-01-31T15:41:55+00:00","og_image":[{"width":634,"height":838,"url":"https:\/\/www.unilim.fr\/fablab19\/wp-content\/uploads\/sites\/8\/2022\/11\/formation_2023.jpg","type":"image\/jpeg"}],"author":"valenp01","twitter_card":"summary_large_image","twitter_misc":{"\u00c9crit par":"valenp01","Dur\u00e9e de lecture estim\u00e9e":"2 minutes"},"schema":{"@context":"https:\/\/schema.org","@graph":[{"@type":"WebPage","@id":"https:\/\/asso.unilim.fr\/fablab19\/2022\/11\/14\/proposition-formation-freecad-fevrier-2023\/","url":"https:\/\/asso.unilim.fr\/fablab19\/2022\/11\/14\/proposition-formation-freecad-fevrier-2023\/","name":"Proposition formation Freecad F\u00e9vrier 2023 - FABLAB19","isPartOf":{"@id":"https:\/\/asso.unilim.fr\/fablab19\/#website"},"primaryImageOfPage":{"@id":"https:\/\/asso.unilim.fr\/fablab19\/2022\/11\/14\/proposition-formation-freecad-fevrier-2023\/#primaryimage"},"image":{"@id":"https:\/\/asso.unilim.fr\/fablab19\/2022\/11\/14\/proposition-formation-freecad-fevrier-2023\/#primaryimage"},"thumbnailUrl":"https:\/\/www.unilim.fr\/fablab19\/wp-content\/uploads\/sites\/8\/2022\/11\/formation_2023.jpg","datePublished":"2022-11-14T17:53:36+00:00","dateModified":"2023-01-31T15:41:55+00:00","author":{"@id":"https:\/\/asso.unilim.fr\/fablab19\/#\/schema\/person\/285b5dc8147af72e68f54013e21ddbc6"},"breadcrumb":{"@id":"https:\/\/asso.unilim.fr\/fablab19\/2022\/11\/14\/proposition-formation-freecad-fevrier-2023\/#breadcrumb"},"inLanguage":"fr-FR","potentialAction":[{"@type":"ReadAction","target":["https:\/\/asso.unilim.fr\/fablab19\/2022\/11\/14\/proposition-formation-freecad-fevrier-2023\/"]}]},{"@type":"ImageObject","inLanguage":"fr-FR","@id":"https:\/\/asso.unilim.fr\/fablab19\/2022\/11\/14\/proposition-formation-freecad-fevrier-2023\/#primaryimage","url":"https:\/\/www.unilim.fr\/fablab19\/wp-content\/uploads\/sites\/8\/2022\/11\/formation_2023.jpg","contentUrl":"https:\/\/www.unilim.fr\/fablab19\/wp-content\/uploads\/sites\/8\/2022\/11\/formation_2023.jpg","width":634,"height":838},{"@type":"BreadcrumbList","@id":"https:\/\/asso.unilim.fr\/fablab19\/2022\/11\/14\/proposition-formation-freecad-fevrier-2023\/#breadcrumb","itemListElement":[{"@type":"ListItem","position":1,"name":"Accueil","item":"https:\/\/asso.unilim.fr\/fablab19\/"},{"@type":"ListItem","position":2,"name":"Proposition formation Freecad F\u00e9vrier 2023"}]},{"@type":"WebSite","@id":"https:\/\/asso.unilim.fr\/fablab19\/#website","url":"https:\/\/asso.unilim.fr\/fablab19\/","name":"FABLAB19","description":"Fablab19 source de r\u00e9ussites","potentialAction":[{"@type":"SearchAction","target":{"@type":"EntryPoint","urlTemplate":"https:\/\/asso.unilim.fr\/fablab19\/?s={search_term_string}"},"query-input":{"@type":"PropertyValueSpecification","valueRequired":true,"valueName":"search_term_string"}}],"inLanguage":"fr-FR"},{"@type":"Person","@id":"https:\/\/asso.unilim.fr\/fablab19\/#\/schema\/person\/285b5dc8147af72e68f54013e21ddbc6","name":"valenp01","image":{"@type":"ImageObject","inLanguage":"fr-FR","@id":"https:\/\/asso.unilim.fr\/fablab19\/#\/schema\/person\/image\/","url":"https:\/\/secure.gravatar.com\/avatar\/9e7182d28f47357b8913fffd8e16aae15eb5bf8338b259e4bb57baa39d563766?s=96&d=mm&r=g","contentUrl":"https:\/\/secure.gravatar.com\/avatar\/9e7182d28f47357b8913fffd8e16aae15eb5bf8338b259e4bb57baa39d563766?s=96&d=mm&r=g","caption":"valenp01"},"url":"https:\/\/asso.unilim.fr\/fablab19\/author\/valenp01\/"}]}},"_links":{"self":[{"href":"https:\/\/asso.unilim.fr\/fablab19\/wp-json\/wp\/v2\/posts\/901","targetHints":{"allow":["GET"]}}],"collection":[{"href":"https:\/\/asso.unilim.fr\/fablab19\/wp-json\/wp\/v2\/posts"}],"about":[{"href":"https:\/\/asso.unilim.fr\/fablab19\/wp-json\/wp\/v2\/types\/post"}],"author":[{"embeddable":true,"href":"https:\/\/asso.unilim.fr\/fablab19\/wp-json\/wp\/v2\/users\/89"}],"replies":[{"embeddable":true,"href":"https:\/\/asso.unilim.fr\/fablab19\/wp-json\/wp\/v2\/comments?post=901"}],"version-history":[{"count":0,"href":"https:\/\/asso.unilim.fr\/fablab19\/wp-json\/wp\/v2\/posts\/901\/revisions"}],"wp:featuredmedia":[{"embeddable":true,"href":"https:\/\/asso.unilim.fr\/fablab19\/wp-json\/wp\/v2\/media\/903"}],"wp:attachment":[{"href":"https:\/\/asso.unilim.fr\/fablab19\/wp-json\/wp\/v2\/media?parent=901"}],"wp:term":[{"taxonomy":"category","embeddable":true,"href":"https:\/\/asso.unilim.fr\/fablab19\/wp-json\/wp\/v2\/categories?post=901"},{"taxonomy":"post_tag","embeddable":true,"href":"https:\/\/asso.unilim.fr\/fablab19\/wp-json\/wp\/v2\/tags?post=901"}],"curies":[{"name":"wp","href":"https:\/\/api.w.org\/{rel}","templated":true}]}}