{"id":885,"date":"2022-09-08T11:07:25","date_gmt":"2022-09-08T09:07:25","guid":{"rendered":"http:\/\/asso.unilim.fr\/fablab19\/?p=885"},"modified":"2022-09-08T11:09:57","modified_gmt":"2022-09-08T09:09:57","slug":"exanumeric-participe-a-la-maker-faire-de-lille-2022","status":"publish","type":"post","link":"https:\/\/asso.unilim.fr\/fablab19\/2022\/09\/08\/exanumeric-participe-a-la-maker-faire-de-lille-2022\/","title":{"rendered":"Exanumeric Participe \u00e0 la Maker Faire de Lille 2022"},"content":{"rendered":"<p><strong> La soci\u00e9t\u00e9 <\/strong><span class=\"fontstyle0\"><strong>Exanumeric,<\/strong> adh\u00e9rente au Falblab19 ,\u00a0 sera pr\u00e9sente \u00e0 la Maker Faire de\u00a0 Lille du 14 au 16 octobre\u00a0 2022<\/span><\/p>\n<p><span class=\"fontstyle0\"><br \/>\n<\/span><span class=\"fontstyle2\">\u00ab\u00a0<em>Rep\u00e9r\u00e9 pour nos capacit\u00e9s d\u2019innovations et sollicit\u00e9 par Leroy Merlin Brive, nous nous sommes inscrit \u00e0 la Maker Faire Lille 2022. Apr\u00e8s validation, nous avons<\/em><br \/>\n<em>\u00e9voqu\u00e9 le th\u00e8me principal \u00e0 savoir : \u201cl\u2019automatisme dans l\u2019habitat\u201d (la domotique intelligente).<\/em><br \/>\n<em>Nous avons pens\u00e9 que notre projet APSAE (Accessoire Programmable pour Solutions d\u2019Automatisme Embarqu\u00e9es) sur lequel nous \u00e9tions en train de travailler,<\/em><br \/>\n<em>\u00e9tait en ad\u00e9quation avec le th\u00e8me de la Maker Faire. <\/em><\/span><\/p>\n<p><span class=\"fontstyle2\"><em>En effet, ce projet gravite autour de l\u2019automatisme, la modularit\u00e9 et l\u2019IOT (Internet Of Things). APSAE regroupe toutes les facettes utiles \u00e0 la mise en \u0153uvre des objets intelligents. A partir<\/em><br \/>\n<em>de notre projet, nous pouvons cr\u00e9er des capteurs et en fonction des consignes d\u2019\u00e9nergie et de temp\u00e9rature, automatiser l\u2019arrosage des plantes, ouvrir ou fermer les<\/em><br \/>\n<em>volets et stores et g\u00e9rer les \u00e9clairages<\/em>.\u00a0\u00bb<\/span><\/p>\n<p><span class=\"fontstyle2\"> Exanum\u00e9ric \u00a0<a href=\"https:\/\/www.unilim.fr\/fablab19\/wp-content\/uploads\/sites\/8\/2022\/09\/001-COM-Fablab19-APSAE_Maker_Faire.pdf\">COM-APSAE_Maker_Faire 2022<\/a><\/span><\/p>\n<p>&nbsp;<\/p>\n","protected":false},"excerpt":{"rendered":"<p>La soci\u00e9t\u00e9 Exanumeric, adh\u00e9rente au Falblab19 ,\u00a0 sera pr\u00e9sente \u00e0 la Maker Faire de\u00a0 Lille du 14 au 16 octobre\u00a0 2022 \u00ab\u00a0Rep\u00e9r\u00e9 pour nos capacit\u00e9s d\u2019innovations et sollicit\u00e9 par Leroy Merlin Brive, nous nous sommes inscrit \u00e0 la Maker Faire Lille 2022. Apr\u00e8s validation, nous avons \u00e9voqu\u00e9 le th\u00e8me principal \u00e0 savoir : \u201cl\u2019automatisme dans [&hellip;]<\/p>\n","protected":false},"author":89,"featured_media":889,"comment_status":"open","ping_status":"open","sticky":false,"template":"","format":"standard","meta":{"footnotes":""},"categories":[1],"tags":[],"class_list":["post-885","post","type-post","status-publish","format-standard","has-post-thumbnail","hentry","category-actualite"],"yoast_head":"<!-- This site is optimized with the Yoast SEO plugin v26.3 - https:\/\/yoast.com\/wordpress\/plugins\/seo\/ -->\n<title>Exanumeric Participe \u00e0 la Maker Faire de Lille 2022 - FABLAB19<\/title>\n<meta name=\"robots\" content=\"index, follow, max-snippet:-1, max-image-preview:large, max-video-preview:-1\" \/>\n<link rel=\"canonical\" href=\"https:\/\/asso.unilim.fr\/fablab19\/2022\/09\/08\/exanumeric-participe-a-la-maker-faire-de-lille-2022\/\" \/>\n<meta property=\"og:locale\" content=\"fr_FR\" \/>\n<meta property=\"og:type\" content=\"article\" \/>\n<meta property=\"og:title\" content=\"Exanumeric Participe \u00e0 la Maker Faire de Lille 2022 - FABLAB19\" \/>\n<meta property=\"og:description\" content=\"La soci\u00e9t\u00e9 Exanumeric, adh\u00e9rente au Falblab19 ,\u00a0 sera pr\u00e9sente \u00e0 la Maker Faire de\u00a0 Lille du 14 au 16 octobre\u00a0 2022 \u00ab\u00a0Rep\u00e9r\u00e9 pour nos capacit\u00e9s d\u2019innovations et sollicit\u00e9 par Leroy Merlin Brive, nous nous sommes inscrit \u00e0 la Maker Faire Lille 2022. Apr\u00e8s validation, nous avons \u00e9voqu\u00e9 le th\u00e8me principal \u00e0 savoir : \u201cl\u2019automatisme dans [&hellip;]\" \/>\n<meta property=\"og:url\" content=\"https:\/\/asso.unilim.fr\/fablab19\/2022\/09\/08\/exanumeric-participe-a-la-maker-faire-de-lille-2022\/\" \/>\n<meta property=\"og:site_name\" content=\"FABLAB19\" \/>\n<meta property=\"article:published_time\" content=\"2022-09-08T09:07:25+00:00\" \/>\n<meta property=\"article:modified_time\" content=\"2022-09-08T09:09:57+00:00\" \/>\n<meta property=\"og:image\" content=\"https:\/\/www.unilim.fr\/fablab19\/wp-content\/uploads\/sites\/8\/2022\/09\/carte_EPASE.png\" \/>\n\t<meta property=\"og:image:width\" content=\"631\" \/>\n\t<meta property=\"og:image:height\" content=\"420\" \/>\n\t<meta property=\"og:image:type\" content=\"image\/png\" \/>\n<meta name=\"author\" content=\"valenp01\" \/>\n<meta name=\"twitter:card\" content=\"summary_large_image\" \/>\n<meta name=\"twitter:label1\" content=\"\u00c9crit par\" \/>\n\t<meta name=\"twitter:data1\" content=\"valenp01\" \/>\n\t<meta name=\"twitter:label2\" content=\"Dur\u00e9e de lecture estim\u00e9e\" \/>\n\t<meta name=\"twitter:data2\" content=\"1 minute\" \/>\n<script type=\"application\/ld+json\" class=\"yoast-schema-graph\">{\"@context\":\"https:\/\/schema.org\",\"@graph\":[{\"@type\":\"WebPage\",\"@id\":\"https:\/\/asso.unilim.fr\/fablab19\/2022\/09\/08\/exanumeric-participe-a-la-maker-faire-de-lille-2022\/\",\"url\":\"https:\/\/asso.unilim.fr\/fablab19\/2022\/09\/08\/exanumeric-participe-a-la-maker-faire-de-lille-2022\/\",\"name\":\"Exanumeric Participe \u00e0 la Maker Faire de Lille 2022 - FABLAB19\",\"isPartOf\":{\"@id\":\"https:\/\/asso.unilim.fr\/fablab19\/#website\"},\"primaryImageOfPage\":{\"@id\":\"https:\/\/asso.unilim.fr\/fablab19\/2022\/09\/08\/exanumeric-participe-a-la-maker-faire-de-lille-2022\/#primaryimage\"},\"image\":{\"@id\":\"https:\/\/asso.unilim.fr\/fablab19\/2022\/09\/08\/exanumeric-participe-a-la-maker-faire-de-lille-2022\/#primaryimage\"},\"thumbnailUrl\":\"https:\/\/www.unilim.fr\/fablab19\/wp-content\/uploads\/sites\/8\/2022\/09\/carte_EPASE.png\",\"datePublished\":\"2022-09-08T09:07:25+00:00\",\"dateModified\":\"2022-09-08T09:09:57+00:00\",\"author\":{\"@id\":\"https:\/\/asso.unilim.fr\/fablab19\/#\/schema\/person\/285b5dc8147af72e68f54013e21ddbc6\"},\"breadcrumb\":{\"@id\":\"https:\/\/asso.unilim.fr\/fablab19\/2022\/09\/08\/exanumeric-participe-a-la-maker-faire-de-lille-2022\/#breadcrumb\"},\"inLanguage\":\"fr-FR\",\"potentialAction\":[{\"@type\":\"ReadAction\",\"target\":[\"https:\/\/asso.unilim.fr\/fablab19\/2022\/09\/08\/exanumeric-participe-a-la-maker-faire-de-lille-2022\/\"]}]},{\"@type\":\"ImageObject\",\"inLanguage\":\"fr-FR\",\"@id\":\"https:\/\/asso.unilim.fr\/fablab19\/2022\/09\/08\/exanumeric-participe-a-la-maker-faire-de-lille-2022\/#primaryimage\",\"url\":\"https:\/\/www.unilim.fr\/fablab19\/wp-content\/uploads\/sites\/8\/2022\/09\/carte_EPASE.png\",\"contentUrl\":\"https:\/\/www.unilim.fr\/fablab19\/wp-content\/uploads\/sites\/8\/2022\/09\/carte_EPASE.png\",\"width\":631,\"height\":420},{\"@type\":\"BreadcrumbList\",\"@id\":\"https:\/\/asso.unilim.fr\/fablab19\/2022\/09\/08\/exanumeric-participe-a-la-maker-faire-de-lille-2022\/#breadcrumb\",\"itemListElement\":[{\"@type\":\"ListItem\",\"position\":1,\"name\":\"Accueil\",\"item\":\"https:\/\/asso.unilim.fr\/fablab19\/\"},{\"@type\":\"ListItem\",\"position\":2,\"name\":\"Exanumeric Participe \u00e0 la Maker Faire de Lille 2022\"}]},{\"@type\":\"WebSite\",\"@id\":\"https:\/\/asso.unilim.fr\/fablab19\/#website\",\"url\":\"https:\/\/asso.unilim.fr\/fablab19\/\",\"name\":\"FABLAB19\",\"description\":\"Fablab19 source de r\u00e9ussites\",\"potentialAction\":[{\"@type\":\"SearchAction\",\"target\":{\"@type\":\"EntryPoint\",\"urlTemplate\":\"https:\/\/asso.unilim.fr\/fablab19\/?s={search_term_string}\"},\"query-input\":{\"@type\":\"PropertyValueSpecification\",\"valueRequired\":true,\"valueName\":\"search_term_string\"}}],\"inLanguage\":\"fr-FR\"},{\"@type\":\"Person\",\"@id\":\"https:\/\/asso.unilim.fr\/fablab19\/#\/schema\/person\/285b5dc8147af72e68f54013e21ddbc6\",\"name\":\"valenp01\",\"image\":{\"@type\":\"ImageObject\",\"inLanguage\":\"fr-FR\",\"@id\":\"https:\/\/asso.unilim.fr\/fablab19\/#\/schema\/person\/image\/\",\"url\":\"https:\/\/secure.gravatar.com\/avatar\/9e7182d28f47357b8913fffd8e16aae15eb5bf8338b259e4bb57baa39d563766?s=96&d=mm&r=g\",\"contentUrl\":\"https:\/\/secure.gravatar.com\/avatar\/9e7182d28f47357b8913fffd8e16aae15eb5bf8338b259e4bb57baa39d563766?s=96&d=mm&r=g\",\"caption\":\"valenp01\"},\"url\":\"https:\/\/asso.unilim.fr\/fablab19\/author\/valenp01\/\"}]}<\/script>\n<!-- \/ Yoast SEO plugin. -->","yoast_head_json":{"title":"Exanumeric Participe \u00e0 la Maker Faire de Lille 2022 - FABLAB19","robots":{"index":"index","follow":"follow","max-snippet":"max-snippet:-1","max-image-preview":"max-image-preview:large","max-video-preview":"max-video-preview:-1"},"canonical":"https:\/\/asso.unilim.fr\/fablab19\/2022\/09\/08\/exanumeric-participe-a-la-maker-faire-de-lille-2022\/","og_locale":"fr_FR","og_type":"article","og_title":"Exanumeric Participe \u00e0 la Maker Faire de Lille 2022 - FABLAB19","og_description":"La soci\u00e9t\u00e9 Exanumeric, adh\u00e9rente au Falblab19 ,\u00a0 sera pr\u00e9sente \u00e0 la Maker Faire de\u00a0 Lille du 14 au 16 octobre\u00a0 2022 \u00ab\u00a0Rep\u00e9r\u00e9 pour nos capacit\u00e9s d\u2019innovations et sollicit\u00e9 par Leroy Merlin Brive, nous nous sommes inscrit \u00e0 la Maker Faire Lille 2022. Apr\u00e8s validation, nous avons \u00e9voqu\u00e9 le th\u00e8me principal \u00e0 savoir : \u201cl\u2019automatisme dans [&hellip;]","og_url":"https:\/\/asso.unilim.fr\/fablab19\/2022\/09\/08\/exanumeric-participe-a-la-maker-faire-de-lille-2022\/","og_site_name":"FABLAB19","article_published_time":"2022-09-08T09:07:25+00:00","article_modified_time":"2022-09-08T09:09:57+00:00","og_image":[{"width":631,"height":420,"url":"https:\/\/www.unilim.fr\/fablab19\/wp-content\/uploads\/sites\/8\/2022\/09\/carte_EPASE.png","type":"image\/png"}],"author":"valenp01","twitter_card":"summary_large_image","twitter_misc":{"\u00c9crit par":"valenp01","Dur\u00e9e de lecture estim\u00e9e":"1 minute"},"schema":{"@context":"https:\/\/schema.org","@graph":[{"@type":"WebPage","@id":"https:\/\/asso.unilim.fr\/fablab19\/2022\/09\/08\/exanumeric-participe-a-la-maker-faire-de-lille-2022\/","url":"https:\/\/asso.unilim.fr\/fablab19\/2022\/09\/08\/exanumeric-participe-a-la-maker-faire-de-lille-2022\/","name":"Exanumeric Participe \u00e0 la Maker Faire de Lille 2022 - FABLAB19","isPartOf":{"@id":"https:\/\/asso.unilim.fr\/fablab19\/#website"},"primaryImageOfPage":{"@id":"https:\/\/asso.unilim.fr\/fablab19\/2022\/09\/08\/exanumeric-participe-a-la-maker-faire-de-lille-2022\/#primaryimage"},"image":{"@id":"https:\/\/asso.unilim.fr\/fablab19\/2022\/09\/08\/exanumeric-participe-a-la-maker-faire-de-lille-2022\/#primaryimage"},"thumbnailUrl":"https:\/\/www.unilim.fr\/fablab19\/wp-content\/uploads\/sites\/8\/2022\/09\/carte_EPASE.png","datePublished":"2022-09-08T09:07:25+00:00","dateModified":"2022-09-08T09:09:57+00:00","author":{"@id":"https:\/\/asso.unilim.fr\/fablab19\/#\/schema\/person\/285b5dc8147af72e68f54013e21ddbc6"},"breadcrumb":{"@id":"https:\/\/asso.unilim.fr\/fablab19\/2022\/09\/08\/exanumeric-participe-a-la-maker-faire-de-lille-2022\/#breadcrumb"},"inLanguage":"fr-FR","potentialAction":[{"@type":"ReadAction","target":["https:\/\/asso.unilim.fr\/fablab19\/2022\/09\/08\/exanumeric-participe-a-la-maker-faire-de-lille-2022\/"]}]},{"@type":"ImageObject","inLanguage":"fr-FR","@id":"https:\/\/asso.unilim.fr\/fablab19\/2022\/09\/08\/exanumeric-participe-a-la-maker-faire-de-lille-2022\/#primaryimage","url":"https:\/\/www.unilim.fr\/fablab19\/wp-content\/uploads\/sites\/8\/2022\/09\/carte_EPASE.png","contentUrl":"https:\/\/www.unilim.fr\/fablab19\/wp-content\/uploads\/sites\/8\/2022\/09\/carte_EPASE.png","width":631,"height":420},{"@type":"BreadcrumbList","@id":"https:\/\/asso.unilim.fr\/fablab19\/2022\/09\/08\/exanumeric-participe-a-la-maker-faire-de-lille-2022\/#breadcrumb","itemListElement":[{"@type":"ListItem","position":1,"name":"Accueil","item":"https:\/\/asso.unilim.fr\/fablab19\/"},{"@type":"ListItem","position":2,"name":"Exanumeric Participe \u00e0 la Maker Faire de Lille 2022"}]},{"@type":"WebSite","@id":"https:\/\/asso.unilim.fr\/fablab19\/#website","url":"https:\/\/asso.unilim.fr\/fablab19\/","name":"FABLAB19","description":"Fablab19 source de r\u00e9ussites","potentialAction":[{"@type":"SearchAction","target":{"@type":"EntryPoint","urlTemplate":"https:\/\/asso.unilim.fr\/fablab19\/?s={search_term_string}"},"query-input":{"@type":"PropertyValueSpecification","valueRequired":true,"valueName":"search_term_string"}}],"inLanguage":"fr-FR"},{"@type":"Person","@id":"https:\/\/asso.unilim.fr\/fablab19\/#\/schema\/person\/285b5dc8147af72e68f54013e21ddbc6","name":"valenp01","image":{"@type":"ImageObject","inLanguage":"fr-FR","@id":"https:\/\/asso.unilim.fr\/fablab19\/#\/schema\/person\/image\/","url":"https:\/\/secure.gravatar.com\/avatar\/9e7182d28f47357b8913fffd8e16aae15eb5bf8338b259e4bb57baa39d563766?s=96&d=mm&r=g","contentUrl":"https:\/\/secure.gravatar.com\/avatar\/9e7182d28f47357b8913fffd8e16aae15eb5bf8338b259e4bb57baa39d563766?s=96&d=mm&r=g","caption":"valenp01"},"url":"https:\/\/asso.unilim.fr\/fablab19\/author\/valenp01\/"}]}},"_links":{"self":[{"href":"https:\/\/asso.unilim.fr\/fablab19\/wp-json\/wp\/v2\/posts\/885","targetHints":{"allow":["GET"]}}],"collection":[{"href":"https:\/\/asso.unilim.fr\/fablab19\/wp-json\/wp\/v2\/posts"}],"about":[{"href":"https:\/\/asso.unilim.fr\/fablab19\/wp-json\/wp\/v2\/types\/post"}],"author":[{"embeddable":true,"href":"https:\/\/asso.unilim.fr\/fablab19\/wp-json\/wp\/v2\/users\/89"}],"replies":[{"embeddable":true,"href":"https:\/\/asso.unilim.fr\/fablab19\/wp-json\/wp\/v2\/comments?post=885"}],"version-history":[{"count":0,"href":"https:\/\/asso.unilim.fr\/fablab19\/wp-json\/wp\/v2\/posts\/885\/revisions"}],"wp:featuredmedia":[{"embeddable":true,"href":"https:\/\/asso.unilim.fr\/fablab19\/wp-json\/wp\/v2\/media\/889"}],"wp:attachment":[{"href":"https:\/\/asso.unilim.fr\/fablab19\/wp-json\/wp\/v2\/media?parent=885"}],"wp:term":[{"taxonomy":"category","embeddable":true,"href":"https:\/\/asso.unilim.fr\/fablab19\/wp-json\/wp\/v2\/categories?post=885"},{"taxonomy":"post_tag","embeddable":true,"href":"https:\/\/asso.unilim.fr\/fablab19\/wp-json\/wp\/v2\/tags?post=885"}],"curies":[{"name":"wp","href":"https:\/\/api.w.org\/{rel}","templated":true}]}}