{"id":821,"date":"2021-10-25T16:38:35","date_gmt":"2021-10-25T14:38:35","guid":{"rendered":"http:\/\/asso.unilim.fr\/fablab19\/?p=821"},"modified":"2021-10-25T16:38:52","modified_gmt":"2021-10-25T14:38:52","slug":"couts-dutilisation-des-machines","status":"publish","type":"post","link":"https:\/\/asso.unilim.fr\/fablab19\/2021\/10\/25\/couts-dutilisation-des-machines\/","title":{"rendered":"Co\u00fbts d&rsquo;utilisation des machines"},"content":{"rendered":"<figure id=\"attachment_138\" aria-describedby=\"caption-attachment-138\" style=\"width: 189px\" class=\"wp-caption alignleft\"><img loading=\"lazy\" decoding=\"async\" class=\"wp-image-138\" src=\"https:\/\/www.unilim.fr\/fablab19\/wp-content\/uploads\/sites\/8\/2018\/10\/gravograph_ls100ex.jpg\" alt=\"\" width=\"189\" height=\"100\" srcset=\"https:\/\/www.unilim.fr\/fablab19\/wp-content\/uploads\/sites\/8\/2018\/10\/gravograph_ls100ex.jpg 315w, https:\/\/www.unilim.fr\/fablab19\/wp-content\/uploads\/sites\/8\/2018\/10\/gravograph_ls100ex-300x159.jpg 300w\" sizes=\"auto, (max-width: 189px) 100vw, 189px\" \/><figcaption id=\"caption-attachment-138\" class=\"wp-caption-text\">Laser 35w LS100<\/figcaption><\/figure>\n<p>Les machines du Fablab19 sont en libre service, \u00a0 sans frais d&rsquo;utilisation,\u00a0 d\u00e8s que l&rsquo;adh\u00e9rent est form\u00e9 \u00e0 l&rsquo;utilisation . Les consommables sont\u00a0 \u00e0 la charge des adh\u00e9rents .<\/p>\n<h3>Un exception toutefois ,<\/h3>\n<p>en raison de son co\u00fbt tr\u00e8s \u00e9lev\u00e9 la d\u00e9coupe laser est payante depuis le 01 octobre . (7 euros l&rsquo;heure de d\u00e9coupe factur\u00e9e \u00e0 l&rsquo;adh\u00e9rent.) Ce tarif s&rsquo;applique uniquement sur la machine\u00a0 LS100.<\/p>\n<p>&nbsp;<\/p>\n<figure id=\"attachment_795\" aria-describedby=\"caption-attachment-795\" style=\"width: 199px\" class=\"wp-caption alignright\"><img loading=\"lazy\" decoding=\"async\" class=\"wp-image-795\" src=\"https:\/\/www.unilim.fr\/fablab19\/wp-content\/uploads\/sites\/8\/2021\/09\/AtomStack.jpg\" alt=\"\" width=\"199\" height=\"144\" srcset=\"https:\/\/www.unilim.fr\/fablab19\/wp-content\/uploads\/sites\/8\/2021\/09\/AtomStack.jpg 582w, https:\/\/www.unilim.fr\/fablab19\/wp-content\/uploads\/sites\/8\/2021\/09\/AtomStack-300x216.jpg 300w\" sizes=\"auto, (max-width: 199px) 100vw, 199px\" \/><figcaption id=\"caption-attachment-795\" class=\"wp-caption-text\">Laser AtomStack<\/figcaption><\/figure>\n<p>Le petit laser AtomStack est toujours sans frais d&rsquo;utilisation<\/p>\n","protected":false},"excerpt":{"rendered":"<p>Les machines du Fablab19 sont en libre service, \u00a0 sans frais d&rsquo;utilisation,\u00a0 d\u00e8s que l&rsquo;adh\u00e9rent est form\u00e9 \u00e0 l&rsquo;utilisation . Les consommables sont\u00a0 \u00e0 la charge des adh\u00e9rents . Un exception toutefois , en raison de son co\u00fbt tr\u00e8s \u00e9lev\u00e9 la d\u00e9coupe laser est payante depuis le 01 octobre . (7 euros l&rsquo;heure de d\u00e9coupe [&hellip;]<\/p>\n","protected":false},"author":89,"featured_media":138,"comment_status":"open","ping_status":"open","sticky":false,"template":"","format":"standard","meta":{"footnotes":""},"categories":[1,27,16],"tags":[],"class_list":["post-821","post","type-post","status-publish","format-standard","has-post-thumbnail","hentry","category-actualite","category-decoupe-laser","category-realisations"],"yoast_head":"<!-- This site is optimized with the Yoast SEO plugin v26.3 - https:\/\/yoast.com\/wordpress\/plugins\/seo\/ -->\n<title>Co\u00fbts d&#039;utilisation des machines - FABLAB19<\/title>\n<meta name=\"robots\" content=\"index, follow, max-snippet:-1, max-image-preview:large, max-video-preview:-1\" \/>\n<link rel=\"canonical\" href=\"https:\/\/asso.unilim.fr\/fablab19\/2021\/10\/25\/couts-dutilisation-des-machines\/\" \/>\n<meta property=\"og:locale\" content=\"fr_FR\" \/>\n<meta property=\"og:type\" content=\"article\" \/>\n<meta property=\"og:title\" content=\"Co\u00fbts d&#039;utilisation des machines - FABLAB19\" \/>\n<meta property=\"og:description\" content=\"Les machines du Fablab19 sont en libre service, \u00a0 sans frais d&rsquo;utilisation,\u00a0 d\u00e8s que l&rsquo;adh\u00e9rent est form\u00e9 \u00e0 l&rsquo;utilisation . Les consommables sont\u00a0 \u00e0 la charge des adh\u00e9rents . Un exception toutefois , en raison de son co\u00fbt tr\u00e8s \u00e9lev\u00e9 la d\u00e9coupe laser est payante depuis le 01 octobre . (7 euros l&rsquo;heure de d\u00e9coupe [&hellip;]\" \/>\n<meta property=\"og:url\" content=\"https:\/\/asso.unilim.fr\/fablab19\/2021\/10\/25\/couts-dutilisation-des-machines\/\" \/>\n<meta property=\"og:site_name\" content=\"FABLAB19\" \/>\n<meta property=\"article:published_time\" content=\"2021-10-25T14:38:35+00:00\" \/>\n<meta property=\"article:modified_time\" content=\"2021-10-25T14:38:52+00:00\" \/>\n<meta property=\"og:image\" content=\"https:\/\/www.unilim.fr\/fablab19\/wp-content\/uploads\/sites\/8\/2018\/10\/gravograph_ls100ex.jpg\" \/>\n\t<meta property=\"og:image:width\" content=\"315\" \/>\n\t<meta property=\"og:image:height\" content=\"167\" \/>\n\t<meta property=\"og:image:type\" content=\"image\/jpeg\" \/>\n<meta name=\"author\" content=\"valenp01\" \/>\n<meta name=\"twitter:card\" content=\"summary_large_image\" \/>\n<meta name=\"twitter:label1\" content=\"\u00c9crit par\" \/>\n\t<meta name=\"twitter:data1\" content=\"valenp01\" \/>\n<script type=\"application\/ld+json\" class=\"yoast-schema-graph\">{\"@context\":\"https:\/\/schema.org\",\"@graph\":[{\"@type\":\"WebPage\",\"@id\":\"https:\/\/asso.unilim.fr\/fablab19\/2021\/10\/25\/couts-dutilisation-des-machines\/\",\"url\":\"https:\/\/asso.unilim.fr\/fablab19\/2021\/10\/25\/couts-dutilisation-des-machines\/\",\"name\":\"Co\u00fbts d'utilisation des machines - FABLAB19\",\"isPartOf\":{\"@id\":\"https:\/\/asso.unilim.fr\/fablab19\/#website\"},\"primaryImageOfPage\":{\"@id\":\"https:\/\/asso.unilim.fr\/fablab19\/2021\/10\/25\/couts-dutilisation-des-machines\/#primaryimage\"},\"image\":{\"@id\":\"https:\/\/asso.unilim.fr\/fablab19\/2021\/10\/25\/couts-dutilisation-des-machines\/#primaryimage\"},\"thumbnailUrl\":\"https:\/\/www.unilim.fr\/fablab19\/wp-content\/uploads\/sites\/8\/2018\/10\/gravograph_ls100ex.jpg\",\"datePublished\":\"2021-10-25T14:38:35+00:00\",\"dateModified\":\"2021-10-25T14:38:52+00:00\",\"author\":{\"@id\":\"https:\/\/asso.unilim.fr\/fablab19\/#\/schema\/person\/285b5dc8147af72e68f54013e21ddbc6\"},\"breadcrumb\":{\"@id\":\"https:\/\/asso.unilim.fr\/fablab19\/2021\/10\/25\/couts-dutilisation-des-machines\/#breadcrumb\"},\"inLanguage\":\"fr-FR\",\"potentialAction\":[{\"@type\":\"ReadAction\",\"target\":[\"https:\/\/asso.unilim.fr\/fablab19\/2021\/10\/25\/couts-dutilisation-des-machines\/\"]}]},{\"@type\":\"ImageObject\",\"inLanguage\":\"fr-FR\",\"@id\":\"https:\/\/asso.unilim.fr\/fablab19\/2021\/10\/25\/couts-dutilisation-des-machines\/#primaryimage\",\"url\":\"https:\/\/www.unilim.fr\/fablab19\/wp-content\/uploads\/sites\/8\/2018\/10\/gravograph_ls100ex.jpg\",\"contentUrl\":\"https:\/\/www.unilim.fr\/fablab19\/wp-content\/uploads\/sites\/8\/2018\/10\/gravograph_ls100ex.jpg\",\"width\":315,\"height\":167},{\"@type\":\"BreadcrumbList\",\"@id\":\"https:\/\/asso.unilim.fr\/fablab19\/2021\/10\/25\/couts-dutilisation-des-machines\/#breadcrumb\",\"itemListElement\":[{\"@type\":\"ListItem\",\"position\":1,\"name\":\"Accueil\",\"item\":\"https:\/\/asso.unilim.fr\/fablab19\/\"},{\"@type\":\"ListItem\",\"position\":2,\"name\":\"Co\u00fbts d&rsquo;utilisation des machines\"}]},{\"@type\":\"WebSite\",\"@id\":\"https:\/\/asso.unilim.fr\/fablab19\/#website\",\"url\":\"https:\/\/asso.unilim.fr\/fablab19\/\",\"name\":\"FABLAB19\",\"description\":\"Fablab19 source de r\u00e9ussites\",\"potentialAction\":[{\"@type\":\"SearchAction\",\"target\":{\"@type\":\"EntryPoint\",\"urlTemplate\":\"https:\/\/asso.unilim.fr\/fablab19\/?s={search_term_string}\"},\"query-input\":{\"@type\":\"PropertyValueSpecification\",\"valueRequired\":true,\"valueName\":\"search_term_string\"}}],\"inLanguage\":\"fr-FR\"},{\"@type\":\"Person\",\"@id\":\"https:\/\/asso.unilim.fr\/fablab19\/#\/schema\/person\/285b5dc8147af72e68f54013e21ddbc6\",\"name\":\"valenp01\",\"image\":{\"@type\":\"ImageObject\",\"inLanguage\":\"fr-FR\",\"@id\":\"https:\/\/asso.unilim.fr\/fablab19\/#\/schema\/person\/image\/\",\"url\":\"https:\/\/secure.gravatar.com\/avatar\/9e7182d28f47357b8913fffd8e16aae15eb5bf8338b259e4bb57baa39d563766?s=96&d=mm&r=g\",\"contentUrl\":\"https:\/\/secure.gravatar.com\/avatar\/9e7182d28f47357b8913fffd8e16aae15eb5bf8338b259e4bb57baa39d563766?s=96&d=mm&r=g\",\"caption\":\"valenp01\"},\"url\":\"https:\/\/asso.unilim.fr\/fablab19\/author\/valenp01\/\"}]}<\/script>\n<!-- \/ Yoast SEO plugin. -->","yoast_head_json":{"title":"Co\u00fbts d'utilisation des machines - FABLAB19","robots":{"index":"index","follow":"follow","max-snippet":"max-snippet:-1","max-image-preview":"max-image-preview:large","max-video-preview":"max-video-preview:-1"},"canonical":"https:\/\/asso.unilim.fr\/fablab19\/2021\/10\/25\/couts-dutilisation-des-machines\/","og_locale":"fr_FR","og_type":"article","og_title":"Co\u00fbts d'utilisation des machines - FABLAB19","og_description":"Les machines du Fablab19 sont en libre service, \u00a0 sans frais d&rsquo;utilisation,\u00a0 d\u00e8s que l&rsquo;adh\u00e9rent est form\u00e9 \u00e0 l&rsquo;utilisation . Les consommables sont\u00a0 \u00e0 la charge des adh\u00e9rents . Un exception toutefois , en raison de son co\u00fbt tr\u00e8s \u00e9lev\u00e9 la d\u00e9coupe laser est payante depuis le 01 octobre . (7 euros l&rsquo;heure de d\u00e9coupe [&hellip;]","og_url":"https:\/\/asso.unilim.fr\/fablab19\/2021\/10\/25\/couts-dutilisation-des-machines\/","og_site_name":"FABLAB19","article_published_time":"2021-10-25T14:38:35+00:00","article_modified_time":"2021-10-25T14:38:52+00:00","og_image":[{"width":315,"height":167,"url":"https:\/\/www.unilim.fr\/fablab19\/wp-content\/uploads\/sites\/8\/2018\/10\/gravograph_ls100ex.jpg","type":"image\/jpeg"}],"author":"valenp01","twitter_card":"summary_large_image","twitter_misc":{"\u00c9crit par":"valenp01"},"schema":{"@context":"https:\/\/schema.org","@graph":[{"@type":"WebPage","@id":"https:\/\/asso.unilim.fr\/fablab19\/2021\/10\/25\/couts-dutilisation-des-machines\/","url":"https:\/\/asso.unilim.fr\/fablab19\/2021\/10\/25\/couts-dutilisation-des-machines\/","name":"Co\u00fbts d'utilisation des machines - FABLAB19","isPartOf":{"@id":"https:\/\/asso.unilim.fr\/fablab19\/#website"},"primaryImageOfPage":{"@id":"https:\/\/asso.unilim.fr\/fablab19\/2021\/10\/25\/couts-dutilisation-des-machines\/#primaryimage"},"image":{"@id":"https:\/\/asso.unilim.fr\/fablab19\/2021\/10\/25\/couts-dutilisation-des-machines\/#primaryimage"},"thumbnailUrl":"https:\/\/www.unilim.fr\/fablab19\/wp-content\/uploads\/sites\/8\/2018\/10\/gravograph_ls100ex.jpg","datePublished":"2021-10-25T14:38:35+00:00","dateModified":"2021-10-25T14:38:52+00:00","author":{"@id":"https:\/\/asso.unilim.fr\/fablab19\/#\/schema\/person\/285b5dc8147af72e68f54013e21ddbc6"},"breadcrumb":{"@id":"https:\/\/asso.unilim.fr\/fablab19\/2021\/10\/25\/couts-dutilisation-des-machines\/#breadcrumb"},"inLanguage":"fr-FR","potentialAction":[{"@type":"ReadAction","target":["https:\/\/asso.unilim.fr\/fablab19\/2021\/10\/25\/couts-dutilisation-des-machines\/"]}]},{"@type":"ImageObject","inLanguage":"fr-FR","@id":"https:\/\/asso.unilim.fr\/fablab19\/2021\/10\/25\/couts-dutilisation-des-machines\/#primaryimage","url":"https:\/\/www.unilim.fr\/fablab19\/wp-content\/uploads\/sites\/8\/2018\/10\/gravograph_ls100ex.jpg","contentUrl":"https:\/\/www.unilim.fr\/fablab19\/wp-content\/uploads\/sites\/8\/2018\/10\/gravograph_ls100ex.jpg","width":315,"height":167},{"@type":"BreadcrumbList","@id":"https:\/\/asso.unilim.fr\/fablab19\/2021\/10\/25\/couts-dutilisation-des-machines\/#breadcrumb","itemListElement":[{"@type":"ListItem","position":1,"name":"Accueil","item":"https:\/\/asso.unilim.fr\/fablab19\/"},{"@type":"ListItem","position":2,"name":"Co\u00fbts d&rsquo;utilisation des machines"}]},{"@type":"WebSite","@id":"https:\/\/asso.unilim.fr\/fablab19\/#website","url":"https:\/\/asso.unilim.fr\/fablab19\/","name":"FABLAB19","description":"Fablab19 source de r\u00e9ussites","potentialAction":[{"@type":"SearchAction","target":{"@type":"EntryPoint","urlTemplate":"https:\/\/asso.unilim.fr\/fablab19\/?s={search_term_string}"},"query-input":{"@type":"PropertyValueSpecification","valueRequired":true,"valueName":"search_term_string"}}],"inLanguage":"fr-FR"},{"@type":"Person","@id":"https:\/\/asso.unilim.fr\/fablab19\/#\/schema\/person\/285b5dc8147af72e68f54013e21ddbc6","name":"valenp01","image":{"@type":"ImageObject","inLanguage":"fr-FR","@id":"https:\/\/asso.unilim.fr\/fablab19\/#\/schema\/person\/image\/","url":"https:\/\/secure.gravatar.com\/avatar\/9e7182d28f47357b8913fffd8e16aae15eb5bf8338b259e4bb57baa39d563766?s=96&d=mm&r=g","contentUrl":"https:\/\/secure.gravatar.com\/avatar\/9e7182d28f47357b8913fffd8e16aae15eb5bf8338b259e4bb57baa39d563766?s=96&d=mm&r=g","caption":"valenp01"},"url":"https:\/\/asso.unilim.fr\/fablab19\/author\/valenp01\/"}]}},"_links":{"self":[{"href":"https:\/\/asso.unilim.fr\/fablab19\/wp-json\/wp\/v2\/posts\/821","targetHints":{"allow":["GET"]}}],"collection":[{"href":"https:\/\/asso.unilim.fr\/fablab19\/wp-json\/wp\/v2\/posts"}],"about":[{"href":"https:\/\/asso.unilim.fr\/fablab19\/wp-json\/wp\/v2\/types\/post"}],"author":[{"embeddable":true,"href":"https:\/\/asso.unilim.fr\/fablab19\/wp-json\/wp\/v2\/users\/89"}],"replies":[{"embeddable":true,"href":"https:\/\/asso.unilim.fr\/fablab19\/wp-json\/wp\/v2\/comments?post=821"}],"version-history":[{"count":0,"href":"https:\/\/asso.unilim.fr\/fablab19\/wp-json\/wp\/v2\/posts\/821\/revisions"}],"wp:featuredmedia":[{"embeddable":true,"href":"https:\/\/asso.unilim.fr\/fablab19\/wp-json\/wp\/v2\/media\/138"}],"wp:attachment":[{"href":"https:\/\/asso.unilim.fr\/fablab19\/wp-json\/wp\/v2\/media?parent=821"}],"wp:term":[{"taxonomy":"category","embeddable":true,"href":"https:\/\/asso.unilim.fr\/fablab19\/wp-json\/wp\/v2\/categories?post=821"},{"taxonomy":"post_tag","embeddable":true,"href":"https:\/\/asso.unilim.fr\/fablab19\/wp-json\/wp\/v2\/tags?post=821"}],"curies":[{"name":"wp","href":"https:\/\/api.w.org\/{rel}","templated":true}]}}