{"id":815,"date":"2021-10-25T10:12:49","date_gmt":"2021-10-25T08:12:49","guid":{"rendered":"http:\/\/asso.unilim.fr\/fablab19\/?p=815"},"modified":"2021-10-25T16:49:38","modified_gmt":"2021-10-25T14:49:38","slug":"formation-freecad-conception-dobjet-3d-numerique","status":"publish","type":"post","link":"https:\/\/asso.unilim.fr\/fablab19\/2021\/10\/25\/formation-freecad-conception-dobjet-3d-numerique\/","title":{"rendered":"Formation Freecad &#8211; conception d&rsquo;objet 3D num\u00e9rique"},"content":{"rendered":"<p>Une formation\u00a0 \u00e0 l&rsquo;utilisation du\u00a0 logiciel <a href=\"https:\/\/www.freecadweb.org\/downloads.php?lang=fr\">FreeCAD 0.19.2<\/a> est organis\u00e9e\u00a0 sur le campus de Brive . Cette formation est structur\u00e9e en 3 s\u00e9ances de\u00a0 2H et assur\u00e9e par l&rsquo;entreprise <a href=\"https:\/\/www.exanumeric.fr\/\">Exanumeric<\/a><\/p>\n<p>La formation est gratuite et ouverte \u00e0 tous\u00a0 les adh\u00e9rents\u00a0 du fablab19 (voir les tarifs des adh\u00e9sions ).<\/p>\n<h4>Afin de pouvoir organiser cette formation un minimum de 10 inscriptions est requis .<\/h4>\n<h4>Si vous \u00eates int\u00e9ress\u00e9s merci d&rsquo;envoyer un email\u00a0 \u00e0 : <em>fablab19@unilim.fr\u00a0 <\/em>afin de pouvoir r\u00e9server votre place.<\/h4>\n<p>De nombreux exemples seront cr\u00e9\u00e9s, pr\u00e9voir<strong> une clef USB pour le stockage<\/strong>. Pr\u00e9voir un PC r\u00e9cent pour ceux qui\u00a0 en sont \u00e9quip\u00e9s et une souris avec le clic sur le bouton central. Vous pouvez \u00e9galement installer <a href=\"https:\/\/www.freecadweb.org\/downloads.php?lang=fr\">FreeCAD 0.19.2<\/a><\/p>\n<p>&nbsp;<\/p>\n<p><u><span style=\"color: #0b69c9\"><strong>S\u00e9ance 1 : Mercredi 10 novembre 2021 de 18h00 \u00e0 20h00 :<\/strong><\/span><\/u><\/p>\n<ul>\n<li>A quoi sert FreeCAD ?<\/li>\n<li>O\u00f9 trouver FreeCAD ?<\/li>\n<li>Comment Installer FreeCAD ?<\/li>\n<li>Comment param\u00e9trer FreeCAD pour aller dans le bon atelier ?<\/li>\n<li>Comprendre la 3D\n<ul>\n<li>Se rep\u00e9rer dans l&rsquo;espace<\/li>\n<li>Se rep\u00e9rer dans la vue 3D<\/li>\n<li>Utiliser la souris pour se d\u00e9placer dans la vue 3D<\/li>\n<\/ul>\n<\/li>\n<li>Cr\u00e9er et utiliser une arborescence<\/li>\n<li>Mod\u00e9liser un cube<\/li>\n<li>Faire un profil, faire une extrusion mercredi 10 , jeudi 18 et jeudi 25 novembre de 18H \u00e0 20H<\/li>\n<\/ul>\n<p><u><span style=\"color: #0b69c9\"><strong>S\u00e9ance 2 : Jeudi\u00a0 18 novembre 2021 de 18h00 \u00e0 20h00 :<\/strong><\/span><\/u><\/p>\n<ul>\n<li>Faire un profil, ajouter un cong\u00e9<\/li>\n<li>Faire un profil en rotation : Bague \u00e9paul\u00e9e<\/li>\n<li>Faire un objet complexe : Faire un maillon<\/li>\n<\/ul>\n<p><u><span style=\"color: #0b69c9\"><strong>S\u00e9ance 3 : Jeudi 25 novembre 2021 de 18h00 \u00e0 20h00 :<\/strong><\/span><\/u><\/p>\n<ul>\n<li>Combiner plusieurs technique : Faire une vis<\/li>\n<li>Assembler plusieurs objets et utiliser des copies : Faire une turbine<\/li>\n<\/ul>\n<p>&nbsp;<\/p>\n<p><strong><em>D&rsquo;autres formations sont possibles avec l&rsquo;entreprise <a href=\"https:\/\/www.exanumeric.fr\/\">Exanumeric<\/a> sur :<\/em><\/strong><\/p>\n<ul>\n<li><em>L&rsquo;utilisation de Spreadsheet<\/em><\/li>\n<li><em>La simulation de contraintes m\u00e9caniques par simulation FEM<\/em><\/li>\n<li>..<\/li>\n<\/ul>\n<p>&nbsp;<\/p>\n<p>&nbsp;<\/p>\n","protected":false},"excerpt":{"rendered":"<p>Une formation\u00a0 \u00e0 l&rsquo;utilisation du\u00a0 logiciel FreeCAD 0.19.2 est organis\u00e9e\u00a0 sur le campus de Brive . Cette formation est structur\u00e9e en 3 s\u00e9ances de\u00a0 2H et assur\u00e9e par l&rsquo;entreprise Exanumeric La formation est gratuite et ouverte \u00e0 tous\u00a0 les adh\u00e9rents\u00a0 du fablab19 (voir les tarifs des adh\u00e9sions ). Afin de pouvoir organiser cette formation un [&hellip;]<\/p>\n","protected":false},"author":89,"featured_media":817,"comment_status":"open","ping_status":"open","sticky":false,"template":"","format":"standard","meta":{"footnotes":""},"categories":[1],"tags":[],"class_list":["post-815","post","type-post","status-publish","format-standard","has-post-thumbnail","hentry","category-actualite"],"yoast_head":"<!-- This site is optimized with the Yoast SEO plugin v26.3 - https:\/\/yoast.com\/wordpress\/plugins\/seo\/ -->\n<title>Formation Freecad - conception d&#039;objet 3D num\u00e9rique - FABLAB19<\/title>\n<meta name=\"robots\" content=\"index, follow, max-snippet:-1, max-image-preview:large, max-video-preview:-1\" \/>\n<link rel=\"canonical\" href=\"https:\/\/asso.unilim.fr\/fablab19\/2021\/10\/25\/formation-freecad-conception-dobjet-3d-numerique\/\" \/>\n<meta property=\"og:locale\" content=\"fr_FR\" \/>\n<meta property=\"og:type\" content=\"article\" \/>\n<meta property=\"og:title\" content=\"Formation Freecad - conception d&#039;objet 3D num\u00e9rique - FABLAB19\" \/>\n<meta property=\"og:description\" content=\"Une formation\u00a0 \u00e0 l&rsquo;utilisation du\u00a0 logiciel FreeCAD 0.19.2 est organis\u00e9e\u00a0 sur le campus de Brive . Cette formation est structur\u00e9e en 3 s\u00e9ances de\u00a0 2H et assur\u00e9e par l&rsquo;entreprise Exanumeric La formation est gratuite et ouverte \u00e0 tous\u00a0 les adh\u00e9rents\u00a0 du fablab19 (voir les tarifs des adh\u00e9sions ). Afin de pouvoir organiser cette formation un [&hellip;]\" \/>\n<meta property=\"og:url\" content=\"https:\/\/asso.unilim.fr\/fablab19\/2021\/10\/25\/formation-freecad-conception-dobjet-3d-numerique\/\" \/>\n<meta property=\"og:site_name\" content=\"FABLAB19\" \/>\n<meta property=\"article:published_time\" content=\"2021-10-25T08:12:49+00:00\" \/>\n<meta property=\"article:modified_time\" content=\"2021-10-25T14:49:38+00:00\" \/>\n<meta property=\"og:image\" content=\"https:\/\/www.unilim.fr\/fablab19\/wp-content\/uploads\/sites\/8\/2021\/10\/Frrecad.jpg\" \/>\n\t<meta property=\"og:image:width\" content=\"1585\" \/>\n\t<meta property=\"og:image:height\" content=\"778\" \/>\n\t<meta property=\"og:image:type\" content=\"image\/jpeg\" \/>\n<meta name=\"author\" content=\"valenp01\" \/>\n<meta name=\"twitter:card\" content=\"summary_large_image\" \/>\n<meta name=\"twitter:label1\" content=\"\u00c9crit par\" \/>\n\t<meta name=\"twitter:data1\" content=\"valenp01\" \/>\n\t<meta name=\"twitter:label2\" content=\"Dur\u00e9e de lecture estim\u00e9e\" \/>\n\t<meta name=\"twitter:data2\" content=\"1 minute\" \/>\n<script type=\"application\/ld+json\" class=\"yoast-schema-graph\">{\"@context\":\"https:\/\/schema.org\",\"@graph\":[{\"@type\":\"WebPage\",\"@id\":\"https:\/\/asso.unilim.fr\/fablab19\/2021\/10\/25\/formation-freecad-conception-dobjet-3d-numerique\/\",\"url\":\"https:\/\/asso.unilim.fr\/fablab19\/2021\/10\/25\/formation-freecad-conception-dobjet-3d-numerique\/\",\"name\":\"Formation Freecad - conception d'objet 3D num\u00e9rique - FABLAB19\",\"isPartOf\":{\"@id\":\"https:\/\/asso.unilim.fr\/fablab19\/#website\"},\"primaryImageOfPage\":{\"@id\":\"https:\/\/asso.unilim.fr\/fablab19\/2021\/10\/25\/formation-freecad-conception-dobjet-3d-numerique\/#primaryimage\"},\"image\":{\"@id\":\"https:\/\/asso.unilim.fr\/fablab19\/2021\/10\/25\/formation-freecad-conception-dobjet-3d-numerique\/#primaryimage\"},\"thumbnailUrl\":\"https:\/\/www.unilim.fr\/fablab19\/wp-content\/uploads\/sites\/8\/2021\/10\/Frrecad.jpg\",\"datePublished\":\"2021-10-25T08:12:49+00:00\",\"dateModified\":\"2021-10-25T14:49:38+00:00\",\"author\":{\"@id\":\"https:\/\/asso.unilim.fr\/fablab19\/#\/schema\/person\/285b5dc8147af72e68f54013e21ddbc6\"},\"breadcrumb\":{\"@id\":\"https:\/\/asso.unilim.fr\/fablab19\/2021\/10\/25\/formation-freecad-conception-dobjet-3d-numerique\/#breadcrumb\"},\"inLanguage\":\"fr-FR\",\"potentialAction\":[{\"@type\":\"ReadAction\",\"target\":[\"https:\/\/asso.unilim.fr\/fablab19\/2021\/10\/25\/formation-freecad-conception-dobjet-3d-numerique\/\"]}]},{\"@type\":\"ImageObject\",\"inLanguage\":\"fr-FR\",\"@id\":\"https:\/\/asso.unilim.fr\/fablab19\/2021\/10\/25\/formation-freecad-conception-dobjet-3d-numerique\/#primaryimage\",\"url\":\"https:\/\/www.unilim.fr\/fablab19\/wp-content\/uploads\/sites\/8\/2021\/10\/Frrecad.jpg\",\"contentUrl\":\"https:\/\/www.unilim.fr\/fablab19\/wp-content\/uploads\/sites\/8\/2021\/10\/Frrecad.jpg\",\"width\":1585,\"height\":778},{\"@type\":\"BreadcrumbList\",\"@id\":\"https:\/\/asso.unilim.fr\/fablab19\/2021\/10\/25\/formation-freecad-conception-dobjet-3d-numerique\/#breadcrumb\",\"itemListElement\":[{\"@type\":\"ListItem\",\"position\":1,\"name\":\"Accueil\",\"item\":\"https:\/\/asso.unilim.fr\/fablab19\/\"},{\"@type\":\"ListItem\",\"position\":2,\"name\":\"Formation Freecad &#8211; conception d&rsquo;objet 3D num\u00e9rique\"}]},{\"@type\":\"WebSite\",\"@id\":\"https:\/\/asso.unilim.fr\/fablab19\/#website\",\"url\":\"https:\/\/asso.unilim.fr\/fablab19\/\",\"name\":\"FABLAB19\",\"description\":\"Fablab19 source de r\u00e9ussites\",\"potentialAction\":[{\"@type\":\"SearchAction\",\"target\":{\"@type\":\"EntryPoint\",\"urlTemplate\":\"https:\/\/asso.unilim.fr\/fablab19\/?s={search_term_string}\"},\"query-input\":{\"@type\":\"PropertyValueSpecification\",\"valueRequired\":true,\"valueName\":\"search_term_string\"}}],\"inLanguage\":\"fr-FR\"},{\"@type\":\"Person\",\"@id\":\"https:\/\/asso.unilim.fr\/fablab19\/#\/schema\/person\/285b5dc8147af72e68f54013e21ddbc6\",\"name\":\"valenp01\",\"image\":{\"@type\":\"ImageObject\",\"inLanguage\":\"fr-FR\",\"@id\":\"https:\/\/asso.unilim.fr\/fablab19\/#\/schema\/person\/image\/\",\"url\":\"https:\/\/secure.gravatar.com\/avatar\/9e7182d28f47357b8913fffd8e16aae15eb5bf8338b259e4bb57baa39d563766?s=96&d=mm&r=g\",\"contentUrl\":\"https:\/\/secure.gravatar.com\/avatar\/9e7182d28f47357b8913fffd8e16aae15eb5bf8338b259e4bb57baa39d563766?s=96&d=mm&r=g\",\"caption\":\"valenp01\"},\"url\":\"https:\/\/asso.unilim.fr\/fablab19\/author\/valenp01\/\"}]}<\/script>\n<!-- \/ Yoast SEO plugin. -->","yoast_head_json":{"title":"Formation Freecad - conception d'objet 3D num\u00e9rique - FABLAB19","robots":{"index":"index","follow":"follow","max-snippet":"max-snippet:-1","max-image-preview":"max-image-preview:large","max-video-preview":"max-video-preview:-1"},"canonical":"https:\/\/asso.unilim.fr\/fablab19\/2021\/10\/25\/formation-freecad-conception-dobjet-3d-numerique\/","og_locale":"fr_FR","og_type":"article","og_title":"Formation Freecad - conception d'objet 3D num\u00e9rique - FABLAB19","og_description":"Une formation\u00a0 \u00e0 l&rsquo;utilisation du\u00a0 logiciel FreeCAD 0.19.2 est organis\u00e9e\u00a0 sur le campus de Brive . Cette formation est structur\u00e9e en 3 s\u00e9ances de\u00a0 2H et assur\u00e9e par l&rsquo;entreprise Exanumeric La formation est gratuite et ouverte \u00e0 tous\u00a0 les adh\u00e9rents\u00a0 du fablab19 (voir les tarifs des adh\u00e9sions ). Afin de pouvoir organiser cette formation un [&hellip;]","og_url":"https:\/\/asso.unilim.fr\/fablab19\/2021\/10\/25\/formation-freecad-conception-dobjet-3d-numerique\/","og_site_name":"FABLAB19","article_published_time":"2021-10-25T08:12:49+00:00","article_modified_time":"2021-10-25T14:49:38+00:00","og_image":[{"width":1585,"height":778,"url":"https:\/\/www.unilim.fr\/fablab19\/wp-content\/uploads\/sites\/8\/2021\/10\/Frrecad.jpg","type":"image\/jpeg"}],"author":"valenp01","twitter_card":"summary_large_image","twitter_misc":{"\u00c9crit par":"valenp01","Dur\u00e9e de lecture estim\u00e9e":"1 minute"},"schema":{"@context":"https:\/\/schema.org","@graph":[{"@type":"WebPage","@id":"https:\/\/asso.unilim.fr\/fablab19\/2021\/10\/25\/formation-freecad-conception-dobjet-3d-numerique\/","url":"https:\/\/asso.unilim.fr\/fablab19\/2021\/10\/25\/formation-freecad-conception-dobjet-3d-numerique\/","name":"Formation Freecad - conception d'objet 3D num\u00e9rique - FABLAB19","isPartOf":{"@id":"https:\/\/asso.unilim.fr\/fablab19\/#website"},"primaryImageOfPage":{"@id":"https:\/\/asso.unilim.fr\/fablab19\/2021\/10\/25\/formation-freecad-conception-dobjet-3d-numerique\/#primaryimage"},"image":{"@id":"https:\/\/asso.unilim.fr\/fablab19\/2021\/10\/25\/formation-freecad-conception-dobjet-3d-numerique\/#primaryimage"},"thumbnailUrl":"https:\/\/www.unilim.fr\/fablab19\/wp-content\/uploads\/sites\/8\/2021\/10\/Frrecad.jpg","datePublished":"2021-10-25T08:12:49+00:00","dateModified":"2021-10-25T14:49:38+00:00","author":{"@id":"https:\/\/asso.unilim.fr\/fablab19\/#\/schema\/person\/285b5dc8147af72e68f54013e21ddbc6"},"breadcrumb":{"@id":"https:\/\/asso.unilim.fr\/fablab19\/2021\/10\/25\/formation-freecad-conception-dobjet-3d-numerique\/#breadcrumb"},"inLanguage":"fr-FR","potentialAction":[{"@type":"ReadAction","target":["https:\/\/asso.unilim.fr\/fablab19\/2021\/10\/25\/formation-freecad-conception-dobjet-3d-numerique\/"]}]},{"@type":"ImageObject","inLanguage":"fr-FR","@id":"https:\/\/asso.unilim.fr\/fablab19\/2021\/10\/25\/formation-freecad-conception-dobjet-3d-numerique\/#primaryimage","url":"https:\/\/www.unilim.fr\/fablab19\/wp-content\/uploads\/sites\/8\/2021\/10\/Frrecad.jpg","contentUrl":"https:\/\/www.unilim.fr\/fablab19\/wp-content\/uploads\/sites\/8\/2021\/10\/Frrecad.jpg","width":1585,"height":778},{"@type":"BreadcrumbList","@id":"https:\/\/asso.unilim.fr\/fablab19\/2021\/10\/25\/formation-freecad-conception-dobjet-3d-numerique\/#breadcrumb","itemListElement":[{"@type":"ListItem","position":1,"name":"Accueil","item":"https:\/\/asso.unilim.fr\/fablab19\/"},{"@type":"ListItem","position":2,"name":"Formation Freecad &#8211; conception d&rsquo;objet 3D num\u00e9rique"}]},{"@type":"WebSite","@id":"https:\/\/asso.unilim.fr\/fablab19\/#website","url":"https:\/\/asso.unilim.fr\/fablab19\/","name":"FABLAB19","description":"Fablab19 source de r\u00e9ussites","potentialAction":[{"@type":"SearchAction","target":{"@type":"EntryPoint","urlTemplate":"https:\/\/asso.unilim.fr\/fablab19\/?s={search_term_string}"},"query-input":{"@type":"PropertyValueSpecification","valueRequired":true,"valueName":"search_term_string"}}],"inLanguage":"fr-FR"},{"@type":"Person","@id":"https:\/\/asso.unilim.fr\/fablab19\/#\/schema\/person\/285b5dc8147af72e68f54013e21ddbc6","name":"valenp01","image":{"@type":"ImageObject","inLanguage":"fr-FR","@id":"https:\/\/asso.unilim.fr\/fablab19\/#\/schema\/person\/image\/","url":"https:\/\/secure.gravatar.com\/avatar\/9e7182d28f47357b8913fffd8e16aae15eb5bf8338b259e4bb57baa39d563766?s=96&d=mm&r=g","contentUrl":"https:\/\/secure.gravatar.com\/avatar\/9e7182d28f47357b8913fffd8e16aae15eb5bf8338b259e4bb57baa39d563766?s=96&d=mm&r=g","caption":"valenp01"},"url":"https:\/\/asso.unilim.fr\/fablab19\/author\/valenp01\/"}]}},"_links":{"self":[{"href":"https:\/\/asso.unilim.fr\/fablab19\/wp-json\/wp\/v2\/posts\/815","targetHints":{"allow":["GET"]}}],"collection":[{"href":"https:\/\/asso.unilim.fr\/fablab19\/wp-json\/wp\/v2\/posts"}],"about":[{"href":"https:\/\/asso.unilim.fr\/fablab19\/wp-json\/wp\/v2\/types\/post"}],"author":[{"embeddable":true,"href":"https:\/\/asso.unilim.fr\/fablab19\/wp-json\/wp\/v2\/users\/89"}],"replies":[{"embeddable":true,"href":"https:\/\/asso.unilim.fr\/fablab19\/wp-json\/wp\/v2\/comments?post=815"}],"version-history":[{"count":0,"href":"https:\/\/asso.unilim.fr\/fablab19\/wp-json\/wp\/v2\/posts\/815\/revisions"}],"wp:featuredmedia":[{"embeddable":true,"href":"https:\/\/asso.unilim.fr\/fablab19\/wp-json\/wp\/v2\/media\/817"}],"wp:attachment":[{"href":"https:\/\/asso.unilim.fr\/fablab19\/wp-json\/wp\/v2\/media?parent=815"}],"wp:term":[{"taxonomy":"category","embeddable":true,"href":"https:\/\/asso.unilim.fr\/fablab19\/wp-json\/wp\/v2\/categories?post=815"},{"taxonomy":"post_tag","embeddable":true,"href":"https:\/\/asso.unilim.fr\/fablab19\/wp-json\/wp\/v2\/tags?post=815"}],"curies":[{"name":"wp","href":"https:\/\/api.w.org\/{rel}","templated":true}]}}