{"id":810,"date":"2021-10-19T18:44:23","date_gmt":"2021-10-19T16:44:23","guid":{"rendered":"http:\/\/asso.unilim.fr\/fablab19\/?p=810"},"modified":"2022-02-17T11:54:17","modified_gmt":"2022-02-17T10:54:17","slug":"association-dinteret-general","status":"publish","type":"post","link":"https:\/\/asso.unilim.fr\/fablab19\/2021\/10\/19\/association-dinteret-general\/","title":{"rendered":"Association  d&rsquo;int\u00e9r\u00eat g\u00e9n\u00e9ral"},"content":{"rendered":"<div class=\"panel-heading\">\n<p><img loading=\"lazy\" decoding=\"async\" class=\"wp-image-812 alignleft\" src=\"https:\/\/www.unilim.fr\/fablab19\/wp-content\/uploads\/sites\/8\/2021\/10\/Interet_general.png\" alt=\"\" width=\"148\" height=\"101\" srcset=\"https:\/\/www.unilim.fr\/fablab19\/wp-content\/uploads\/sites\/8\/2021\/10\/Interet_general.png 728w, https:\/\/www.unilim.fr\/fablab19\/wp-content\/uploads\/sites\/8\/2021\/10\/Interet_general-300x206.png 300w\" sizes=\"auto, (max-width: 148px) 100vw, 148px\" \/>Notre association\u00a0 FAblab19 a \u00e9t\u00e9 d\u00e9clar\u00e9e\u00a0<a href=\"https:\/\/www.economie.gouv.fr\/cedef\/association-reconnue-interet-general\" target=\"_blank\" rel=\"noopener noreferrer\">Organisme d\u2019int\u00e9r\u00eat g\u00e9n\u00e9ral<\/a> en\u00a0 <strong>Ao\u00fbt 2021<\/strong><\/p>\n<\/div>\n<div class=\"panel-body\">\n<p>ce qui implique que les versements effectu\u00e9s au profit de l\u2019association ouvrent droit , au titre de l\u2019imp\u00f4t sur le revenu, \u00e0 une r\u00e9duction d\u2019imp\u00f4ts \u00e9gale \u00e0 66% du montant des sommes vers\u00e9es.<\/p>\n<p>Nous accueillons un tr\u00e8s large public. \u00a0 Afin de vous rendre compte de nos actions,\u00a0 prenez connaissance de nos <a href=\"https:\/\/www.unilim.fr\/fablab19\/association\/assemblees-generales\/\" target=\"_blank\" rel=\"noopener noreferrer\">rapports d&rsquo;activit\u00e9s<\/a><\/p>\n<p>Une attestation de versement vous sera fournie sous\u00a0 la forme du Cerfa n\u00b0 11580*04<\/p>\n<p>&nbsp;<\/p>\n<p><a href=\"https:\/\/www.unilim.fr\/fablab19\/wp-content\/uploads\/sites\/8\/2021\/10\/attestation_interet_general.pdf\">Attestation_interet_general de l&rsquo;association Fablab19<\/a><\/p>\n<\/div>\n<p>&nbsp;<\/p>\n<p>&nbsp;<\/p>\n","protected":false},"excerpt":{"rendered":"<p>Notre association\u00a0 FAblab19 a \u00e9t\u00e9 d\u00e9clar\u00e9e\u00a0Organisme d\u2019int\u00e9r\u00eat g\u00e9n\u00e9ral en\u00a0 Ao\u00fbt 2021 ce qui implique que les versements effectu\u00e9s au profit de l\u2019association ouvrent droit , au titre de l\u2019imp\u00f4t sur le revenu, \u00e0 une r\u00e9duction d\u2019imp\u00f4ts \u00e9gale \u00e0 66% du montant des sommes vers\u00e9es. Nous accueillons un tr\u00e8s large public. \u00a0 Afin de vous rendre [&hellip;]<\/p>\n","protected":false},"author":89,"featured_media":812,"comment_status":"open","ping_status":"open","sticky":false,"template":"","format":"standard","meta":{"footnotes":""},"categories":[1,18,4,10],"tags":[],"class_list":["post-810","post","type-post","status-publish","format-standard","has-post-thumbnail","hentry","category-actualite","category-bilans","category-conference","category-presse"],"yoast_head":"<!-- This site is optimized with the Yoast SEO plugin v26.3 - https:\/\/yoast.com\/wordpress\/plugins\/seo\/ -->\n<title>Association d&#039;int\u00e9r\u00eat g\u00e9n\u00e9ral - FABLAB19<\/title>\n<meta name=\"robots\" content=\"index, follow, max-snippet:-1, max-image-preview:large, max-video-preview:-1\" \/>\n<link rel=\"canonical\" href=\"https:\/\/asso.unilim.fr\/fablab19\/2021\/10\/19\/association-dinteret-general\/\" \/>\n<meta property=\"og:locale\" content=\"fr_FR\" \/>\n<meta property=\"og:type\" content=\"article\" \/>\n<meta property=\"og:title\" content=\"Association d&#039;int\u00e9r\u00eat g\u00e9n\u00e9ral - FABLAB19\" \/>\n<meta property=\"og:description\" content=\"Notre association\u00a0 FAblab19 a \u00e9t\u00e9 d\u00e9clar\u00e9e\u00a0Organisme d\u2019int\u00e9r\u00eat g\u00e9n\u00e9ral en\u00a0 Ao\u00fbt 2021 ce qui implique que les versements effectu\u00e9s au profit de l\u2019association ouvrent droit , au titre de l\u2019imp\u00f4t sur le revenu, \u00e0 une r\u00e9duction d\u2019imp\u00f4ts \u00e9gale \u00e0 66% du montant des sommes vers\u00e9es. Nous accueillons un tr\u00e8s large public. \u00a0 Afin de vous rendre [&hellip;]\" \/>\n<meta property=\"og:url\" content=\"https:\/\/asso.unilim.fr\/fablab19\/2021\/10\/19\/association-dinteret-general\/\" \/>\n<meta property=\"og:site_name\" content=\"FABLAB19\" \/>\n<meta property=\"article:published_time\" content=\"2021-10-19T16:44:23+00:00\" \/>\n<meta property=\"article:modified_time\" content=\"2022-02-17T10:54:17+00:00\" \/>\n<meta property=\"og:image\" content=\"https:\/\/www.unilim.fr\/fablab19\/wp-content\/uploads\/sites\/8\/2021\/10\/Interet_general.png\" \/>\n\t<meta property=\"og:image:width\" content=\"728\" \/>\n\t<meta property=\"og:image:height\" content=\"499\" \/>\n\t<meta property=\"og:image:type\" content=\"image\/png\" \/>\n<meta name=\"author\" content=\"valenp01\" \/>\n<meta name=\"twitter:card\" content=\"summary_large_image\" \/>\n<meta name=\"twitter:label1\" content=\"\u00c9crit par\" \/>\n\t<meta name=\"twitter:data1\" content=\"valenp01\" \/>\n\t<meta name=\"twitter:label2\" content=\"Dur\u00e9e de lecture estim\u00e9e\" \/>\n\t<meta name=\"twitter:data2\" content=\"1 minute\" \/>\n<script type=\"application\/ld+json\" class=\"yoast-schema-graph\">{\"@context\":\"https:\/\/schema.org\",\"@graph\":[{\"@type\":\"WebPage\",\"@id\":\"https:\/\/asso.unilim.fr\/fablab19\/2021\/10\/19\/association-dinteret-general\/\",\"url\":\"https:\/\/asso.unilim.fr\/fablab19\/2021\/10\/19\/association-dinteret-general\/\",\"name\":\"Association d'int\u00e9r\u00eat g\u00e9n\u00e9ral - FABLAB19\",\"isPartOf\":{\"@id\":\"https:\/\/asso.unilim.fr\/fablab19\/#website\"},\"primaryImageOfPage\":{\"@id\":\"https:\/\/asso.unilim.fr\/fablab19\/2021\/10\/19\/association-dinteret-general\/#primaryimage\"},\"image\":{\"@id\":\"https:\/\/asso.unilim.fr\/fablab19\/2021\/10\/19\/association-dinteret-general\/#primaryimage\"},\"thumbnailUrl\":\"https:\/\/www.unilim.fr\/fablab19\/wp-content\/uploads\/sites\/8\/2021\/10\/Interet_general.png\",\"datePublished\":\"2021-10-19T16:44:23+00:00\",\"dateModified\":\"2022-02-17T10:54:17+00:00\",\"author\":{\"@id\":\"https:\/\/asso.unilim.fr\/fablab19\/#\/schema\/person\/285b5dc8147af72e68f54013e21ddbc6\"},\"breadcrumb\":{\"@id\":\"https:\/\/asso.unilim.fr\/fablab19\/2021\/10\/19\/association-dinteret-general\/#breadcrumb\"},\"inLanguage\":\"fr-FR\",\"potentialAction\":[{\"@type\":\"ReadAction\",\"target\":[\"https:\/\/asso.unilim.fr\/fablab19\/2021\/10\/19\/association-dinteret-general\/\"]}]},{\"@type\":\"ImageObject\",\"inLanguage\":\"fr-FR\",\"@id\":\"https:\/\/asso.unilim.fr\/fablab19\/2021\/10\/19\/association-dinteret-general\/#primaryimage\",\"url\":\"https:\/\/www.unilim.fr\/fablab19\/wp-content\/uploads\/sites\/8\/2021\/10\/Interet_general.png\",\"contentUrl\":\"https:\/\/www.unilim.fr\/fablab19\/wp-content\/uploads\/sites\/8\/2021\/10\/Interet_general.png\",\"width\":728,\"height\":499},{\"@type\":\"BreadcrumbList\",\"@id\":\"https:\/\/asso.unilim.fr\/fablab19\/2021\/10\/19\/association-dinteret-general\/#breadcrumb\",\"itemListElement\":[{\"@type\":\"ListItem\",\"position\":1,\"name\":\"Accueil\",\"item\":\"https:\/\/asso.unilim.fr\/fablab19\/\"},{\"@type\":\"ListItem\",\"position\":2,\"name\":\"Association d&rsquo;int\u00e9r\u00eat g\u00e9n\u00e9ral\"}]},{\"@type\":\"WebSite\",\"@id\":\"https:\/\/asso.unilim.fr\/fablab19\/#website\",\"url\":\"https:\/\/asso.unilim.fr\/fablab19\/\",\"name\":\"FABLAB19\",\"description\":\"Fablab19 source de r\u00e9ussites\",\"potentialAction\":[{\"@type\":\"SearchAction\",\"target\":{\"@type\":\"EntryPoint\",\"urlTemplate\":\"https:\/\/asso.unilim.fr\/fablab19\/?s={search_term_string}\"},\"query-input\":{\"@type\":\"PropertyValueSpecification\",\"valueRequired\":true,\"valueName\":\"search_term_string\"}}],\"inLanguage\":\"fr-FR\"},{\"@type\":\"Person\",\"@id\":\"https:\/\/asso.unilim.fr\/fablab19\/#\/schema\/person\/285b5dc8147af72e68f54013e21ddbc6\",\"name\":\"valenp01\",\"image\":{\"@type\":\"ImageObject\",\"inLanguage\":\"fr-FR\",\"@id\":\"https:\/\/asso.unilim.fr\/fablab19\/#\/schema\/person\/image\/\",\"url\":\"https:\/\/secure.gravatar.com\/avatar\/9e7182d28f47357b8913fffd8e16aae15eb5bf8338b259e4bb57baa39d563766?s=96&d=mm&r=g\",\"contentUrl\":\"https:\/\/secure.gravatar.com\/avatar\/9e7182d28f47357b8913fffd8e16aae15eb5bf8338b259e4bb57baa39d563766?s=96&d=mm&r=g\",\"caption\":\"valenp01\"},\"url\":\"https:\/\/asso.unilim.fr\/fablab19\/author\/valenp01\/\"}]}<\/script>\n<!-- \/ Yoast SEO plugin. -->","yoast_head_json":{"title":"Association d'int\u00e9r\u00eat g\u00e9n\u00e9ral - FABLAB19","robots":{"index":"index","follow":"follow","max-snippet":"max-snippet:-1","max-image-preview":"max-image-preview:large","max-video-preview":"max-video-preview:-1"},"canonical":"https:\/\/asso.unilim.fr\/fablab19\/2021\/10\/19\/association-dinteret-general\/","og_locale":"fr_FR","og_type":"article","og_title":"Association d'int\u00e9r\u00eat g\u00e9n\u00e9ral - FABLAB19","og_description":"Notre association\u00a0 FAblab19 a \u00e9t\u00e9 d\u00e9clar\u00e9e\u00a0Organisme d\u2019int\u00e9r\u00eat g\u00e9n\u00e9ral en\u00a0 Ao\u00fbt 2021 ce qui implique que les versements effectu\u00e9s au profit de l\u2019association ouvrent droit , au titre de l\u2019imp\u00f4t sur le revenu, \u00e0 une r\u00e9duction d\u2019imp\u00f4ts \u00e9gale \u00e0 66% du montant des sommes vers\u00e9es. Nous accueillons un tr\u00e8s large public. \u00a0 Afin de vous rendre [&hellip;]","og_url":"https:\/\/asso.unilim.fr\/fablab19\/2021\/10\/19\/association-dinteret-general\/","og_site_name":"FABLAB19","article_published_time":"2021-10-19T16:44:23+00:00","article_modified_time":"2022-02-17T10:54:17+00:00","og_image":[{"width":728,"height":499,"url":"https:\/\/www.unilim.fr\/fablab19\/wp-content\/uploads\/sites\/8\/2021\/10\/Interet_general.png","type":"image\/png"}],"author":"valenp01","twitter_card":"summary_large_image","twitter_misc":{"\u00c9crit par":"valenp01","Dur\u00e9e de lecture estim\u00e9e":"1 minute"},"schema":{"@context":"https:\/\/schema.org","@graph":[{"@type":"WebPage","@id":"https:\/\/asso.unilim.fr\/fablab19\/2021\/10\/19\/association-dinteret-general\/","url":"https:\/\/asso.unilim.fr\/fablab19\/2021\/10\/19\/association-dinteret-general\/","name":"Association d'int\u00e9r\u00eat g\u00e9n\u00e9ral - FABLAB19","isPartOf":{"@id":"https:\/\/asso.unilim.fr\/fablab19\/#website"},"primaryImageOfPage":{"@id":"https:\/\/asso.unilim.fr\/fablab19\/2021\/10\/19\/association-dinteret-general\/#primaryimage"},"image":{"@id":"https:\/\/asso.unilim.fr\/fablab19\/2021\/10\/19\/association-dinteret-general\/#primaryimage"},"thumbnailUrl":"https:\/\/www.unilim.fr\/fablab19\/wp-content\/uploads\/sites\/8\/2021\/10\/Interet_general.png","datePublished":"2021-10-19T16:44:23+00:00","dateModified":"2022-02-17T10:54:17+00:00","author":{"@id":"https:\/\/asso.unilim.fr\/fablab19\/#\/schema\/person\/285b5dc8147af72e68f54013e21ddbc6"},"breadcrumb":{"@id":"https:\/\/asso.unilim.fr\/fablab19\/2021\/10\/19\/association-dinteret-general\/#breadcrumb"},"inLanguage":"fr-FR","potentialAction":[{"@type":"ReadAction","target":["https:\/\/asso.unilim.fr\/fablab19\/2021\/10\/19\/association-dinteret-general\/"]}]},{"@type":"ImageObject","inLanguage":"fr-FR","@id":"https:\/\/asso.unilim.fr\/fablab19\/2021\/10\/19\/association-dinteret-general\/#primaryimage","url":"https:\/\/www.unilim.fr\/fablab19\/wp-content\/uploads\/sites\/8\/2021\/10\/Interet_general.png","contentUrl":"https:\/\/www.unilim.fr\/fablab19\/wp-content\/uploads\/sites\/8\/2021\/10\/Interet_general.png","width":728,"height":499},{"@type":"BreadcrumbList","@id":"https:\/\/asso.unilim.fr\/fablab19\/2021\/10\/19\/association-dinteret-general\/#breadcrumb","itemListElement":[{"@type":"ListItem","position":1,"name":"Accueil","item":"https:\/\/asso.unilim.fr\/fablab19\/"},{"@type":"ListItem","position":2,"name":"Association d&rsquo;int\u00e9r\u00eat g\u00e9n\u00e9ral"}]},{"@type":"WebSite","@id":"https:\/\/asso.unilim.fr\/fablab19\/#website","url":"https:\/\/asso.unilim.fr\/fablab19\/","name":"FABLAB19","description":"Fablab19 source de r\u00e9ussites","potentialAction":[{"@type":"SearchAction","target":{"@type":"EntryPoint","urlTemplate":"https:\/\/asso.unilim.fr\/fablab19\/?s={search_term_string}"},"query-input":{"@type":"PropertyValueSpecification","valueRequired":true,"valueName":"search_term_string"}}],"inLanguage":"fr-FR"},{"@type":"Person","@id":"https:\/\/asso.unilim.fr\/fablab19\/#\/schema\/person\/285b5dc8147af72e68f54013e21ddbc6","name":"valenp01","image":{"@type":"ImageObject","inLanguage":"fr-FR","@id":"https:\/\/asso.unilim.fr\/fablab19\/#\/schema\/person\/image\/","url":"https:\/\/secure.gravatar.com\/avatar\/9e7182d28f47357b8913fffd8e16aae15eb5bf8338b259e4bb57baa39d563766?s=96&d=mm&r=g","contentUrl":"https:\/\/secure.gravatar.com\/avatar\/9e7182d28f47357b8913fffd8e16aae15eb5bf8338b259e4bb57baa39d563766?s=96&d=mm&r=g","caption":"valenp01"},"url":"https:\/\/asso.unilim.fr\/fablab19\/author\/valenp01\/"}]}},"_links":{"self":[{"href":"https:\/\/asso.unilim.fr\/fablab19\/wp-json\/wp\/v2\/posts\/810","targetHints":{"allow":["GET"]}}],"collection":[{"href":"https:\/\/asso.unilim.fr\/fablab19\/wp-json\/wp\/v2\/posts"}],"about":[{"href":"https:\/\/asso.unilim.fr\/fablab19\/wp-json\/wp\/v2\/types\/post"}],"author":[{"embeddable":true,"href":"https:\/\/asso.unilim.fr\/fablab19\/wp-json\/wp\/v2\/users\/89"}],"replies":[{"embeddable":true,"href":"https:\/\/asso.unilim.fr\/fablab19\/wp-json\/wp\/v2\/comments?post=810"}],"version-history":[{"count":0,"href":"https:\/\/asso.unilim.fr\/fablab19\/wp-json\/wp\/v2\/posts\/810\/revisions"}],"wp:featuredmedia":[{"embeddable":true,"href":"https:\/\/asso.unilim.fr\/fablab19\/wp-json\/wp\/v2\/media\/812"}],"wp:attachment":[{"href":"https:\/\/asso.unilim.fr\/fablab19\/wp-json\/wp\/v2\/media?parent=810"}],"wp:term":[{"taxonomy":"category","embeddable":true,"href":"https:\/\/asso.unilim.fr\/fablab19\/wp-json\/wp\/v2\/categories?post=810"},{"taxonomy":"post_tag","embeddable":true,"href":"https:\/\/asso.unilim.fr\/fablab19\/wp-json\/wp\/v2\/tags?post=810"}],"curies":[{"name":"wp","href":"https:\/\/api.w.org\/{rel}","templated":true}]}}