{"id":799,"date":"2021-09-17T15:43:22","date_gmt":"2021-09-17T13:43:22","guid":{"rendered":"http:\/\/asso.unilim.fr\/fablab19\/?p=799"},"modified":"2021-10-25T16:40:13","modified_gmt":"2021-10-25T14:40:13","slug":"laser-atomstack-5-pro","status":"publish","type":"post","link":"https:\/\/asso.unilim.fr\/fablab19\/2021\/09\/17\/laser-atomstack-5-pro\/","title":{"rendered":"D\u00e9coupe Laser AtomStack 5 pro"},"content":{"rendered":"<h4><img loading=\"lazy\" decoding=\"async\" class=\"wp-image-802 alignleft\" src=\"https:\/\/www.unilim.fr\/fablab19\/wp-content\/uploads\/sites\/8\/2021\/09\/Atomstack_roller.jpg\" alt=\"\" width=\"180\" height=\"157\" srcset=\"https:\/\/www.unilim.fr\/fablab19\/wp-content\/uploads\/sites\/8\/2021\/09\/Atomstack_roller.jpg 531w, https:\/\/www.unilim.fr\/fablab19\/wp-content\/uploads\/sites\/8\/2021\/09\/Atomstack_roller-300x262.jpg 300w\" sizes=\"auto, (max-width: 180px) 100vw, 180px\" \/><\/h4>\n<h4>Le Fablab19 s&rsquo;\u00e9quipe d&rsquo;un nouveau laser en septembre 2021.<\/h4>\n<p>Nous avons fait l\u2019acquisition<img loading=\"lazy\" decoding=\"async\" class=\" wp-image-795 alignright\" src=\"https:\/\/www.unilim.fr\/fablab19\/wp-content\/uploads\/sites\/8\/2021\/09\/AtomStack.jpg\" alt=\"\" width=\"438\" height=\"316\" srcset=\"https:\/\/www.unilim.fr\/fablab19\/wp-content\/uploads\/sites\/8\/2021\/09\/AtomStack.jpg 582w, https:\/\/www.unilim.fr\/fablab19\/wp-content\/uploads\/sites\/8\/2021\/09\/AtomStack-300x216.jpg 300w\" sizes=\"auto, (max-width: 438px) 100vw, 438px\" \/> d&rsquo;un petit laser 5W\u00a0 ces jours-ci ( septembre 2021) . Il est\u00a0 en phase d&rsquo;\u00e9valuation.<\/p>\n<p>Nous avons r\u00e9ussi \u00e0 faire une gravure mais la prise en main n&rsquo;est pas optimale. Une r\u00e9flexion sur\u00a0 la s\u00e9curit\u00e9 est \u00e0 mener. Nous devons aussi r\u00e9fl\u00e9chir \u00e0 un moyen d&rsquo;aspiration. Cependant les premiers essais semblent prometteurs . Nous avons \u00e9galement fait l&rsquo;acquisition du module roller qui permet de graver sur des surfaces courbes. (voir image)<\/p>\n<p>Si vous souhaitez\u00a0 participer \u00e0 sa mise en place\u00a0 n&rsquo;h\u00e9sitez pas \u00e0 adh\u00e9rer \u00e0 notre association\u00a0 ou \u00e0 venir participer si vous \u00eates adh\u00e9rent. Nous avons \u00e9galement en projet la fabrication d&rsquo;une imprimante 3D de grande dimension ..<\/p>\n<p>Logiciel Libre de pilotage :<a href=\"https:\/\/lasergrbl.com\/\" target=\"_blank\" rel=\"noopener noreferrer\"> LaserGRBL<\/a><\/p>\n<p><a href=\"https:\/\/www.youtube.com\/watch?v=atiTT83z6Xw\" target=\"_blank\" rel=\"noopener noreferrer\">Tutoriel laserGRBL <\/a><\/p>\n","protected":false},"excerpt":{"rendered":"<p>Le Fablab19 s&rsquo;\u00e9quipe d&rsquo;un nouveau laser en septembre 2021. Nous avons fait l\u2019acquisition d&rsquo;un petit laser 5W\u00a0 ces jours-ci ( septembre 2021) . Il est\u00a0 en phase d&rsquo;\u00e9valuation. Nous avons r\u00e9ussi \u00e0 faire une gravure mais la prise en main n&rsquo;est pas optimale. Une r\u00e9flexion sur\u00a0 la s\u00e9curit\u00e9 est \u00e0 mener. Nous devons aussi r\u00e9fl\u00e9chir [&hellip;]<\/p>\n","protected":false},"author":89,"featured_media":795,"comment_status":"open","ping_status":"open","sticky":false,"template":"","format":"standard","meta":{"footnotes":""},"categories":[27],"tags":[],"class_list":["post-799","post","type-post","status-publish","format-standard","has-post-thumbnail","hentry","category-decoupe-laser"],"yoast_head":"<!-- This site is optimized with the Yoast SEO plugin v26.3 - https:\/\/yoast.com\/wordpress\/plugins\/seo\/ -->\n<title>D\u00e9coupe Laser AtomStack 5 pro - FABLAB19<\/title>\n<meta name=\"robots\" content=\"index, follow, max-snippet:-1, max-image-preview:large, max-video-preview:-1\" \/>\n<link rel=\"canonical\" href=\"https:\/\/asso.unilim.fr\/fablab19\/2021\/09\/17\/laser-atomstack-5-pro\/\" \/>\n<meta property=\"og:locale\" content=\"fr_FR\" \/>\n<meta property=\"og:type\" content=\"article\" \/>\n<meta property=\"og:title\" content=\"D\u00e9coupe Laser AtomStack 5 pro - FABLAB19\" \/>\n<meta property=\"og:description\" content=\"Le Fablab19 s&rsquo;\u00e9quipe d&rsquo;un nouveau laser en septembre 2021. Nous avons fait l\u2019acquisition d&rsquo;un petit laser 5W\u00a0 ces jours-ci ( septembre 2021) . Il est\u00a0 en phase d&rsquo;\u00e9valuation. Nous avons r\u00e9ussi \u00e0 faire une gravure mais la prise en main n&rsquo;est pas optimale. Une r\u00e9flexion sur\u00a0 la s\u00e9curit\u00e9 est \u00e0 mener. Nous devons aussi r\u00e9fl\u00e9chir [&hellip;]\" \/>\n<meta property=\"og:url\" content=\"https:\/\/asso.unilim.fr\/fablab19\/2021\/09\/17\/laser-atomstack-5-pro\/\" \/>\n<meta property=\"og:site_name\" content=\"FABLAB19\" \/>\n<meta property=\"article:published_time\" content=\"2021-09-17T13:43:22+00:00\" \/>\n<meta property=\"article:modified_time\" content=\"2021-10-25T14:40:13+00:00\" \/>\n<meta property=\"og:image\" content=\"https:\/\/www.unilim.fr\/fablab19\/wp-content\/uploads\/sites\/8\/2021\/09\/AtomStack.jpg\" \/>\n\t<meta property=\"og:image:width\" content=\"582\" \/>\n\t<meta property=\"og:image:height\" content=\"420\" \/>\n\t<meta property=\"og:image:type\" content=\"image\/jpeg\" \/>\n<meta name=\"author\" content=\"valenp01\" \/>\n<meta name=\"twitter:card\" content=\"summary_large_image\" \/>\n<meta name=\"twitter:label1\" content=\"\u00c9crit par\" \/>\n\t<meta name=\"twitter:data1\" content=\"valenp01\" \/>\n\t<meta name=\"twitter:label2\" content=\"Dur\u00e9e de lecture estim\u00e9e\" \/>\n\t<meta name=\"twitter:data2\" content=\"1 minute\" \/>\n<script type=\"application\/ld+json\" class=\"yoast-schema-graph\">{\"@context\":\"https:\/\/schema.org\",\"@graph\":[{\"@type\":\"WebPage\",\"@id\":\"https:\/\/asso.unilim.fr\/fablab19\/2021\/09\/17\/laser-atomstack-5-pro\/\",\"url\":\"https:\/\/asso.unilim.fr\/fablab19\/2021\/09\/17\/laser-atomstack-5-pro\/\",\"name\":\"D\u00e9coupe Laser AtomStack 5 pro - FABLAB19\",\"isPartOf\":{\"@id\":\"https:\/\/asso.unilim.fr\/fablab19\/#website\"},\"primaryImageOfPage\":{\"@id\":\"https:\/\/asso.unilim.fr\/fablab19\/2021\/09\/17\/laser-atomstack-5-pro\/#primaryimage\"},\"image\":{\"@id\":\"https:\/\/asso.unilim.fr\/fablab19\/2021\/09\/17\/laser-atomstack-5-pro\/#primaryimage\"},\"thumbnailUrl\":\"https:\/\/www.unilim.fr\/fablab19\/wp-content\/uploads\/sites\/8\/2021\/09\/AtomStack.jpg\",\"datePublished\":\"2021-09-17T13:43:22+00:00\",\"dateModified\":\"2021-10-25T14:40:13+00:00\",\"author\":{\"@id\":\"https:\/\/asso.unilim.fr\/fablab19\/#\/schema\/person\/285b5dc8147af72e68f54013e21ddbc6\"},\"breadcrumb\":{\"@id\":\"https:\/\/asso.unilim.fr\/fablab19\/2021\/09\/17\/laser-atomstack-5-pro\/#breadcrumb\"},\"inLanguage\":\"fr-FR\",\"potentialAction\":[{\"@type\":\"ReadAction\",\"target\":[\"https:\/\/asso.unilim.fr\/fablab19\/2021\/09\/17\/laser-atomstack-5-pro\/\"]}]},{\"@type\":\"ImageObject\",\"inLanguage\":\"fr-FR\",\"@id\":\"https:\/\/asso.unilim.fr\/fablab19\/2021\/09\/17\/laser-atomstack-5-pro\/#primaryimage\",\"url\":\"https:\/\/www.unilim.fr\/fablab19\/wp-content\/uploads\/sites\/8\/2021\/09\/AtomStack.jpg\",\"contentUrl\":\"https:\/\/www.unilim.fr\/fablab19\/wp-content\/uploads\/sites\/8\/2021\/09\/AtomStack.jpg\",\"width\":582,\"height\":420},{\"@type\":\"BreadcrumbList\",\"@id\":\"https:\/\/asso.unilim.fr\/fablab19\/2021\/09\/17\/laser-atomstack-5-pro\/#breadcrumb\",\"itemListElement\":[{\"@type\":\"ListItem\",\"position\":1,\"name\":\"Accueil\",\"item\":\"https:\/\/asso.unilim.fr\/fablab19\/\"},{\"@type\":\"ListItem\",\"position\":2,\"name\":\"D\u00e9coupe Laser AtomStack 5 pro\"}]},{\"@type\":\"WebSite\",\"@id\":\"https:\/\/asso.unilim.fr\/fablab19\/#website\",\"url\":\"https:\/\/asso.unilim.fr\/fablab19\/\",\"name\":\"FABLAB19\",\"description\":\"Fablab19 source de r\u00e9ussites\",\"potentialAction\":[{\"@type\":\"SearchAction\",\"target\":{\"@type\":\"EntryPoint\",\"urlTemplate\":\"https:\/\/asso.unilim.fr\/fablab19\/?s={search_term_string}\"},\"query-input\":{\"@type\":\"PropertyValueSpecification\",\"valueRequired\":true,\"valueName\":\"search_term_string\"}}],\"inLanguage\":\"fr-FR\"},{\"@type\":\"Person\",\"@id\":\"https:\/\/asso.unilim.fr\/fablab19\/#\/schema\/person\/285b5dc8147af72e68f54013e21ddbc6\",\"name\":\"valenp01\",\"image\":{\"@type\":\"ImageObject\",\"inLanguage\":\"fr-FR\",\"@id\":\"https:\/\/asso.unilim.fr\/fablab19\/#\/schema\/person\/image\/\",\"url\":\"https:\/\/secure.gravatar.com\/avatar\/9e7182d28f47357b8913fffd8e16aae15eb5bf8338b259e4bb57baa39d563766?s=96&d=mm&r=g\",\"contentUrl\":\"https:\/\/secure.gravatar.com\/avatar\/9e7182d28f47357b8913fffd8e16aae15eb5bf8338b259e4bb57baa39d563766?s=96&d=mm&r=g\",\"caption\":\"valenp01\"},\"url\":\"https:\/\/asso.unilim.fr\/fablab19\/author\/valenp01\/\"}]}<\/script>\n<!-- \/ Yoast SEO plugin. -->","yoast_head_json":{"title":"D\u00e9coupe Laser AtomStack 5 pro - FABLAB19","robots":{"index":"index","follow":"follow","max-snippet":"max-snippet:-1","max-image-preview":"max-image-preview:large","max-video-preview":"max-video-preview:-1"},"canonical":"https:\/\/asso.unilim.fr\/fablab19\/2021\/09\/17\/laser-atomstack-5-pro\/","og_locale":"fr_FR","og_type":"article","og_title":"D\u00e9coupe Laser AtomStack 5 pro - FABLAB19","og_description":"Le Fablab19 s&rsquo;\u00e9quipe d&rsquo;un nouveau laser en septembre 2021. Nous avons fait l\u2019acquisition d&rsquo;un petit laser 5W\u00a0 ces jours-ci ( septembre 2021) . Il est\u00a0 en phase d&rsquo;\u00e9valuation. Nous avons r\u00e9ussi \u00e0 faire une gravure mais la prise en main n&rsquo;est pas optimale. Une r\u00e9flexion sur\u00a0 la s\u00e9curit\u00e9 est \u00e0 mener. Nous devons aussi r\u00e9fl\u00e9chir [&hellip;]","og_url":"https:\/\/asso.unilim.fr\/fablab19\/2021\/09\/17\/laser-atomstack-5-pro\/","og_site_name":"FABLAB19","article_published_time":"2021-09-17T13:43:22+00:00","article_modified_time":"2021-10-25T14:40:13+00:00","og_image":[{"width":582,"height":420,"url":"https:\/\/www.unilim.fr\/fablab19\/wp-content\/uploads\/sites\/8\/2021\/09\/AtomStack.jpg","type":"image\/jpeg"}],"author":"valenp01","twitter_card":"summary_large_image","twitter_misc":{"\u00c9crit par":"valenp01","Dur\u00e9e de lecture estim\u00e9e":"1 minute"},"schema":{"@context":"https:\/\/schema.org","@graph":[{"@type":"WebPage","@id":"https:\/\/asso.unilim.fr\/fablab19\/2021\/09\/17\/laser-atomstack-5-pro\/","url":"https:\/\/asso.unilim.fr\/fablab19\/2021\/09\/17\/laser-atomstack-5-pro\/","name":"D\u00e9coupe Laser AtomStack 5 pro - FABLAB19","isPartOf":{"@id":"https:\/\/asso.unilim.fr\/fablab19\/#website"},"primaryImageOfPage":{"@id":"https:\/\/asso.unilim.fr\/fablab19\/2021\/09\/17\/laser-atomstack-5-pro\/#primaryimage"},"image":{"@id":"https:\/\/asso.unilim.fr\/fablab19\/2021\/09\/17\/laser-atomstack-5-pro\/#primaryimage"},"thumbnailUrl":"https:\/\/www.unilim.fr\/fablab19\/wp-content\/uploads\/sites\/8\/2021\/09\/AtomStack.jpg","datePublished":"2021-09-17T13:43:22+00:00","dateModified":"2021-10-25T14:40:13+00:00","author":{"@id":"https:\/\/asso.unilim.fr\/fablab19\/#\/schema\/person\/285b5dc8147af72e68f54013e21ddbc6"},"breadcrumb":{"@id":"https:\/\/asso.unilim.fr\/fablab19\/2021\/09\/17\/laser-atomstack-5-pro\/#breadcrumb"},"inLanguage":"fr-FR","potentialAction":[{"@type":"ReadAction","target":["https:\/\/asso.unilim.fr\/fablab19\/2021\/09\/17\/laser-atomstack-5-pro\/"]}]},{"@type":"ImageObject","inLanguage":"fr-FR","@id":"https:\/\/asso.unilim.fr\/fablab19\/2021\/09\/17\/laser-atomstack-5-pro\/#primaryimage","url":"https:\/\/www.unilim.fr\/fablab19\/wp-content\/uploads\/sites\/8\/2021\/09\/AtomStack.jpg","contentUrl":"https:\/\/www.unilim.fr\/fablab19\/wp-content\/uploads\/sites\/8\/2021\/09\/AtomStack.jpg","width":582,"height":420},{"@type":"BreadcrumbList","@id":"https:\/\/asso.unilim.fr\/fablab19\/2021\/09\/17\/laser-atomstack-5-pro\/#breadcrumb","itemListElement":[{"@type":"ListItem","position":1,"name":"Accueil","item":"https:\/\/asso.unilim.fr\/fablab19\/"},{"@type":"ListItem","position":2,"name":"D\u00e9coupe Laser AtomStack 5 pro"}]},{"@type":"WebSite","@id":"https:\/\/asso.unilim.fr\/fablab19\/#website","url":"https:\/\/asso.unilim.fr\/fablab19\/","name":"FABLAB19","description":"Fablab19 source de r\u00e9ussites","potentialAction":[{"@type":"SearchAction","target":{"@type":"EntryPoint","urlTemplate":"https:\/\/asso.unilim.fr\/fablab19\/?s={search_term_string}"},"query-input":{"@type":"PropertyValueSpecification","valueRequired":true,"valueName":"search_term_string"}}],"inLanguage":"fr-FR"},{"@type":"Person","@id":"https:\/\/asso.unilim.fr\/fablab19\/#\/schema\/person\/285b5dc8147af72e68f54013e21ddbc6","name":"valenp01","image":{"@type":"ImageObject","inLanguage":"fr-FR","@id":"https:\/\/asso.unilim.fr\/fablab19\/#\/schema\/person\/image\/","url":"https:\/\/secure.gravatar.com\/avatar\/9e7182d28f47357b8913fffd8e16aae15eb5bf8338b259e4bb57baa39d563766?s=96&d=mm&r=g","contentUrl":"https:\/\/secure.gravatar.com\/avatar\/9e7182d28f47357b8913fffd8e16aae15eb5bf8338b259e4bb57baa39d563766?s=96&d=mm&r=g","caption":"valenp01"},"url":"https:\/\/asso.unilim.fr\/fablab19\/author\/valenp01\/"}]}},"_links":{"self":[{"href":"https:\/\/asso.unilim.fr\/fablab19\/wp-json\/wp\/v2\/posts\/799","targetHints":{"allow":["GET"]}}],"collection":[{"href":"https:\/\/asso.unilim.fr\/fablab19\/wp-json\/wp\/v2\/posts"}],"about":[{"href":"https:\/\/asso.unilim.fr\/fablab19\/wp-json\/wp\/v2\/types\/post"}],"author":[{"embeddable":true,"href":"https:\/\/asso.unilim.fr\/fablab19\/wp-json\/wp\/v2\/users\/89"}],"replies":[{"embeddable":true,"href":"https:\/\/asso.unilim.fr\/fablab19\/wp-json\/wp\/v2\/comments?post=799"}],"version-history":[{"count":0,"href":"https:\/\/asso.unilim.fr\/fablab19\/wp-json\/wp\/v2\/posts\/799\/revisions"}],"wp:featuredmedia":[{"embeddable":true,"href":"https:\/\/asso.unilim.fr\/fablab19\/wp-json\/wp\/v2\/media\/795"}],"wp:attachment":[{"href":"https:\/\/asso.unilim.fr\/fablab19\/wp-json\/wp\/v2\/media?parent=799"}],"wp:term":[{"taxonomy":"category","embeddable":true,"href":"https:\/\/asso.unilim.fr\/fablab19\/wp-json\/wp\/v2\/categories?post=799"},{"taxonomy":"post_tag","embeddable":true,"href":"https:\/\/asso.unilim.fr\/fablab19\/wp-json\/wp\/v2\/tags?post=799"}],"curies":[{"name":"wp","href":"https:\/\/api.w.org\/{rel}","templated":true}]}}