{"id":699,"date":"2021-01-29T17:27:41","date_gmt":"2021-01-29T16:27:41","guid":{"rendered":"http:\/\/asso.unilim.fr\/fablab19\/?p=699"},"modified":"2021-01-29T17:27:41","modified_gmt":"2021-01-29T16:27:41","slug":"temoignage-dune-adherente","status":"publish","type":"post","link":"https:\/\/asso.unilim.fr\/fablab19\/2021\/01\/29\/temoignage-dune-adherente\/","title":{"rendered":"T\u00e9moignage d&rsquo;une adh\u00e9rente"},"content":{"rendered":"<p><img loading=\"lazy\" decoding=\"async\" class=\"wp-image-702 alignleft\" src=\"https:\/\/www.unilim.fr\/fablab19\/wp-content\/uploads\/sites\/8\/2021\/01\/menu.png\" alt=\"\" width=\"146\" height=\"206\" srcset=\"https:\/\/www.unilim.fr\/fablab19\/wp-content\/uploads\/sites\/8\/2021\/01\/menu.png 608w, https:\/\/www.unilim.fr\/fablab19\/wp-content\/uploads\/sites\/8\/2021\/01\/menu-213x300.png 213w\" sizes=\"auto, (max-width: 146px) 100vw, 146px\" \/>\u00a0 \u00ab Notre objectif \u00e0 la brasserie LA BANOU \u00e9tait de cr\u00e9er, \u00e0 la fois, un produit du terroir de qualit\u00e9 et un lieu de convivialit\u00e9.<\/p>\n<p>La cr\u00e9ation d\u2019une marque, d\u2019une ambiance, d\u2019un univers est quelque chose de compliqu\u00e9, surtout dans un monde o\u00f9 tout est industrialis\u00e9. Lorsque que l\u2019on souhaite r\u00e9aliser des objets personnalis\u00e9s en petite quantit\u00e9 cela devient vite hors de prix, voir impossible et pour une petite entreprise comme la n\u00f4tre il a fallu faire des choix.<\/p>\n<p>Nous avons choisi de \u00ab Faire nous m\u00eame \u00bb.<\/p>\n<p>Et pour cela le Fablab a \u00e9t\u00e9 un outil pr\u00e9cieux. En mettant \u00e0 disposition des outils de conception et de prototypage, ils nous a permis de cr\u00e9er des objets de communication et de d\u00e9coration uniques et \u00e0 notre image. Nous avons ainsi pu cr\u00e9er une atmosph\u00e8re et mettre en avant notre marque au travers d\u2019objets originaux, uniques et personnalis\u00e9s.\u00a0\u00bb <strong><em>Eva LOFFLER<\/em><\/strong><\/p>\n<p>&nbsp;<\/p>\n<p><img loading=\"lazy\" decoding=\"async\" class=\"wp-image-700 alignright\" src=\"https:\/\/www.unilim.fr\/fablab19\/wp-content\/uploads\/sites\/8\/2021\/01\/bougeoir.png\" alt=\"\" width=\"131\" height=\"164\" srcset=\"https:\/\/www.unilim.fr\/fablab19\/wp-content\/uploads\/sites\/8\/2021\/01\/bougeoir.png 595w, https:\/\/www.unilim.fr\/fablab19\/wp-content\/uploads\/sites\/8\/2021\/01\/bougeoir-241x300.png 241w\" sizes=\"auto, (max-width: 131px) 100vw, 131px\" \/><img loading=\"lazy\" decoding=\"async\" class=\"wp-image-701 alignright\" src=\"https:\/\/www.unilim.fr\/fablab19\/wp-content\/uploads\/sites\/8\/2021\/01\/horloge.png\" alt=\"\" width=\"162\" height=\"169\" srcset=\"https:\/\/www.unilim.fr\/fablab19\/wp-content\/uploads\/sites\/8\/2021\/01\/horloge.png 633w, https:\/\/www.unilim.fr\/fablab19\/wp-content\/uploads\/sites\/8\/2021\/01\/horloge-288x300.png 288w\" sizes=\"auto, (max-width: 162px) 100vw, 162px\" \/><\/p>\n","protected":false},"excerpt":{"rendered":"<p>\u00a0 \u00ab Notre objectif \u00e0 la brasserie LA BANOU \u00e9tait de cr\u00e9er, \u00e0 la fois, un produit du terroir de qualit\u00e9 et un lieu de convivialit\u00e9. La cr\u00e9ation d\u2019une marque, d\u2019une ambiance, d\u2019un univers est quelque chose de compliqu\u00e9, surtout dans un monde o\u00f9 tout est industrialis\u00e9. Lorsque que l\u2019on souhaite r\u00e9aliser des objets personnalis\u00e9s [&hellip;]<\/p>\n","protected":false},"author":89,"featured_media":703,"comment_status":"open","ping_status":"open","sticky":false,"template":"","format":"standard","meta":{"footnotes":""},"categories":[1,16],"tags":[],"class_list":["post-699","post","type-post","status-publish","format-standard","has-post-thumbnail","hentry","category-actualite","category-realisations"],"yoast_head":"<!-- This site is optimized with the Yoast SEO plugin v26.3 - https:\/\/yoast.com\/wordpress\/plugins\/seo\/ -->\n<title>T\u00e9moignage d&#039;une adh\u00e9rente - FABLAB19<\/title>\n<meta name=\"robots\" content=\"index, follow, max-snippet:-1, max-image-preview:large, max-video-preview:-1\" \/>\n<link rel=\"canonical\" href=\"https:\/\/asso.unilim.fr\/fablab19\/2021\/01\/29\/temoignage-dune-adherente\/\" \/>\n<meta property=\"og:locale\" content=\"fr_FR\" \/>\n<meta property=\"og:type\" content=\"article\" \/>\n<meta property=\"og:title\" content=\"T\u00e9moignage d&#039;une adh\u00e9rente - FABLAB19\" \/>\n<meta property=\"og:description\" content=\"\u00a0 \u00ab Notre objectif \u00e0 la brasserie LA BANOU \u00e9tait de cr\u00e9er, \u00e0 la fois, un produit du terroir de qualit\u00e9 et un lieu de convivialit\u00e9. La cr\u00e9ation d\u2019une marque, d\u2019une ambiance, d\u2019un univers est quelque chose de compliqu\u00e9, surtout dans un monde o\u00f9 tout est industrialis\u00e9. Lorsque que l\u2019on souhaite r\u00e9aliser des objets personnalis\u00e9s [&hellip;]\" \/>\n<meta property=\"og:url\" content=\"https:\/\/asso.unilim.fr\/fablab19\/2021\/01\/29\/temoignage-dune-adherente\/\" \/>\n<meta property=\"og:site_name\" content=\"FABLAB19\" \/>\n<meta property=\"article:published_time\" content=\"2021-01-29T16:27:41+00:00\" \/>\n<meta property=\"og:image\" content=\"https:\/\/www.unilim.fr\/fablab19\/wp-content\/uploads\/sites\/8\/2021\/01\/SousVerre.png\" \/>\n\t<meta property=\"og:image:width\" content=\"727\" \/>\n\t<meta property=\"og:image:height\" content=\"834\" \/>\n\t<meta property=\"og:image:type\" content=\"image\/png\" \/>\n<meta name=\"author\" content=\"valenp01\" \/>\n<meta name=\"twitter:card\" content=\"summary_large_image\" \/>\n<meta name=\"twitter:label1\" content=\"\u00c9crit par\" \/>\n\t<meta name=\"twitter:data1\" content=\"valenp01\" \/>\n\t<meta name=\"twitter:label2\" content=\"Dur\u00e9e de lecture estim\u00e9e\" \/>\n\t<meta name=\"twitter:data2\" content=\"1 minute\" \/>\n<script type=\"application\/ld+json\" class=\"yoast-schema-graph\">{\"@context\":\"https:\/\/schema.org\",\"@graph\":[{\"@type\":\"WebPage\",\"@id\":\"https:\/\/asso.unilim.fr\/fablab19\/2021\/01\/29\/temoignage-dune-adherente\/\",\"url\":\"https:\/\/asso.unilim.fr\/fablab19\/2021\/01\/29\/temoignage-dune-adherente\/\",\"name\":\"T\u00e9moignage d'une adh\u00e9rente - FABLAB19\",\"isPartOf\":{\"@id\":\"https:\/\/asso.unilim.fr\/fablab19\/#website\"},\"primaryImageOfPage\":{\"@id\":\"https:\/\/asso.unilim.fr\/fablab19\/2021\/01\/29\/temoignage-dune-adherente\/#primaryimage\"},\"image\":{\"@id\":\"https:\/\/asso.unilim.fr\/fablab19\/2021\/01\/29\/temoignage-dune-adherente\/#primaryimage\"},\"thumbnailUrl\":\"https:\/\/www.unilim.fr\/fablab19\/wp-content\/uploads\/sites\/8\/2021\/01\/SousVerre.png\",\"datePublished\":\"2021-01-29T16:27:41+00:00\",\"author\":{\"@id\":\"https:\/\/asso.unilim.fr\/fablab19\/#\/schema\/person\/285b5dc8147af72e68f54013e21ddbc6\"},\"breadcrumb\":{\"@id\":\"https:\/\/asso.unilim.fr\/fablab19\/2021\/01\/29\/temoignage-dune-adherente\/#breadcrumb\"},\"inLanguage\":\"fr-FR\",\"potentialAction\":[{\"@type\":\"ReadAction\",\"target\":[\"https:\/\/asso.unilim.fr\/fablab19\/2021\/01\/29\/temoignage-dune-adherente\/\"]}]},{\"@type\":\"ImageObject\",\"inLanguage\":\"fr-FR\",\"@id\":\"https:\/\/asso.unilim.fr\/fablab19\/2021\/01\/29\/temoignage-dune-adherente\/#primaryimage\",\"url\":\"https:\/\/www.unilim.fr\/fablab19\/wp-content\/uploads\/sites\/8\/2021\/01\/SousVerre.png\",\"contentUrl\":\"https:\/\/www.unilim.fr\/fablab19\/wp-content\/uploads\/sites\/8\/2021\/01\/SousVerre.png\",\"width\":727,\"height\":834},{\"@type\":\"BreadcrumbList\",\"@id\":\"https:\/\/asso.unilim.fr\/fablab19\/2021\/01\/29\/temoignage-dune-adherente\/#breadcrumb\",\"itemListElement\":[{\"@type\":\"ListItem\",\"position\":1,\"name\":\"Accueil\",\"item\":\"https:\/\/asso.unilim.fr\/fablab19\/\"},{\"@type\":\"ListItem\",\"position\":2,\"name\":\"T\u00e9moignage d&rsquo;une adh\u00e9rente\"}]},{\"@type\":\"WebSite\",\"@id\":\"https:\/\/asso.unilim.fr\/fablab19\/#website\",\"url\":\"https:\/\/asso.unilim.fr\/fablab19\/\",\"name\":\"FABLAB19\",\"description\":\"Fablab19 source de r\u00e9ussites\",\"potentialAction\":[{\"@type\":\"SearchAction\",\"target\":{\"@type\":\"EntryPoint\",\"urlTemplate\":\"https:\/\/asso.unilim.fr\/fablab19\/?s={search_term_string}\"},\"query-input\":{\"@type\":\"PropertyValueSpecification\",\"valueRequired\":true,\"valueName\":\"search_term_string\"}}],\"inLanguage\":\"fr-FR\"},{\"@type\":\"Person\",\"@id\":\"https:\/\/asso.unilim.fr\/fablab19\/#\/schema\/person\/285b5dc8147af72e68f54013e21ddbc6\",\"name\":\"valenp01\",\"image\":{\"@type\":\"ImageObject\",\"inLanguage\":\"fr-FR\",\"@id\":\"https:\/\/asso.unilim.fr\/fablab19\/#\/schema\/person\/image\/\",\"url\":\"https:\/\/secure.gravatar.com\/avatar\/9e7182d28f47357b8913fffd8e16aae15eb5bf8338b259e4bb57baa39d563766?s=96&d=mm&r=g\",\"contentUrl\":\"https:\/\/secure.gravatar.com\/avatar\/9e7182d28f47357b8913fffd8e16aae15eb5bf8338b259e4bb57baa39d563766?s=96&d=mm&r=g\",\"caption\":\"valenp01\"},\"url\":\"https:\/\/asso.unilim.fr\/fablab19\/author\/valenp01\/\"}]}<\/script>\n<!-- \/ Yoast SEO plugin. -->","yoast_head_json":{"title":"T\u00e9moignage d'une adh\u00e9rente - FABLAB19","robots":{"index":"index","follow":"follow","max-snippet":"max-snippet:-1","max-image-preview":"max-image-preview:large","max-video-preview":"max-video-preview:-1"},"canonical":"https:\/\/asso.unilim.fr\/fablab19\/2021\/01\/29\/temoignage-dune-adherente\/","og_locale":"fr_FR","og_type":"article","og_title":"T\u00e9moignage d'une adh\u00e9rente - FABLAB19","og_description":"\u00a0 \u00ab Notre objectif \u00e0 la brasserie LA BANOU \u00e9tait de cr\u00e9er, \u00e0 la fois, un produit du terroir de qualit\u00e9 et un lieu de convivialit\u00e9. La cr\u00e9ation d\u2019une marque, d\u2019une ambiance, d\u2019un univers est quelque chose de compliqu\u00e9, surtout dans un monde o\u00f9 tout est industrialis\u00e9. Lorsque que l\u2019on souhaite r\u00e9aliser des objets personnalis\u00e9s [&hellip;]","og_url":"https:\/\/asso.unilim.fr\/fablab19\/2021\/01\/29\/temoignage-dune-adherente\/","og_site_name":"FABLAB19","article_published_time":"2021-01-29T16:27:41+00:00","og_image":[{"width":727,"height":834,"url":"https:\/\/www.unilim.fr\/fablab19\/wp-content\/uploads\/sites\/8\/2021\/01\/SousVerre.png","type":"image\/png"}],"author":"valenp01","twitter_card":"summary_large_image","twitter_misc":{"\u00c9crit par":"valenp01","Dur\u00e9e de lecture estim\u00e9e":"1 minute"},"schema":{"@context":"https:\/\/schema.org","@graph":[{"@type":"WebPage","@id":"https:\/\/asso.unilim.fr\/fablab19\/2021\/01\/29\/temoignage-dune-adherente\/","url":"https:\/\/asso.unilim.fr\/fablab19\/2021\/01\/29\/temoignage-dune-adherente\/","name":"T\u00e9moignage d'une adh\u00e9rente - FABLAB19","isPartOf":{"@id":"https:\/\/asso.unilim.fr\/fablab19\/#website"},"primaryImageOfPage":{"@id":"https:\/\/asso.unilim.fr\/fablab19\/2021\/01\/29\/temoignage-dune-adherente\/#primaryimage"},"image":{"@id":"https:\/\/asso.unilim.fr\/fablab19\/2021\/01\/29\/temoignage-dune-adherente\/#primaryimage"},"thumbnailUrl":"https:\/\/www.unilim.fr\/fablab19\/wp-content\/uploads\/sites\/8\/2021\/01\/SousVerre.png","datePublished":"2021-01-29T16:27:41+00:00","author":{"@id":"https:\/\/asso.unilim.fr\/fablab19\/#\/schema\/person\/285b5dc8147af72e68f54013e21ddbc6"},"breadcrumb":{"@id":"https:\/\/asso.unilim.fr\/fablab19\/2021\/01\/29\/temoignage-dune-adherente\/#breadcrumb"},"inLanguage":"fr-FR","potentialAction":[{"@type":"ReadAction","target":["https:\/\/asso.unilim.fr\/fablab19\/2021\/01\/29\/temoignage-dune-adherente\/"]}]},{"@type":"ImageObject","inLanguage":"fr-FR","@id":"https:\/\/asso.unilim.fr\/fablab19\/2021\/01\/29\/temoignage-dune-adherente\/#primaryimage","url":"https:\/\/www.unilim.fr\/fablab19\/wp-content\/uploads\/sites\/8\/2021\/01\/SousVerre.png","contentUrl":"https:\/\/www.unilim.fr\/fablab19\/wp-content\/uploads\/sites\/8\/2021\/01\/SousVerre.png","width":727,"height":834},{"@type":"BreadcrumbList","@id":"https:\/\/asso.unilim.fr\/fablab19\/2021\/01\/29\/temoignage-dune-adherente\/#breadcrumb","itemListElement":[{"@type":"ListItem","position":1,"name":"Accueil","item":"https:\/\/asso.unilim.fr\/fablab19\/"},{"@type":"ListItem","position":2,"name":"T\u00e9moignage d&rsquo;une adh\u00e9rente"}]},{"@type":"WebSite","@id":"https:\/\/asso.unilim.fr\/fablab19\/#website","url":"https:\/\/asso.unilim.fr\/fablab19\/","name":"FABLAB19","description":"Fablab19 source de r\u00e9ussites","potentialAction":[{"@type":"SearchAction","target":{"@type":"EntryPoint","urlTemplate":"https:\/\/asso.unilim.fr\/fablab19\/?s={search_term_string}"},"query-input":{"@type":"PropertyValueSpecification","valueRequired":true,"valueName":"search_term_string"}}],"inLanguage":"fr-FR"},{"@type":"Person","@id":"https:\/\/asso.unilim.fr\/fablab19\/#\/schema\/person\/285b5dc8147af72e68f54013e21ddbc6","name":"valenp01","image":{"@type":"ImageObject","inLanguage":"fr-FR","@id":"https:\/\/asso.unilim.fr\/fablab19\/#\/schema\/person\/image\/","url":"https:\/\/secure.gravatar.com\/avatar\/9e7182d28f47357b8913fffd8e16aae15eb5bf8338b259e4bb57baa39d563766?s=96&d=mm&r=g","contentUrl":"https:\/\/secure.gravatar.com\/avatar\/9e7182d28f47357b8913fffd8e16aae15eb5bf8338b259e4bb57baa39d563766?s=96&d=mm&r=g","caption":"valenp01"},"url":"https:\/\/asso.unilim.fr\/fablab19\/author\/valenp01\/"}]}},"_links":{"self":[{"href":"https:\/\/asso.unilim.fr\/fablab19\/wp-json\/wp\/v2\/posts\/699","targetHints":{"allow":["GET"]}}],"collection":[{"href":"https:\/\/asso.unilim.fr\/fablab19\/wp-json\/wp\/v2\/posts"}],"about":[{"href":"https:\/\/asso.unilim.fr\/fablab19\/wp-json\/wp\/v2\/types\/post"}],"author":[{"embeddable":true,"href":"https:\/\/asso.unilim.fr\/fablab19\/wp-json\/wp\/v2\/users\/89"}],"replies":[{"embeddable":true,"href":"https:\/\/asso.unilim.fr\/fablab19\/wp-json\/wp\/v2\/comments?post=699"}],"version-history":[{"count":0,"href":"https:\/\/asso.unilim.fr\/fablab19\/wp-json\/wp\/v2\/posts\/699\/revisions"}],"wp:featuredmedia":[{"embeddable":true,"href":"https:\/\/asso.unilim.fr\/fablab19\/wp-json\/wp\/v2\/media\/703"}],"wp:attachment":[{"href":"https:\/\/asso.unilim.fr\/fablab19\/wp-json\/wp\/v2\/media?parent=699"}],"wp:term":[{"taxonomy":"category","embeddable":true,"href":"https:\/\/asso.unilim.fr\/fablab19\/wp-json\/wp\/v2\/categories?post=699"},{"taxonomy":"post_tag","embeddable":true,"href":"https:\/\/asso.unilim.fr\/fablab19\/wp-json\/wp\/v2\/tags?post=699"}],"curies":[{"name":"wp","href":"https:\/\/api.w.org\/{rel}","templated":true}]}}