{"id":685,"date":"2021-01-11T10:47:18","date_gmt":"2021-01-11T09:47:18","guid":{"rendered":"http:\/\/asso.unilim.fr\/fablab19\/?p=685"},"modified":"2021-02-10T08:38:55","modified_gmt":"2021-02-10T07:38:55","slug":"nettoyage-de-la-decoupe-laser","status":"publish","type":"post","link":"https:\/\/asso.unilim.fr\/fablab19\/2021\/01\/11\/nettoyage-de-la-decoupe-laser\/","title":{"rendered":"Nettoyage atelier de  d\u00e9coupe laser."},"content":{"rendered":"<p><span style=\"font-family: Verdana, Geneva, sans-serif;font-size: 12px\"><img loading=\"lazy\" decoding=\"async\" class=\"size-full wp-image-688 alignleft\" src=\"https:\/\/www.unilim.fr\/fablab19\/wp-content\/uploads\/sites\/8\/2021\/01\/turbine.jpg\" alt=\"\" width=\"297\" height=\"226\" \/>Bonjour \u00e0 tous,<\/span><\/p>\n<h4><span style=\"font-family: Verdana, Geneva, sans-serif;font-size: 12px\">La machine Laser est un outil tr\u00e8s utilis\u00e9 dans notre fablab et c&rsquo;est heureux. Les chutes de m\u00e9dium sont un t\u00e9moignage de cette activit\u00e9 \u00e0 laquelle il faut ajouter la d\u00e9coupe des nombreuses visi\u00e8res durant le premier confinement. Cette activit\u00e9 n\u00e9cessite\u00a0 de nettoyer plus souvent la\u00a0 machine et son syst\u00e8me d&rsquo;aspiration.<\/span><\/h4>\n<p><span style=\"font-family: Verdana, Geneva, sans-serif;font-size: 12px\"> Nous remercions donc Gerard et Michel\u00a0 pour leur investissement. Comme vous pourrez le lire\u00a0 dans la documentation qu&rsquo;ils ont r\u00e9alis\u00e9,\u00a0 <a href=\"https:\/\/www.unilim.fr\/fablab19\/wp-content\/uploads\/sites\/8\/2021\/01\/Nettoyage_graveuse.pdf\"><img loading=\"lazy\" decoding=\"async\" class=\"alignnone wp-image-120\" src=\"https:\/\/www.unilim.fr\/fablab19\/wp-content\/uploads\/sites\/8\/2018\/10\/Pdf.png\" alt=\"\" width=\"28\" height=\"35\" \/><\/a> 2h30 ont \u00e9t\u00e9 n\u00e9cessaires.<\/span><\/p>\n<p><span style=\"font-family: Verdana, Geneva, sans-serif;font-size: 12px\">Le silence de l&rsquo;aspiration est une preuve de leur efficacit\u00e9.<\/span><\/p>\n<p><span style=\"font-family: Verdana, Geneva, sans-serif;font-size: 12px\">Ils pr\u00e9voient la n\u00e9cessit\u00e9 de nettoyer \u00e0 nouveau en juin. (avis aux amateurs)<\/span><\/p>\n<p><span style=\"font-size: 10px\"><em><span style=\"font-family: Verdana, Geneva, sans-serif\"><span class=\"fontstyle0\">Rappel des dates ant\u00e9rieures de nettoyage<br \/>\n-f\u00e9vrier 2020 nettoyage complet (M B et T A)<br \/>\n-6 janvier 2021 nettoyage complet (M B et G M)<\/span><\/span><\/em><\/span><\/p>\n<p><span style=\"font-family: Verdana, Geneva, sans-serif;font-size: 12px\">Ils ont d\u00e9mont\u00e9\u00a0 la lampe qu&rsquo;il sera n\u00e9cessaire de changer et il faudra pr\u00e9voir un palpeur neuf.<br \/>\n<\/span><\/p>\n<p><span style=\"font-family: Verdana, Geneva, sans-serif;font-size: 12px\">Pour rappel, si la machine fume ce n&rsquo;est pas normal,\u00a0 on doit donc se poser un certain nombre de questions et rem\u00e9dier au probl\u00e8me&#8230;<br \/>\n<\/span><\/p>\n<ul>\n<li><span style=\"font-family: Verdana, Geneva, sans-serif;font-size: 12px\">Syst\u00e8me d&rsquo;aspiration non en marche<\/span><\/li>\n<li><span style=\"font-family: Verdana, Geneva, sans-serif;font-size: 12px\">Mati\u00e8re non compatible ?<\/span><\/li>\n<li><span style=\"font-family: Verdana, Geneva, sans-serif;font-size: 12px\">filtres obstru\u00e9s ?<\/span><\/li>\n<li><span style=\"font-family: Verdana, Geneva, sans-serif;font-size: 12px\">Turbine encrass\u00e9e ?<\/span><\/li>\n<\/ul>\n<p><span style=\"font-size: 12px\"><strong><span style=\"font-family: Verdana, Geneva, sans-serif\">Le bon fonctionnement de notre fablab19 d\u00e9pend de nos actions et l&rsquo;entretien du mat\u00e9riel est un aspect non n\u00e9gligeable&#8230;<\/span><\/strong><\/span><\/p>\n<p>&nbsp;<\/p>\n","protected":false},"excerpt":{"rendered":"<p>Bonjour \u00e0 tous, La machine Laser est un outil tr\u00e8s utilis\u00e9 dans notre fablab et c&rsquo;est heureux. Les chutes de m\u00e9dium sont un t\u00e9moignage de cette activit\u00e9 \u00e0 laquelle il faut ajouter la d\u00e9coupe des nombreuses visi\u00e8res durant le premier confinement. Cette activit\u00e9 n\u00e9cessite\u00a0 de nettoyer plus souvent la\u00a0 machine et son syst\u00e8me d&rsquo;aspiration. Nous [&hellip;]<\/p>\n","protected":false},"author":89,"featured_media":688,"comment_status":"open","ping_status":"open","sticky":false,"template":"","format":"standard","meta":{"footnotes":""},"categories":[1,27],"tags":[],"class_list":["post-685","post","type-post","status-publish","format-standard","has-post-thumbnail","hentry","category-actualite","category-decoupe-laser"],"yoast_head":"<!-- This site is optimized with the Yoast SEO plugin v26.3 - https:\/\/yoast.com\/wordpress\/plugins\/seo\/ -->\n<title>Nettoyage atelier de d\u00e9coupe laser. - FABLAB19<\/title>\n<meta name=\"robots\" content=\"index, follow, max-snippet:-1, max-image-preview:large, max-video-preview:-1\" \/>\n<link rel=\"canonical\" href=\"https:\/\/asso.unilim.fr\/fablab19\/2021\/01\/11\/nettoyage-de-la-decoupe-laser\/\" \/>\n<meta property=\"og:locale\" content=\"fr_FR\" \/>\n<meta property=\"og:type\" content=\"article\" \/>\n<meta property=\"og:title\" content=\"Nettoyage atelier de d\u00e9coupe laser. - FABLAB19\" \/>\n<meta property=\"og:description\" content=\"Bonjour \u00e0 tous, La machine Laser est un outil tr\u00e8s utilis\u00e9 dans notre fablab et c&rsquo;est heureux. Les chutes de m\u00e9dium sont un t\u00e9moignage de cette activit\u00e9 \u00e0 laquelle il faut ajouter la d\u00e9coupe des nombreuses visi\u00e8res durant le premier confinement. Cette activit\u00e9 n\u00e9cessite\u00a0 de nettoyer plus souvent la\u00a0 machine et son syst\u00e8me d&rsquo;aspiration. Nous [&hellip;]\" \/>\n<meta property=\"og:url\" content=\"https:\/\/asso.unilim.fr\/fablab19\/2021\/01\/11\/nettoyage-de-la-decoupe-laser\/\" \/>\n<meta property=\"og:site_name\" content=\"FABLAB19\" \/>\n<meta property=\"article:published_time\" content=\"2021-01-11T09:47:18+00:00\" \/>\n<meta property=\"article:modified_time\" content=\"2021-02-10T07:38:55+00:00\" \/>\n<meta property=\"og:image\" content=\"https:\/\/www.unilim.fr\/fablab19\/wp-content\/uploads\/sites\/8\/2021\/01\/turbine.jpg\" \/>\n\t<meta property=\"og:image:width\" content=\"297\" \/>\n\t<meta property=\"og:image:height\" content=\"226\" \/>\n\t<meta property=\"og:image:type\" content=\"image\/jpeg\" \/>\n<meta name=\"author\" content=\"valenp01\" \/>\n<meta name=\"twitter:card\" content=\"summary_large_image\" \/>\n<meta name=\"twitter:label1\" content=\"\u00c9crit par\" \/>\n\t<meta name=\"twitter:data1\" content=\"valenp01\" \/>\n\t<meta name=\"twitter:label2\" content=\"Dur\u00e9e de lecture estim\u00e9e\" \/>\n\t<meta name=\"twitter:data2\" content=\"1 minute\" \/>\n<script type=\"application\/ld+json\" class=\"yoast-schema-graph\">{\"@context\":\"https:\/\/schema.org\",\"@graph\":[{\"@type\":\"WebPage\",\"@id\":\"https:\/\/asso.unilim.fr\/fablab19\/2021\/01\/11\/nettoyage-de-la-decoupe-laser\/\",\"url\":\"https:\/\/asso.unilim.fr\/fablab19\/2021\/01\/11\/nettoyage-de-la-decoupe-laser\/\",\"name\":\"Nettoyage atelier de d\u00e9coupe laser. - FABLAB19\",\"isPartOf\":{\"@id\":\"https:\/\/asso.unilim.fr\/fablab19\/#website\"},\"primaryImageOfPage\":{\"@id\":\"https:\/\/asso.unilim.fr\/fablab19\/2021\/01\/11\/nettoyage-de-la-decoupe-laser\/#primaryimage\"},\"image\":{\"@id\":\"https:\/\/asso.unilim.fr\/fablab19\/2021\/01\/11\/nettoyage-de-la-decoupe-laser\/#primaryimage\"},\"thumbnailUrl\":\"https:\/\/www.unilim.fr\/fablab19\/wp-content\/uploads\/sites\/8\/2021\/01\/turbine.jpg\",\"datePublished\":\"2021-01-11T09:47:18+00:00\",\"dateModified\":\"2021-02-10T07:38:55+00:00\",\"author\":{\"@id\":\"https:\/\/asso.unilim.fr\/fablab19\/#\/schema\/person\/285b5dc8147af72e68f54013e21ddbc6\"},\"breadcrumb\":{\"@id\":\"https:\/\/asso.unilim.fr\/fablab19\/2021\/01\/11\/nettoyage-de-la-decoupe-laser\/#breadcrumb\"},\"inLanguage\":\"fr-FR\",\"potentialAction\":[{\"@type\":\"ReadAction\",\"target\":[\"https:\/\/asso.unilim.fr\/fablab19\/2021\/01\/11\/nettoyage-de-la-decoupe-laser\/\"]}]},{\"@type\":\"ImageObject\",\"inLanguage\":\"fr-FR\",\"@id\":\"https:\/\/asso.unilim.fr\/fablab19\/2021\/01\/11\/nettoyage-de-la-decoupe-laser\/#primaryimage\",\"url\":\"https:\/\/www.unilim.fr\/fablab19\/wp-content\/uploads\/sites\/8\/2021\/01\/turbine.jpg\",\"contentUrl\":\"https:\/\/www.unilim.fr\/fablab19\/wp-content\/uploads\/sites\/8\/2021\/01\/turbine.jpg\",\"width\":297,\"height\":226},{\"@type\":\"BreadcrumbList\",\"@id\":\"https:\/\/asso.unilim.fr\/fablab19\/2021\/01\/11\/nettoyage-de-la-decoupe-laser\/#breadcrumb\",\"itemListElement\":[{\"@type\":\"ListItem\",\"position\":1,\"name\":\"Accueil\",\"item\":\"https:\/\/asso.unilim.fr\/fablab19\/\"},{\"@type\":\"ListItem\",\"position\":2,\"name\":\"Nettoyage atelier de d\u00e9coupe laser.\"}]},{\"@type\":\"WebSite\",\"@id\":\"https:\/\/asso.unilim.fr\/fablab19\/#website\",\"url\":\"https:\/\/asso.unilim.fr\/fablab19\/\",\"name\":\"FABLAB19\",\"description\":\"Fablab19 source de r\u00e9ussites\",\"potentialAction\":[{\"@type\":\"SearchAction\",\"target\":{\"@type\":\"EntryPoint\",\"urlTemplate\":\"https:\/\/asso.unilim.fr\/fablab19\/?s={search_term_string}\"},\"query-input\":{\"@type\":\"PropertyValueSpecification\",\"valueRequired\":true,\"valueName\":\"search_term_string\"}}],\"inLanguage\":\"fr-FR\"},{\"@type\":\"Person\",\"@id\":\"https:\/\/asso.unilim.fr\/fablab19\/#\/schema\/person\/285b5dc8147af72e68f54013e21ddbc6\",\"name\":\"valenp01\",\"image\":{\"@type\":\"ImageObject\",\"inLanguage\":\"fr-FR\",\"@id\":\"https:\/\/asso.unilim.fr\/fablab19\/#\/schema\/person\/image\/\",\"url\":\"https:\/\/secure.gravatar.com\/avatar\/9e7182d28f47357b8913fffd8e16aae15eb5bf8338b259e4bb57baa39d563766?s=96&d=mm&r=g\",\"contentUrl\":\"https:\/\/secure.gravatar.com\/avatar\/9e7182d28f47357b8913fffd8e16aae15eb5bf8338b259e4bb57baa39d563766?s=96&d=mm&r=g\",\"caption\":\"valenp01\"},\"url\":\"https:\/\/asso.unilim.fr\/fablab19\/author\/valenp01\/\"}]}<\/script>\n<!-- \/ Yoast SEO plugin. -->","yoast_head_json":{"title":"Nettoyage atelier de d\u00e9coupe laser. - FABLAB19","robots":{"index":"index","follow":"follow","max-snippet":"max-snippet:-1","max-image-preview":"max-image-preview:large","max-video-preview":"max-video-preview:-1"},"canonical":"https:\/\/asso.unilim.fr\/fablab19\/2021\/01\/11\/nettoyage-de-la-decoupe-laser\/","og_locale":"fr_FR","og_type":"article","og_title":"Nettoyage atelier de d\u00e9coupe laser. - FABLAB19","og_description":"Bonjour \u00e0 tous, La machine Laser est un outil tr\u00e8s utilis\u00e9 dans notre fablab et c&rsquo;est heureux. Les chutes de m\u00e9dium sont un t\u00e9moignage de cette activit\u00e9 \u00e0 laquelle il faut ajouter la d\u00e9coupe des nombreuses visi\u00e8res durant le premier confinement. Cette activit\u00e9 n\u00e9cessite\u00a0 de nettoyer plus souvent la\u00a0 machine et son syst\u00e8me d&rsquo;aspiration. Nous [&hellip;]","og_url":"https:\/\/asso.unilim.fr\/fablab19\/2021\/01\/11\/nettoyage-de-la-decoupe-laser\/","og_site_name":"FABLAB19","article_published_time":"2021-01-11T09:47:18+00:00","article_modified_time":"2021-02-10T07:38:55+00:00","og_image":[{"width":297,"height":226,"url":"https:\/\/www.unilim.fr\/fablab19\/wp-content\/uploads\/sites\/8\/2021\/01\/turbine.jpg","type":"image\/jpeg"}],"author":"valenp01","twitter_card":"summary_large_image","twitter_misc":{"\u00c9crit par":"valenp01","Dur\u00e9e de lecture estim\u00e9e":"1 minute"},"schema":{"@context":"https:\/\/schema.org","@graph":[{"@type":"WebPage","@id":"https:\/\/asso.unilim.fr\/fablab19\/2021\/01\/11\/nettoyage-de-la-decoupe-laser\/","url":"https:\/\/asso.unilim.fr\/fablab19\/2021\/01\/11\/nettoyage-de-la-decoupe-laser\/","name":"Nettoyage atelier de d\u00e9coupe laser. - FABLAB19","isPartOf":{"@id":"https:\/\/asso.unilim.fr\/fablab19\/#website"},"primaryImageOfPage":{"@id":"https:\/\/asso.unilim.fr\/fablab19\/2021\/01\/11\/nettoyage-de-la-decoupe-laser\/#primaryimage"},"image":{"@id":"https:\/\/asso.unilim.fr\/fablab19\/2021\/01\/11\/nettoyage-de-la-decoupe-laser\/#primaryimage"},"thumbnailUrl":"https:\/\/www.unilim.fr\/fablab19\/wp-content\/uploads\/sites\/8\/2021\/01\/turbine.jpg","datePublished":"2021-01-11T09:47:18+00:00","dateModified":"2021-02-10T07:38:55+00:00","author":{"@id":"https:\/\/asso.unilim.fr\/fablab19\/#\/schema\/person\/285b5dc8147af72e68f54013e21ddbc6"},"breadcrumb":{"@id":"https:\/\/asso.unilim.fr\/fablab19\/2021\/01\/11\/nettoyage-de-la-decoupe-laser\/#breadcrumb"},"inLanguage":"fr-FR","potentialAction":[{"@type":"ReadAction","target":["https:\/\/asso.unilim.fr\/fablab19\/2021\/01\/11\/nettoyage-de-la-decoupe-laser\/"]}]},{"@type":"ImageObject","inLanguage":"fr-FR","@id":"https:\/\/asso.unilim.fr\/fablab19\/2021\/01\/11\/nettoyage-de-la-decoupe-laser\/#primaryimage","url":"https:\/\/www.unilim.fr\/fablab19\/wp-content\/uploads\/sites\/8\/2021\/01\/turbine.jpg","contentUrl":"https:\/\/www.unilim.fr\/fablab19\/wp-content\/uploads\/sites\/8\/2021\/01\/turbine.jpg","width":297,"height":226},{"@type":"BreadcrumbList","@id":"https:\/\/asso.unilim.fr\/fablab19\/2021\/01\/11\/nettoyage-de-la-decoupe-laser\/#breadcrumb","itemListElement":[{"@type":"ListItem","position":1,"name":"Accueil","item":"https:\/\/asso.unilim.fr\/fablab19\/"},{"@type":"ListItem","position":2,"name":"Nettoyage atelier de d\u00e9coupe laser."}]},{"@type":"WebSite","@id":"https:\/\/asso.unilim.fr\/fablab19\/#website","url":"https:\/\/asso.unilim.fr\/fablab19\/","name":"FABLAB19","description":"Fablab19 source de r\u00e9ussites","potentialAction":[{"@type":"SearchAction","target":{"@type":"EntryPoint","urlTemplate":"https:\/\/asso.unilim.fr\/fablab19\/?s={search_term_string}"},"query-input":{"@type":"PropertyValueSpecification","valueRequired":true,"valueName":"search_term_string"}}],"inLanguage":"fr-FR"},{"@type":"Person","@id":"https:\/\/asso.unilim.fr\/fablab19\/#\/schema\/person\/285b5dc8147af72e68f54013e21ddbc6","name":"valenp01","image":{"@type":"ImageObject","inLanguage":"fr-FR","@id":"https:\/\/asso.unilim.fr\/fablab19\/#\/schema\/person\/image\/","url":"https:\/\/secure.gravatar.com\/avatar\/9e7182d28f47357b8913fffd8e16aae15eb5bf8338b259e4bb57baa39d563766?s=96&d=mm&r=g","contentUrl":"https:\/\/secure.gravatar.com\/avatar\/9e7182d28f47357b8913fffd8e16aae15eb5bf8338b259e4bb57baa39d563766?s=96&d=mm&r=g","caption":"valenp01"},"url":"https:\/\/asso.unilim.fr\/fablab19\/author\/valenp01\/"}]}},"_links":{"self":[{"href":"https:\/\/asso.unilim.fr\/fablab19\/wp-json\/wp\/v2\/posts\/685","targetHints":{"allow":["GET"]}}],"collection":[{"href":"https:\/\/asso.unilim.fr\/fablab19\/wp-json\/wp\/v2\/posts"}],"about":[{"href":"https:\/\/asso.unilim.fr\/fablab19\/wp-json\/wp\/v2\/types\/post"}],"author":[{"embeddable":true,"href":"https:\/\/asso.unilim.fr\/fablab19\/wp-json\/wp\/v2\/users\/89"}],"replies":[{"embeddable":true,"href":"https:\/\/asso.unilim.fr\/fablab19\/wp-json\/wp\/v2\/comments?post=685"}],"version-history":[{"count":0,"href":"https:\/\/asso.unilim.fr\/fablab19\/wp-json\/wp\/v2\/posts\/685\/revisions"}],"wp:featuredmedia":[{"embeddable":true,"href":"https:\/\/asso.unilim.fr\/fablab19\/wp-json\/wp\/v2\/media\/688"}],"wp:attachment":[{"href":"https:\/\/asso.unilim.fr\/fablab19\/wp-json\/wp\/v2\/media?parent=685"}],"wp:term":[{"taxonomy":"category","embeddable":true,"href":"https:\/\/asso.unilim.fr\/fablab19\/wp-json\/wp\/v2\/categories?post=685"},{"taxonomy":"post_tag","embeddable":true,"href":"https:\/\/asso.unilim.fr\/fablab19\/wp-json\/wp\/v2\/tags?post=685"}],"curies":[{"name":"wp","href":"https:\/\/api.w.org\/{rel}","templated":true}]}}