{"id":681,"date":"2021-01-06T17:04:50","date_gmt":"2021-01-06T16:04:50","guid":{"rendered":"http:\/\/asso.unilim.fr\/fablab19\/?p=681"},"modified":"2021-01-06T17:13:53","modified_gmt":"2021-01-06T16:13:53","slug":"nouveaux-adherents-en-2021","status":"publish","type":"post","link":"https:\/\/asso.unilim.fr\/fablab19\/2021\/01\/06\/nouveaux-adherents-en-2021\/","title":{"rendered":"12 Nouveaux adh\u00e9rents en 2021"},"content":{"rendered":"<h3>Malgr\u00e9 la crise qui perturbe fortement le fonctionnement de notre fablab19,\u00a0 nous avons enregistr\u00e9 12 nouvelles adh\u00e9sions depuis le 01 septembre 2020 et nous nous en f\u00e9licitons<\/h3>\n<p>Parmi\u00a0 ces\u00a0 12 nouvelles personnes qui ont pris leur adh\u00e9sion pour la premi\u00e8re fois seulement une adh\u00e9sion f\u00e9minine.\u00a0 C&rsquo;est \u00e0 d\u00e9plorer.<\/p>\n<p>Nous rappelons ici que les outils num\u00e9riques, que nous ouvrons \u00e0 un tr\u00e8s large public,\u00a0 sont parfaitement adapt\u00e9s \u00e0 tous les genres.<\/p>\n<p>Le Fablab19<\/p>\n","protected":false},"excerpt":{"rendered":"<p>Malgr\u00e9 la crise qui perturbe fortement le fonctionnement de notre fablab19,\u00a0 nous avons enregistr\u00e9 12 nouvelles adh\u00e9sions depuis le 01 septembre 2020 et nous nous en f\u00e9licitons Parmi\u00a0 ces\u00a0 12 nouvelles personnes qui ont pris leur adh\u00e9sion pour la premi\u00e8re fois seulement une adh\u00e9sion f\u00e9minine.\u00a0 C&rsquo;est \u00e0 d\u00e9plorer. Nous rappelons ici que les outils num\u00e9riques, [&hellip;]<\/p>\n","protected":false},"author":89,"featured_media":38,"comment_status":"open","ping_status":"open","sticky":false,"template":"","format":"standard","meta":{"footnotes":""},"categories":[1],"tags":[],"class_list":["post-681","post","type-post","status-publish","format-standard","has-post-thumbnail","hentry","category-actualite"],"yoast_head":"<!-- This site is optimized with the Yoast SEO plugin v26.3 - https:\/\/yoast.com\/wordpress\/plugins\/seo\/ -->\n<title>12 Nouveaux adh\u00e9rents en 2021 - FABLAB19<\/title>\n<meta name=\"robots\" content=\"index, follow, max-snippet:-1, max-image-preview:large, max-video-preview:-1\" \/>\n<link rel=\"canonical\" href=\"https:\/\/asso.unilim.fr\/fablab19\/2021\/01\/06\/nouveaux-adherents-en-2021\/\" \/>\n<meta property=\"og:locale\" content=\"fr_FR\" \/>\n<meta property=\"og:type\" content=\"article\" \/>\n<meta property=\"og:title\" content=\"12 Nouveaux adh\u00e9rents en 2021 - FABLAB19\" \/>\n<meta property=\"og:description\" content=\"Malgr\u00e9 la crise qui perturbe fortement le fonctionnement de notre fablab19,\u00a0 nous avons enregistr\u00e9 12 nouvelles adh\u00e9sions depuis le 01 septembre 2020 et nous nous en f\u00e9licitons Parmi\u00a0 ces\u00a0 12 nouvelles personnes qui ont pris leur adh\u00e9sion pour la premi\u00e8re fois seulement une adh\u00e9sion f\u00e9minine.\u00a0 C&rsquo;est \u00e0 d\u00e9plorer. Nous rappelons ici que les outils num\u00e9riques, [&hellip;]\" \/>\n<meta property=\"og:url\" content=\"https:\/\/asso.unilim.fr\/fablab19\/2021\/01\/06\/nouveaux-adherents-en-2021\/\" \/>\n<meta property=\"og:site_name\" content=\"FABLAB19\" \/>\n<meta property=\"article:published_time\" content=\"2021-01-06T16:04:50+00:00\" \/>\n<meta property=\"article:modified_time\" content=\"2021-01-06T16:13:53+00:00\" \/>\n<meta property=\"og:image\" content=\"https:\/\/www.unilim.fr\/fablab19\/wp-content\/uploads\/sites\/8\/2018\/10\/woman.png\" \/>\n\t<meta property=\"og:image:width\" content=\"380\" \/>\n\t<meta property=\"og:image:height\" content=\"409\" \/>\n\t<meta property=\"og:image:type\" content=\"image\/png\" \/>\n<meta name=\"author\" content=\"valenp01\" \/>\n<meta name=\"twitter:card\" content=\"summary_large_image\" \/>\n<meta name=\"twitter:label1\" content=\"\u00c9crit par\" \/>\n\t<meta name=\"twitter:data1\" content=\"valenp01\" \/>\n<script type=\"application\/ld+json\" class=\"yoast-schema-graph\">{\"@context\":\"https:\/\/schema.org\",\"@graph\":[{\"@type\":\"WebPage\",\"@id\":\"https:\/\/asso.unilim.fr\/fablab19\/2021\/01\/06\/nouveaux-adherents-en-2021\/\",\"url\":\"https:\/\/asso.unilim.fr\/fablab19\/2021\/01\/06\/nouveaux-adherents-en-2021\/\",\"name\":\"12 Nouveaux adh\u00e9rents en 2021 - FABLAB19\",\"isPartOf\":{\"@id\":\"https:\/\/asso.unilim.fr\/fablab19\/#website\"},\"primaryImageOfPage\":{\"@id\":\"https:\/\/asso.unilim.fr\/fablab19\/2021\/01\/06\/nouveaux-adherents-en-2021\/#primaryimage\"},\"image\":{\"@id\":\"https:\/\/asso.unilim.fr\/fablab19\/2021\/01\/06\/nouveaux-adherents-en-2021\/#primaryimage\"},\"thumbnailUrl\":\"https:\/\/www.unilim.fr\/fablab19\/wp-content\/uploads\/sites\/8\/2018\/10\/woman.png\",\"datePublished\":\"2021-01-06T16:04:50+00:00\",\"dateModified\":\"2021-01-06T16:13:53+00:00\",\"author\":{\"@id\":\"https:\/\/asso.unilim.fr\/fablab19\/#\/schema\/person\/285b5dc8147af72e68f54013e21ddbc6\"},\"breadcrumb\":{\"@id\":\"https:\/\/asso.unilim.fr\/fablab19\/2021\/01\/06\/nouveaux-adherents-en-2021\/#breadcrumb\"},\"inLanguage\":\"fr-FR\",\"potentialAction\":[{\"@type\":\"ReadAction\",\"target\":[\"https:\/\/asso.unilim.fr\/fablab19\/2021\/01\/06\/nouveaux-adherents-en-2021\/\"]}]},{\"@type\":\"ImageObject\",\"inLanguage\":\"fr-FR\",\"@id\":\"https:\/\/asso.unilim.fr\/fablab19\/2021\/01\/06\/nouveaux-adherents-en-2021\/#primaryimage\",\"url\":\"https:\/\/www.unilim.fr\/fablab19\/wp-content\/uploads\/sites\/8\/2018\/10\/woman.png\",\"contentUrl\":\"https:\/\/www.unilim.fr\/fablab19\/wp-content\/uploads\/sites\/8\/2018\/10\/woman.png\",\"width\":380,\"height\":409},{\"@type\":\"BreadcrumbList\",\"@id\":\"https:\/\/asso.unilim.fr\/fablab19\/2021\/01\/06\/nouveaux-adherents-en-2021\/#breadcrumb\",\"itemListElement\":[{\"@type\":\"ListItem\",\"position\":1,\"name\":\"Accueil\",\"item\":\"https:\/\/asso.unilim.fr\/fablab19\/\"},{\"@type\":\"ListItem\",\"position\":2,\"name\":\"12 Nouveaux adh\u00e9rents en 2021\"}]},{\"@type\":\"WebSite\",\"@id\":\"https:\/\/asso.unilim.fr\/fablab19\/#website\",\"url\":\"https:\/\/asso.unilim.fr\/fablab19\/\",\"name\":\"FABLAB19\",\"description\":\"Fablab19 source de r\u00e9ussites\",\"potentialAction\":[{\"@type\":\"SearchAction\",\"target\":{\"@type\":\"EntryPoint\",\"urlTemplate\":\"https:\/\/asso.unilim.fr\/fablab19\/?s={search_term_string}\"},\"query-input\":{\"@type\":\"PropertyValueSpecification\",\"valueRequired\":true,\"valueName\":\"search_term_string\"}}],\"inLanguage\":\"fr-FR\"},{\"@type\":\"Person\",\"@id\":\"https:\/\/asso.unilim.fr\/fablab19\/#\/schema\/person\/285b5dc8147af72e68f54013e21ddbc6\",\"name\":\"valenp01\",\"image\":{\"@type\":\"ImageObject\",\"inLanguage\":\"fr-FR\",\"@id\":\"https:\/\/asso.unilim.fr\/fablab19\/#\/schema\/person\/image\/\",\"url\":\"https:\/\/secure.gravatar.com\/avatar\/9e7182d28f47357b8913fffd8e16aae15eb5bf8338b259e4bb57baa39d563766?s=96&d=mm&r=g\",\"contentUrl\":\"https:\/\/secure.gravatar.com\/avatar\/9e7182d28f47357b8913fffd8e16aae15eb5bf8338b259e4bb57baa39d563766?s=96&d=mm&r=g\",\"caption\":\"valenp01\"},\"url\":\"https:\/\/asso.unilim.fr\/fablab19\/author\/valenp01\/\"}]}<\/script>\n<!-- \/ Yoast SEO plugin. -->","yoast_head_json":{"title":"12 Nouveaux adh\u00e9rents en 2021 - FABLAB19","robots":{"index":"index","follow":"follow","max-snippet":"max-snippet:-1","max-image-preview":"max-image-preview:large","max-video-preview":"max-video-preview:-1"},"canonical":"https:\/\/asso.unilim.fr\/fablab19\/2021\/01\/06\/nouveaux-adherents-en-2021\/","og_locale":"fr_FR","og_type":"article","og_title":"12 Nouveaux adh\u00e9rents en 2021 - FABLAB19","og_description":"Malgr\u00e9 la crise qui perturbe fortement le fonctionnement de notre fablab19,\u00a0 nous avons enregistr\u00e9 12 nouvelles adh\u00e9sions depuis le 01 septembre 2020 et nous nous en f\u00e9licitons Parmi\u00a0 ces\u00a0 12 nouvelles personnes qui ont pris leur adh\u00e9sion pour la premi\u00e8re fois seulement une adh\u00e9sion f\u00e9minine.\u00a0 C&rsquo;est \u00e0 d\u00e9plorer. Nous rappelons ici que les outils num\u00e9riques, [&hellip;]","og_url":"https:\/\/asso.unilim.fr\/fablab19\/2021\/01\/06\/nouveaux-adherents-en-2021\/","og_site_name":"FABLAB19","article_published_time":"2021-01-06T16:04:50+00:00","article_modified_time":"2021-01-06T16:13:53+00:00","og_image":[{"width":380,"height":409,"url":"https:\/\/www.unilim.fr\/fablab19\/wp-content\/uploads\/sites\/8\/2018\/10\/woman.png","type":"image\/png"}],"author":"valenp01","twitter_card":"summary_large_image","twitter_misc":{"\u00c9crit par":"valenp01"},"schema":{"@context":"https:\/\/schema.org","@graph":[{"@type":"WebPage","@id":"https:\/\/asso.unilim.fr\/fablab19\/2021\/01\/06\/nouveaux-adherents-en-2021\/","url":"https:\/\/asso.unilim.fr\/fablab19\/2021\/01\/06\/nouveaux-adherents-en-2021\/","name":"12 Nouveaux adh\u00e9rents en 2021 - FABLAB19","isPartOf":{"@id":"https:\/\/asso.unilim.fr\/fablab19\/#website"},"primaryImageOfPage":{"@id":"https:\/\/asso.unilim.fr\/fablab19\/2021\/01\/06\/nouveaux-adherents-en-2021\/#primaryimage"},"image":{"@id":"https:\/\/asso.unilim.fr\/fablab19\/2021\/01\/06\/nouveaux-adherents-en-2021\/#primaryimage"},"thumbnailUrl":"https:\/\/www.unilim.fr\/fablab19\/wp-content\/uploads\/sites\/8\/2018\/10\/woman.png","datePublished":"2021-01-06T16:04:50+00:00","dateModified":"2021-01-06T16:13:53+00:00","author":{"@id":"https:\/\/asso.unilim.fr\/fablab19\/#\/schema\/person\/285b5dc8147af72e68f54013e21ddbc6"},"breadcrumb":{"@id":"https:\/\/asso.unilim.fr\/fablab19\/2021\/01\/06\/nouveaux-adherents-en-2021\/#breadcrumb"},"inLanguage":"fr-FR","potentialAction":[{"@type":"ReadAction","target":["https:\/\/asso.unilim.fr\/fablab19\/2021\/01\/06\/nouveaux-adherents-en-2021\/"]}]},{"@type":"ImageObject","inLanguage":"fr-FR","@id":"https:\/\/asso.unilim.fr\/fablab19\/2021\/01\/06\/nouveaux-adherents-en-2021\/#primaryimage","url":"https:\/\/www.unilim.fr\/fablab19\/wp-content\/uploads\/sites\/8\/2018\/10\/woman.png","contentUrl":"https:\/\/www.unilim.fr\/fablab19\/wp-content\/uploads\/sites\/8\/2018\/10\/woman.png","width":380,"height":409},{"@type":"BreadcrumbList","@id":"https:\/\/asso.unilim.fr\/fablab19\/2021\/01\/06\/nouveaux-adherents-en-2021\/#breadcrumb","itemListElement":[{"@type":"ListItem","position":1,"name":"Accueil","item":"https:\/\/asso.unilim.fr\/fablab19\/"},{"@type":"ListItem","position":2,"name":"12 Nouveaux adh\u00e9rents en 2021"}]},{"@type":"WebSite","@id":"https:\/\/asso.unilim.fr\/fablab19\/#website","url":"https:\/\/asso.unilim.fr\/fablab19\/","name":"FABLAB19","description":"Fablab19 source de r\u00e9ussites","potentialAction":[{"@type":"SearchAction","target":{"@type":"EntryPoint","urlTemplate":"https:\/\/asso.unilim.fr\/fablab19\/?s={search_term_string}"},"query-input":{"@type":"PropertyValueSpecification","valueRequired":true,"valueName":"search_term_string"}}],"inLanguage":"fr-FR"},{"@type":"Person","@id":"https:\/\/asso.unilim.fr\/fablab19\/#\/schema\/person\/285b5dc8147af72e68f54013e21ddbc6","name":"valenp01","image":{"@type":"ImageObject","inLanguage":"fr-FR","@id":"https:\/\/asso.unilim.fr\/fablab19\/#\/schema\/person\/image\/","url":"https:\/\/secure.gravatar.com\/avatar\/9e7182d28f47357b8913fffd8e16aae15eb5bf8338b259e4bb57baa39d563766?s=96&d=mm&r=g","contentUrl":"https:\/\/secure.gravatar.com\/avatar\/9e7182d28f47357b8913fffd8e16aae15eb5bf8338b259e4bb57baa39d563766?s=96&d=mm&r=g","caption":"valenp01"},"url":"https:\/\/asso.unilim.fr\/fablab19\/author\/valenp01\/"}]}},"_links":{"self":[{"href":"https:\/\/asso.unilim.fr\/fablab19\/wp-json\/wp\/v2\/posts\/681","targetHints":{"allow":["GET"]}}],"collection":[{"href":"https:\/\/asso.unilim.fr\/fablab19\/wp-json\/wp\/v2\/posts"}],"about":[{"href":"https:\/\/asso.unilim.fr\/fablab19\/wp-json\/wp\/v2\/types\/post"}],"author":[{"embeddable":true,"href":"https:\/\/asso.unilim.fr\/fablab19\/wp-json\/wp\/v2\/users\/89"}],"replies":[{"embeddable":true,"href":"https:\/\/asso.unilim.fr\/fablab19\/wp-json\/wp\/v2\/comments?post=681"}],"version-history":[{"count":0,"href":"https:\/\/asso.unilim.fr\/fablab19\/wp-json\/wp\/v2\/posts\/681\/revisions"}],"wp:featuredmedia":[{"embeddable":true,"href":"https:\/\/asso.unilim.fr\/fablab19\/wp-json\/wp\/v2\/media\/38"}],"wp:attachment":[{"href":"https:\/\/asso.unilim.fr\/fablab19\/wp-json\/wp\/v2\/media?parent=681"}],"wp:term":[{"taxonomy":"category","embeddable":true,"href":"https:\/\/asso.unilim.fr\/fablab19\/wp-json\/wp\/v2\/categories?post=681"},{"taxonomy":"post_tag","embeddable":true,"href":"https:\/\/asso.unilim.fr\/fablab19\/wp-json\/wp\/v2\/tags?post=681"}],"curies":[{"name":"wp","href":"https:\/\/api.w.org\/{rel}","templated":true}]}}