{"id":651,"date":"2020-09-14T15:26:39","date_gmt":"2020-09-14T13:26:39","guid":{"rendered":"http:\/\/asso.unilim.fr\/fablab19\/?p=651"},"modified":"2020-09-14T16:42:32","modified_gmt":"2020-09-14T14:42:32","slug":"je-suis-a-la-recherche-dune-solution-dimpression-3d","status":"publish","type":"post","link":"https:\/\/asso.unilim.fr\/fablab19\/2020\/09\/14\/je-suis-a-la-recherche-dune-solution-dimpression-3d\/","title":{"rendered":"Je suis \u00e0 la recherche d&rsquo;une solution d&rsquo;impression 3D"},"content":{"rendered":"<h5><strong>Demande :<\/strong> bonjour, je suis \u00e0 la recherche de quelqu\u2019un pouvant me renseigner sur la possibilit\u00e9 de l\u2019impressionm 3D d\u2019une petite pi\u00e8ce (\u00e0 l\u2019origine en Pvc) que je ne parviens pas \u00e0 retrouver. Quelques infos : &#8211; pi\u00e8ce de portillon &#8211; ext\u00e9rieur &#8211; PVC blanc photo et c\u00f4tes par mail possible, j\u2019ai fait tout cela. D\u2019avance merci de votre r\u00e9ponse.<\/h5>\n<p><span style=\"font-family: Verdana, Geneva, sans-serif;font-size: 12px\">Bonjour Monsieur<br \/>\n<\/span><span style=\"font-family: Verdana, Geneva, sans-serif;font-size: 12px\">Notre association peut vous permettre de r\u00e9aliser vos pi\u00e8ces en impression 3D en mettant \u00e0 disposition des machines num\u00e9riques.\u00a0 Vous devez \u00eatre adh\u00e9rent de l\u2019association et \u00eatre form\u00e9 \u00e0 l&rsquo;utilisation des machines.<br \/>\n<\/span><span style=\"font-family: Verdana, Geneva, sans-serif;font-size: 12px\">Si nous aidons nos adh\u00e9rents \u00e0 r\u00e9aliser leurs projets ,\u00a0 en les\u00a0 aidant \u00e0 prendre en main\u00a0 nos machines,\u00a0 nous ne faisons pas de prestation et vous devez vous impliquer dans\u00a0 la r\u00e9alisation de votre projet. <\/span><\/p>\n<p><span style=\"font-family: Verdana, Geneva, sans-serif;font-size: 12px\">Le Jeudi apr\u00e8s midi de 16h\u00a0 et jusqu&rsquo;\u00e0 20 heures vous pouvez rencontrer nos adh\u00e9rents qui assurent une permanence et discuter avec eux de la faisabilit\u00e9 de votre projet.<\/span><\/p>\n<p><span style=\"font-family: Verdana, Geneva, sans-serif;font-size: 12px\">Toutes les informations sur notre site<\/span><\/p>\n<p><span style=\"font-family: Verdana, Geneva, sans-serif;font-size: 12px\"><a href=\"https:\/\/www.unilim.fr\/fablab19\/equipements\/impression-3d\/\">Impression 3D <\/a><\/span><\/p>\n<p><span style=\"font-family: Verdana, Geneva, sans-serif;font-size: 12px\"><a href=\"https:\/\/www.unilim.fr\/fablab19\/association\/\">Adh\u00e9sions<\/a><\/span><\/p>\n<p><span style=\"font-family: Verdana, Geneva, sans-serif;font-size: 12px\">Cordialement<\/span><\/p>\n","protected":false},"excerpt":{"rendered":"<p>Demande : bonjour, je suis \u00e0 la recherche de quelqu\u2019un pouvant me renseigner sur la possibilit\u00e9 de l\u2019impressionm 3D d\u2019une petite pi\u00e8ce (\u00e0 l\u2019origine en Pvc) que je ne parviens pas \u00e0 retrouver. Quelques infos : &#8211; pi\u00e8ce de portillon &#8211; ext\u00e9rieur &#8211; PVC blanc photo et c\u00f4tes par mail possible, j\u2019ai fait tout cela. [&hellip;]<\/p>\n","protected":false},"author":89,"featured_media":610,"comment_status":"open","ping_status":"open","sticky":false,"template":"","format":"standard","meta":{"footnotes":""},"categories":[26],"tags":[],"class_list":["post-651","post","type-post","status-publish","format-standard","has-post-thumbnail","hentry","category-faqs"],"yoast_head":"<!-- This site is optimized with the Yoast SEO plugin v26.3 - https:\/\/yoast.com\/wordpress\/plugins\/seo\/ -->\n<title>Je suis \u00e0 la recherche d&#039;une solution d&#039;impression 3D - FABLAB19<\/title>\n<meta name=\"robots\" content=\"index, follow, max-snippet:-1, max-image-preview:large, max-video-preview:-1\" \/>\n<link rel=\"canonical\" href=\"https:\/\/asso.unilim.fr\/fablab19\/2020\/09\/14\/je-suis-a-la-recherche-dune-solution-dimpression-3d\/\" \/>\n<meta property=\"og:locale\" content=\"fr_FR\" \/>\n<meta property=\"og:type\" content=\"article\" \/>\n<meta property=\"og:title\" content=\"Je suis \u00e0 la recherche d&#039;une solution d&#039;impression 3D - FABLAB19\" \/>\n<meta property=\"og:description\" content=\"Demande : bonjour, je suis \u00e0 la recherche de quelqu\u2019un pouvant me renseigner sur la possibilit\u00e9 de l\u2019impressionm 3D d\u2019une petite pi\u00e8ce (\u00e0 l\u2019origine en Pvc) que je ne parviens pas \u00e0 retrouver. Quelques infos : &#8211; pi\u00e8ce de portillon &#8211; ext\u00e9rieur &#8211; PVC blanc photo et c\u00f4tes par mail possible, j\u2019ai fait tout cela. [&hellip;]\" \/>\n<meta property=\"og:url\" content=\"https:\/\/asso.unilim.fr\/fablab19\/2020\/09\/14\/je-suis-a-la-recherche-dune-solution-dimpression-3d\/\" \/>\n<meta property=\"og:site_name\" content=\"FABLAB19\" \/>\n<meta property=\"article:published_time\" content=\"2020-09-14T13:26:39+00:00\" \/>\n<meta property=\"article:modified_time\" content=\"2020-09-14T14:42:32+00:00\" \/>\n<meta property=\"og:image\" content=\"https:\/\/www.unilim.fr\/fablab19\/wp-content\/uploads\/sites\/8\/2020\/05\/train_atterrissage-2.png\" \/>\n\t<meta property=\"og:image:width\" content=\"673\" \/>\n\t<meta property=\"og:image:height\" content=\"598\" \/>\n\t<meta property=\"og:image:type\" content=\"image\/png\" \/>\n<meta name=\"author\" content=\"valenp01\" \/>\n<meta name=\"twitter:card\" content=\"summary_large_image\" \/>\n<meta name=\"twitter:label1\" content=\"\u00c9crit par\" \/>\n\t<meta name=\"twitter:data1\" content=\"valenp01\" \/>\n\t<meta name=\"twitter:label2\" content=\"Dur\u00e9e de lecture estim\u00e9e\" \/>\n\t<meta name=\"twitter:data2\" content=\"1 minute\" \/>\n<script type=\"application\/ld+json\" class=\"yoast-schema-graph\">{\"@context\":\"https:\/\/schema.org\",\"@graph\":[{\"@type\":\"WebPage\",\"@id\":\"https:\/\/asso.unilim.fr\/fablab19\/2020\/09\/14\/je-suis-a-la-recherche-dune-solution-dimpression-3d\/\",\"url\":\"https:\/\/asso.unilim.fr\/fablab19\/2020\/09\/14\/je-suis-a-la-recherche-dune-solution-dimpression-3d\/\",\"name\":\"Je suis \u00e0 la recherche d'une solution d'impression 3D - FABLAB19\",\"isPartOf\":{\"@id\":\"https:\/\/asso.unilim.fr\/fablab19\/#website\"},\"primaryImageOfPage\":{\"@id\":\"https:\/\/asso.unilim.fr\/fablab19\/2020\/09\/14\/je-suis-a-la-recherche-dune-solution-dimpression-3d\/#primaryimage\"},\"image\":{\"@id\":\"https:\/\/asso.unilim.fr\/fablab19\/2020\/09\/14\/je-suis-a-la-recherche-dune-solution-dimpression-3d\/#primaryimage\"},\"thumbnailUrl\":\"https:\/\/www.unilim.fr\/fablab19\/wp-content\/uploads\/sites\/8\/2020\/05\/train_atterrissage-2.png\",\"datePublished\":\"2020-09-14T13:26:39+00:00\",\"dateModified\":\"2020-09-14T14:42:32+00:00\",\"author\":{\"@id\":\"https:\/\/asso.unilim.fr\/fablab19\/#\/schema\/person\/285b5dc8147af72e68f54013e21ddbc6\"},\"breadcrumb\":{\"@id\":\"https:\/\/asso.unilim.fr\/fablab19\/2020\/09\/14\/je-suis-a-la-recherche-dune-solution-dimpression-3d\/#breadcrumb\"},\"inLanguage\":\"fr-FR\",\"potentialAction\":[{\"@type\":\"ReadAction\",\"target\":[\"https:\/\/asso.unilim.fr\/fablab19\/2020\/09\/14\/je-suis-a-la-recherche-dune-solution-dimpression-3d\/\"]}]},{\"@type\":\"ImageObject\",\"inLanguage\":\"fr-FR\",\"@id\":\"https:\/\/asso.unilim.fr\/fablab19\/2020\/09\/14\/je-suis-a-la-recherche-dune-solution-dimpression-3d\/#primaryimage\",\"url\":\"https:\/\/www.unilim.fr\/fablab19\/wp-content\/uploads\/sites\/8\/2020\/05\/train_atterrissage-2.png\",\"contentUrl\":\"https:\/\/www.unilim.fr\/fablab19\/wp-content\/uploads\/sites\/8\/2020\/05\/train_atterrissage-2.png\",\"width\":673,\"height\":598},{\"@type\":\"BreadcrumbList\",\"@id\":\"https:\/\/asso.unilim.fr\/fablab19\/2020\/09\/14\/je-suis-a-la-recherche-dune-solution-dimpression-3d\/#breadcrumb\",\"itemListElement\":[{\"@type\":\"ListItem\",\"position\":1,\"name\":\"Accueil\",\"item\":\"https:\/\/asso.unilim.fr\/fablab19\/\"},{\"@type\":\"ListItem\",\"position\":2,\"name\":\"Je suis \u00e0 la recherche d&rsquo;une solution d&rsquo;impression 3D\"}]},{\"@type\":\"WebSite\",\"@id\":\"https:\/\/asso.unilim.fr\/fablab19\/#website\",\"url\":\"https:\/\/asso.unilim.fr\/fablab19\/\",\"name\":\"FABLAB19\",\"description\":\"Fablab19 source de r\u00e9ussites\",\"potentialAction\":[{\"@type\":\"SearchAction\",\"target\":{\"@type\":\"EntryPoint\",\"urlTemplate\":\"https:\/\/asso.unilim.fr\/fablab19\/?s={search_term_string}\"},\"query-input\":{\"@type\":\"PropertyValueSpecification\",\"valueRequired\":true,\"valueName\":\"search_term_string\"}}],\"inLanguage\":\"fr-FR\"},{\"@type\":\"Person\",\"@id\":\"https:\/\/asso.unilim.fr\/fablab19\/#\/schema\/person\/285b5dc8147af72e68f54013e21ddbc6\",\"name\":\"valenp01\",\"image\":{\"@type\":\"ImageObject\",\"inLanguage\":\"fr-FR\",\"@id\":\"https:\/\/asso.unilim.fr\/fablab19\/#\/schema\/person\/image\/\",\"url\":\"https:\/\/secure.gravatar.com\/avatar\/9e7182d28f47357b8913fffd8e16aae15eb5bf8338b259e4bb57baa39d563766?s=96&d=mm&r=g\",\"contentUrl\":\"https:\/\/secure.gravatar.com\/avatar\/9e7182d28f47357b8913fffd8e16aae15eb5bf8338b259e4bb57baa39d563766?s=96&d=mm&r=g\",\"caption\":\"valenp01\"},\"url\":\"https:\/\/asso.unilim.fr\/fablab19\/author\/valenp01\/\"}]}<\/script>\n<!-- \/ Yoast SEO plugin. -->","yoast_head_json":{"title":"Je suis \u00e0 la recherche d'une solution d'impression 3D - FABLAB19","robots":{"index":"index","follow":"follow","max-snippet":"max-snippet:-1","max-image-preview":"max-image-preview:large","max-video-preview":"max-video-preview:-1"},"canonical":"https:\/\/asso.unilim.fr\/fablab19\/2020\/09\/14\/je-suis-a-la-recherche-dune-solution-dimpression-3d\/","og_locale":"fr_FR","og_type":"article","og_title":"Je suis \u00e0 la recherche d'une solution d'impression 3D - FABLAB19","og_description":"Demande : bonjour, je suis \u00e0 la recherche de quelqu\u2019un pouvant me renseigner sur la possibilit\u00e9 de l\u2019impressionm 3D d\u2019une petite pi\u00e8ce (\u00e0 l\u2019origine en Pvc) que je ne parviens pas \u00e0 retrouver. Quelques infos : &#8211; pi\u00e8ce de portillon &#8211; ext\u00e9rieur &#8211; PVC blanc photo et c\u00f4tes par mail possible, j\u2019ai fait tout cela. [&hellip;]","og_url":"https:\/\/asso.unilim.fr\/fablab19\/2020\/09\/14\/je-suis-a-la-recherche-dune-solution-dimpression-3d\/","og_site_name":"FABLAB19","article_published_time":"2020-09-14T13:26:39+00:00","article_modified_time":"2020-09-14T14:42:32+00:00","og_image":[{"width":673,"height":598,"url":"https:\/\/www.unilim.fr\/fablab19\/wp-content\/uploads\/sites\/8\/2020\/05\/train_atterrissage-2.png","type":"image\/png"}],"author":"valenp01","twitter_card":"summary_large_image","twitter_misc":{"\u00c9crit par":"valenp01","Dur\u00e9e de lecture estim\u00e9e":"1 minute"},"schema":{"@context":"https:\/\/schema.org","@graph":[{"@type":"WebPage","@id":"https:\/\/asso.unilim.fr\/fablab19\/2020\/09\/14\/je-suis-a-la-recherche-dune-solution-dimpression-3d\/","url":"https:\/\/asso.unilim.fr\/fablab19\/2020\/09\/14\/je-suis-a-la-recherche-dune-solution-dimpression-3d\/","name":"Je suis \u00e0 la recherche d'une solution d'impression 3D - FABLAB19","isPartOf":{"@id":"https:\/\/asso.unilim.fr\/fablab19\/#website"},"primaryImageOfPage":{"@id":"https:\/\/asso.unilim.fr\/fablab19\/2020\/09\/14\/je-suis-a-la-recherche-dune-solution-dimpression-3d\/#primaryimage"},"image":{"@id":"https:\/\/asso.unilim.fr\/fablab19\/2020\/09\/14\/je-suis-a-la-recherche-dune-solution-dimpression-3d\/#primaryimage"},"thumbnailUrl":"https:\/\/www.unilim.fr\/fablab19\/wp-content\/uploads\/sites\/8\/2020\/05\/train_atterrissage-2.png","datePublished":"2020-09-14T13:26:39+00:00","dateModified":"2020-09-14T14:42:32+00:00","author":{"@id":"https:\/\/asso.unilim.fr\/fablab19\/#\/schema\/person\/285b5dc8147af72e68f54013e21ddbc6"},"breadcrumb":{"@id":"https:\/\/asso.unilim.fr\/fablab19\/2020\/09\/14\/je-suis-a-la-recherche-dune-solution-dimpression-3d\/#breadcrumb"},"inLanguage":"fr-FR","potentialAction":[{"@type":"ReadAction","target":["https:\/\/asso.unilim.fr\/fablab19\/2020\/09\/14\/je-suis-a-la-recherche-dune-solution-dimpression-3d\/"]}]},{"@type":"ImageObject","inLanguage":"fr-FR","@id":"https:\/\/asso.unilim.fr\/fablab19\/2020\/09\/14\/je-suis-a-la-recherche-dune-solution-dimpression-3d\/#primaryimage","url":"https:\/\/www.unilim.fr\/fablab19\/wp-content\/uploads\/sites\/8\/2020\/05\/train_atterrissage-2.png","contentUrl":"https:\/\/www.unilim.fr\/fablab19\/wp-content\/uploads\/sites\/8\/2020\/05\/train_atterrissage-2.png","width":673,"height":598},{"@type":"BreadcrumbList","@id":"https:\/\/asso.unilim.fr\/fablab19\/2020\/09\/14\/je-suis-a-la-recherche-dune-solution-dimpression-3d\/#breadcrumb","itemListElement":[{"@type":"ListItem","position":1,"name":"Accueil","item":"https:\/\/asso.unilim.fr\/fablab19\/"},{"@type":"ListItem","position":2,"name":"Je suis \u00e0 la recherche d&rsquo;une solution d&rsquo;impression 3D"}]},{"@type":"WebSite","@id":"https:\/\/asso.unilim.fr\/fablab19\/#website","url":"https:\/\/asso.unilim.fr\/fablab19\/","name":"FABLAB19","description":"Fablab19 source de r\u00e9ussites","potentialAction":[{"@type":"SearchAction","target":{"@type":"EntryPoint","urlTemplate":"https:\/\/asso.unilim.fr\/fablab19\/?s={search_term_string}"},"query-input":{"@type":"PropertyValueSpecification","valueRequired":true,"valueName":"search_term_string"}}],"inLanguage":"fr-FR"},{"@type":"Person","@id":"https:\/\/asso.unilim.fr\/fablab19\/#\/schema\/person\/285b5dc8147af72e68f54013e21ddbc6","name":"valenp01","image":{"@type":"ImageObject","inLanguage":"fr-FR","@id":"https:\/\/asso.unilim.fr\/fablab19\/#\/schema\/person\/image\/","url":"https:\/\/secure.gravatar.com\/avatar\/9e7182d28f47357b8913fffd8e16aae15eb5bf8338b259e4bb57baa39d563766?s=96&d=mm&r=g","contentUrl":"https:\/\/secure.gravatar.com\/avatar\/9e7182d28f47357b8913fffd8e16aae15eb5bf8338b259e4bb57baa39d563766?s=96&d=mm&r=g","caption":"valenp01"},"url":"https:\/\/asso.unilim.fr\/fablab19\/author\/valenp01\/"}]}},"_links":{"self":[{"href":"https:\/\/asso.unilim.fr\/fablab19\/wp-json\/wp\/v2\/posts\/651","targetHints":{"allow":["GET"]}}],"collection":[{"href":"https:\/\/asso.unilim.fr\/fablab19\/wp-json\/wp\/v2\/posts"}],"about":[{"href":"https:\/\/asso.unilim.fr\/fablab19\/wp-json\/wp\/v2\/types\/post"}],"author":[{"embeddable":true,"href":"https:\/\/asso.unilim.fr\/fablab19\/wp-json\/wp\/v2\/users\/89"}],"replies":[{"embeddable":true,"href":"https:\/\/asso.unilim.fr\/fablab19\/wp-json\/wp\/v2\/comments?post=651"}],"version-history":[{"count":0,"href":"https:\/\/asso.unilim.fr\/fablab19\/wp-json\/wp\/v2\/posts\/651\/revisions"}],"wp:featuredmedia":[{"embeddable":true,"href":"https:\/\/asso.unilim.fr\/fablab19\/wp-json\/wp\/v2\/media\/610"}],"wp:attachment":[{"href":"https:\/\/asso.unilim.fr\/fablab19\/wp-json\/wp\/v2\/media?parent=651"}],"wp:term":[{"taxonomy":"category","embeddable":true,"href":"https:\/\/asso.unilim.fr\/fablab19\/wp-json\/wp\/v2\/categories?post=651"},{"taxonomy":"post_tag","embeddable":true,"href":"https:\/\/asso.unilim.fr\/fablab19\/wp-json\/wp\/v2\/tags?post=651"}],"curies":[{"name":"wp","href":"https:\/\/api.w.org\/{rel}","templated":true}]}}