{"id":602,"date":"2020-05-30T16:57:25","date_gmt":"2020-05-30T14:57:25","guid":{"rendered":"http:\/\/asso.unilim.fr\/fablab19\/?p=602"},"modified":"2022-02-17T11:53:35","modified_gmt":"2022-02-17T10:53:35","slug":"fuselage-dun-planeur-ash-26e","status":"publish","type":"post","link":"https:\/\/asso.unilim.fr\/fablab19\/2020\/05\/30\/fuselage-dun-planeur-ash-26e\/","title":{"rendered":"FUSELAGE d\u2019un planeur ASH 26E"},"content":{"rendered":"<p><img loading=\"lazy\" decoding=\"async\" class=\"wp-image-603 alignleft\" src=\"https:\/\/www.unilim.fr\/fablab19\/wp-content\/uploads\/sites\/8\/2020\/05\/fuselage052020-1.png\" alt=\"\" width=\"382\" height=\"237\" srcset=\"https:\/\/www.unilim.fr\/fablab19\/wp-content\/uploads\/sites\/8\/2020\/05\/fuselage052020-1.png 766w, https:\/\/www.unilim.fr\/fablab19\/wp-content\/uploads\/sites\/8\/2020\/05\/fuselage052020-1-300x186.png 300w\" sizes=\"auto, (max-width: 382px) 100vw, 382px\" \/>Mod\u00e9lisation du fuselage et int\u00e9gration des \u00e9l\u00e9ments du FUSELAGE d\u2019un planeur ASH 26E de 6m d\u2019envergure, poids 15kg.<\/p>\n<p><a href=\"https:\/\/www.unilim.fr\/fablab19\/wp-content\/uploads\/sites\/8\/2020\/05\/FUSELAGE_ASH26.pdf\">FUSELAGE_ASH26.PDF <\/a><\/p>\n<h4>But de l\u2019int\u00e9gration :<\/h4>\n<p>A partir de la num\u00e9risation Freecad du fuselage du planeur, j\u2019ai pu concevoir, dimensionner ou positionner<br \/>\nles diff\u00e9rents \u00e9l\u00e9ments du fuselage, \u00e0 savoir :<br \/>\n&#8211; Train rentrant : v\u00e9rifier son int\u00e9gration et r\u00e9aliser la num\u00e9risation des couples supports ( fonction<br \/>\n\u00ab coupes du module part \u00bb ), puis all\u00e8gements et fixation train.<br \/>\n&#8211; Verri\u00e8re : la verri\u00e8re de ce planeur est articul\u00e9e par l\u2019avant et maintenue en position par un v\u00e9rin \u00e0<br \/>\ngaz de 5kg : j\u2019ai dessin\u00e9 les 3 pi\u00e8ces la composant : chape fixe, chape d\u2019articulation et fixation<br \/>\nverri\u00e8re<br \/>\n&#8211; Turbine r\u00e9tractable : la num\u00e9risation Freecad m\u2019a permis de dimensionner le m\u00e9canisme ( taille et<br \/>\ninclinaison), d\u2019en voir la faisabilit\u00e9 &#8230;<br \/>\n&#8211; Crochet de remorquage : en plus de la turbine qui doit permettre un envol autonome, un crochet<br \/>\nde remorquage permet un envol \u00e0 partir d\u2019un avion remorqueur : la num\u00e9risation du syst\u00e8me de<br \/>\ncrochet est en cours&#8230;<\/p>\n<h4>R\u00e9alisation :<\/h4>\n<p>2 Couples support de train en 3 \u00e9paisseur de ctp 3mm. D\u00e9coupe laser ou CNC..<br \/>\n3 pi\u00e8ces articulation de verri\u00e8re en impression 3D.<br \/>\nSyst\u00e8me crochet de remorquage : 1 pi\u00e8ce en impression 3D \u00e0 venir.<\/p>\n<p>G\u00e9rard Muzergues, membre du Fablab et Pr\u00e9sident Comit\u00e9 D\u00e9partemental A\u00e9romod\u00e9lisme&#8230;<\/p>\n","protected":false},"excerpt":{"rendered":"<p>Mod\u00e9lisation du fuselage et int\u00e9gration des \u00e9l\u00e9ments du FUSELAGE d\u2019un planeur ASH 26E de 6m d\u2019envergure, poids 15kg. FUSELAGE_ASH26.PDF But de l\u2019int\u00e9gration : A partir de la num\u00e9risation Freecad du fuselage du planeur, j\u2019ai pu concevoir, dimensionner ou positionner les diff\u00e9rents \u00e9l\u00e9ments du fuselage, \u00e0 savoir : &#8211; Train rentrant : v\u00e9rifier son int\u00e9gration et [&hellip;]<\/p>\n","protected":false},"author":89,"featured_media":604,"comment_status":"open","ping_status":"open","sticky":false,"template":"","format":"standard","meta":{"footnotes":""},"categories":[1,16],"tags":[],"class_list":["post-602","post","type-post","status-publish","format-standard","has-post-thumbnail","hentry","category-actualite","category-realisations"],"yoast_head":"<!-- This site is optimized with the Yoast SEO plugin v26.3 - https:\/\/yoast.com\/wordpress\/plugins\/seo\/ -->\n<title>FUSELAGE d\u2019un planeur ASH 26E - FABLAB19<\/title>\n<meta name=\"robots\" content=\"index, follow, max-snippet:-1, max-image-preview:large, max-video-preview:-1\" \/>\n<link rel=\"canonical\" href=\"https:\/\/asso.unilim.fr\/fablab19\/2020\/05\/30\/fuselage-dun-planeur-ash-26e\/\" \/>\n<meta property=\"og:locale\" content=\"fr_FR\" \/>\n<meta property=\"og:type\" content=\"article\" \/>\n<meta property=\"og:title\" content=\"FUSELAGE d\u2019un planeur ASH 26E - FABLAB19\" \/>\n<meta property=\"og:description\" content=\"Mod\u00e9lisation du fuselage et int\u00e9gration des \u00e9l\u00e9ments du FUSELAGE d\u2019un planeur ASH 26E de 6m d\u2019envergure, poids 15kg. FUSELAGE_ASH26.PDF But de l\u2019int\u00e9gration : A partir de la num\u00e9risation Freecad du fuselage du planeur, j\u2019ai pu concevoir, dimensionner ou positionner les diff\u00e9rents \u00e9l\u00e9ments du fuselage, \u00e0 savoir : &#8211; Train rentrant : v\u00e9rifier son int\u00e9gration et [&hellip;]\" \/>\n<meta property=\"og:url\" content=\"https:\/\/asso.unilim.fr\/fablab19\/2020\/05\/30\/fuselage-dun-planeur-ash-26e\/\" \/>\n<meta property=\"og:site_name\" content=\"FABLAB19\" \/>\n<meta property=\"article:published_time\" content=\"2020-05-30T14:57:25+00:00\" \/>\n<meta property=\"article:modified_time\" content=\"2022-02-17T10:53:35+00:00\" \/>\n<meta property=\"og:image\" content=\"https:\/\/www.unilim.fr\/fablab19\/wp-content\/uploads\/sites\/8\/2020\/05\/Fuselage202005-2.png\" \/>\n\t<meta property=\"og:image:width\" content=\"769\" \/>\n\t<meta property=\"og:image:height\" content=\"547\" \/>\n\t<meta property=\"og:image:type\" content=\"image\/png\" \/>\n<meta name=\"author\" content=\"valenp01\" \/>\n<meta name=\"twitter:card\" content=\"summary_large_image\" \/>\n<meta name=\"twitter:label1\" content=\"\u00c9crit par\" \/>\n\t<meta name=\"twitter:data1\" content=\"valenp01\" \/>\n\t<meta name=\"twitter:label2\" content=\"Dur\u00e9e de lecture estim\u00e9e\" \/>\n\t<meta name=\"twitter:data2\" content=\"1 minute\" \/>\n<script type=\"application\/ld+json\" class=\"yoast-schema-graph\">{\"@context\":\"https:\/\/schema.org\",\"@graph\":[{\"@type\":\"WebPage\",\"@id\":\"https:\/\/asso.unilim.fr\/fablab19\/2020\/05\/30\/fuselage-dun-planeur-ash-26e\/\",\"url\":\"https:\/\/asso.unilim.fr\/fablab19\/2020\/05\/30\/fuselage-dun-planeur-ash-26e\/\",\"name\":\"FUSELAGE d\u2019un planeur ASH 26E - FABLAB19\",\"isPartOf\":{\"@id\":\"https:\/\/asso.unilim.fr\/fablab19\/#website\"},\"primaryImageOfPage\":{\"@id\":\"https:\/\/asso.unilim.fr\/fablab19\/2020\/05\/30\/fuselage-dun-planeur-ash-26e\/#primaryimage\"},\"image\":{\"@id\":\"https:\/\/asso.unilim.fr\/fablab19\/2020\/05\/30\/fuselage-dun-planeur-ash-26e\/#primaryimage\"},\"thumbnailUrl\":\"https:\/\/www.unilim.fr\/fablab19\/wp-content\/uploads\/sites\/8\/2020\/05\/Fuselage202005-2.png\",\"datePublished\":\"2020-05-30T14:57:25+00:00\",\"dateModified\":\"2022-02-17T10:53:35+00:00\",\"author\":{\"@id\":\"https:\/\/asso.unilim.fr\/fablab19\/#\/schema\/person\/285b5dc8147af72e68f54013e21ddbc6\"},\"breadcrumb\":{\"@id\":\"https:\/\/asso.unilim.fr\/fablab19\/2020\/05\/30\/fuselage-dun-planeur-ash-26e\/#breadcrumb\"},\"inLanguage\":\"fr-FR\",\"potentialAction\":[{\"@type\":\"ReadAction\",\"target\":[\"https:\/\/asso.unilim.fr\/fablab19\/2020\/05\/30\/fuselage-dun-planeur-ash-26e\/\"]}]},{\"@type\":\"ImageObject\",\"inLanguage\":\"fr-FR\",\"@id\":\"https:\/\/asso.unilim.fr\/fablab19\/2020\/05\/30\/fuselage-dun-planeur-ash-26e\/#primaryimage\",\"url\":\"https:\/\/www.unilim.fr\/fablab19\/wp-content\/uploads\/sites\/8\/2020\/05\/Fuselage202005-2.png\",\"contentUrl\":\"https:\/\/www.unilim.fr\/fablab19\/wp-content\/uploads\/sites\/8\/2020\/05\/Fuselage202005-2.png\",\"width\":769,\"height\":547},{\"@type\":\"BreadcrumbList\",\"@id\":\"https:\/\/asso.unilim.fr\/fablab19\/2020\/05\/30\/fuselage-dun-planeur-ash-26e\/#breadcrumb\",\"itemListElement\":[{\"@type\":\"ListItem\",\"position\":1,\"name\":\"Accueil\",\"item\":\"https:\/\/asso.unilim.fr\/fablab19\/\"},{\"@type\":\"ListItem\",\"position\":2,\"name\":\"FUSELAGE d\u2019un planeur ASH 26E\"}]},{\"@type\":\"WebSite\",\"@id\":\"https:\/\/asso.unilim.fr\/fablab19\/#website\",\"url\":\"https:\/\/asso.unilim.fr\/fablab19\/\",\"name\":\"FABLAB19\",\"description\":\"Fablab19 source de r\u00e9ussites\",\"potentialAction\":[{\"@type\":\"SearchAction\",\"target\":{\"@type\":\"EntryPoint\",\"urlTemplate\":\"https:\/\/asso.unilim.fr\/fablab19\/?s={search_term_string}\"},\"query-input\":{\"@type\":\"PropertyValueSpecification\",\"valueRequired\":true,\"valueName\":\"search_term_string\"}}],\"inLanguage\":\"fr-FR\"},{\"@type\":\"Person\",\"@id\":\"https:\/\/asso.unilim.fr\/fablab19\/#\/schema\/person\/285b5dc8147af72e68f54013e21ddbc6\",\"name\":\"valenp01\",\"image\":{\"@type\":\"ImageObject\",\"inLanguage\":\"fr-FR\",\"@id\":\"https:\/\/asso.unilim.fr\/fablab19\/#\/schema\/person\/image\/\",\"url\":\"https:\/\/secure.gravatar.com\/avatar\/9e7182d28f47357b8913fffd8e16aae15eb5bf8338b259e4bb57baa39d563766?s=96&d=mm&r=g\",\"contentUrl\":\"https:\/\/secure.gravatar.com\/avatar\/9e7182d28f47357b8913fffd8e16aae15eb5bf8338b259e4bb57baa39d563766?s=96&d=mm&r=g\",\"caption\":\"valenp01\"},\"url\":\"https:\/\/asso.unilim.fr\/fablab19\/author\/valenp01\/\"}]}<\/script>\n<!-- \/ Yoast SEO plugin. -->","yoast_head_json":{"title":"FUSELAGE d\u2019un planeur ASH 26E - FABLAB19","robots":{"index":"index","follow":"follow","max-snippet":"max-snippet:-1","max-image-preview":"max-image-preview:large","max-video-preview":"max-video-preview:-1"},"canonical":"https:\/\/asso.unilim.fr\/fablab19\/2020\/05\/30\/fuselage-dun-planeur-ash-26e\/","og_locale":"fr_FR","og_type":"article","og_title":"FUSELAGE d\u2019un planeur ASH 26E - FABLAB19","og_description":"Mod\u00e9lisation du fuselage et int\u00e9gration des \u00e9l\u00e9ments du FUSELAGE d\u2019un planeur ASH 26E de 6m d\u2019envergure, poids 15kg. FUSELAGE_ASH26.PDF But de l\u2019int\u00e9gration : A partir de la num\u00e9risation Freecad du fuselage du planeur, j\u2019ai pu concevoir, dimensionner ou positionner les diff\u00e9rents \u00e9l\u00e9ments du fuselage, \u00e0 savoir : &#8211; Train rentrant : v\u00e9rifier son int\u00e9gration et [&hellip;]","og_url":"https:\/\/asso.unilim.fr\/fablab19\/2020\/05\/30\/fuselage-dun-planeur-ash-26e\/","og_site_name":"FABLAB19","article_published_time":"2020-05-30T14:57:25+00:00","article_modified_time":"2022-02-17T10:53:35+00:00","og_image":[{"width":769,"height":547,"url":"https:\/\/www.unilim.fr\/fablab19\/wp-content\/uploads\/sites\/8\/2020\/05\/Fuselage202005-2.png","type":"image\/png"}],"author":"valenp01","twitter_card":"summary_large_image","twitter_misc":{"\u00c9crit par":"valenp01","Dur\u00e9e de lecture estim\u00e9e":"1 minute"},"schema":{"@context":"https:\/\/schema.org","@graph":[{"@type":"WebPage","@id":"https:\/\/asso.unilim.fr\/fablab19\/2020\/05\/30\/fuselage-dun-planeur-ash-26e\/","url":"https:\/\/asso.unilim.fr\/fablab19\/2020\/05\/30\/fuselage-dun-planeur-ash-26e\/","name":"FUSELAGE d\u2019un planeur ASH 26E - FABLAB19","isPartOf":{"@id":"https:\/\/asso.unilim.fr\/fablab19\/#website"},"primaryImageOfPage":{"@id":"https:\/\/asso.unilim.fr\/fablab19\/2020\/05\/30\/fuselage-dun-planeur-ash-26e\/#primaryimage"},"image":{"@id":"https:\/\/asso.unilim.fr\/fablab19\/2020\/05\/30\/fuselage-dun-planeur-ash-26e\/#primaryimage"},"thumbnailUrl":"https:\/\/www.unilim.fr\/fablab19\/wp-content\/uploads\/sites\/8\/2020\/05\/Fuselage202005-2.png","datePublished":"2020-05-30T14:57:25+00:00","dateModified":"2022-02-17T10:53:35+00:00","author":{"@id":"https:\/\/asso.unilim.fr\/fablab19\/#\/schema\/person\/285b5dc8147af72e68f54013e21ddbc6"},"breadcrumb":{"@id":"https:\/\/asso.unilim.fr\/fablab19\/2020\/05\/30\/fuselage-dun-planeur-ash-26e\/#breadcrumb"},"inLanguage":"fr-FR","potentialAction":[{"@type":"ReadAction","target":["https:\/\/asso.unilim.fr\/fablab19\/2020\/05\/30\/fuselage-dun-planeur-ash-26e\/"]}]},{"@type":"ImageObject","inLanguage":"fr-FR","@id":"https:\/\/asso.unilim.fr\/fablab19\/2020\/05\/30\/fuselage-dun-planeur-ash-26e\/#primaryimage","url":"https:\/\/www.unilim.fr\/fablab19\/wp-content\/uploads\/sites\/8\/2020\/05\/Fuselage202005-2.png","contentUrl":"https:\/\/www.unilim.fr\/fablab19\/wp-content\/uploads\/sites\/8\/2020\/05\/Fuselage202005-2.png","width":769,"height":547},{"@type":"BreadcrumbList","@id":"https:\/\/asso.unilim.fr\/fablab19\/2020\/05\/30\/fuselage-dun-planeur-ash-26e\/#breadcrumb","itemListElement":[{"@type":"ListItem","position":1,"name":"Accueil","item":"https:\/\/asso.unilim.fr\/fablab19\/"},{"@type":"ListItem","position":2,"name":"FUSELAGE d\u2019un planeur ASH 26E"}]},{"@type":"WebSite","@id":"https:\/\/asso.unilim.fr\/fablab19\/#website","url":"https:\/\/asso.unilim.fr\/fablab19\/","name":"FABLAB19","description":"Fablab19 source de r\u00e9ussites","potentialAction":[{"@type":"SearchAction","target":{"@type":"EntryPoint","urlTemplate":"https:\/\/asso.unilim.fr\/fablab19\/?s={search_term_string}"},"query-input":{"@type":"PropertyValueSpecification","valueRequired":true,"valueName":"search_term_string"}}],"inLanguage":"fr-FR"},{"@type":"Person","@id":"https:\/\/asso.unilim.fr\/fablab19\/#\/schema\/person\/285b5dc8147af72e68f54013e21ddbc6","name":"valenp01","image":{"@type":"ImageObject","inLanguage":"fr-FR","@id":"https:\/\/asso.unilim.fr\/fablab19\/#\/schema\/person\/image\/","url":"https:\/\/secure.gravatar.com\/avatar\/9e7182d28f47357b8913fffd8e16aae15eb5bf8338b259e4bb57baa39d563766?s=96&d=mm&r=g","contentUrl":"https:\/\/secure.gravatar.com\/avatar\/9e7182d28f47357b8913fffd8e16aae15eb5bf8338b259e4bb57baa39d563766?s=96&d=mm&r=g","caption":"valenp01"},"url":"https:\/\/asso.unilim.fr\/fablab19\/author\/valenp01\/"}]}},"_links":{"self":[{"href":"https:\/\/asso.unilim.fr\/fablab19\/wp-json\/wp\/v2\/posts\/602","targetHints":{"allow":["GET"]}}],"collection":[{"href":"https:\/\/asso.unilim.fr\/fablab19\/wp-json\/wp\/v2\/posts"}],"about":[{"href":"https:\/\/asso.unilim.fr\/fablab19\/wp-json\/wp\/v2\/types\/post"}],"author":[{"embeddable":true,"href":"https:\/\/asso.unilim.fr\/fablab19\/wp-json\/wp\/v2\/users\/89"}],"replies":[{"embeddable":true,"href":"https:\/\/asso.unilim.fr\/fablab19\/wp-json\/wp\/v2\/comments?post=602"}],"version-history":[{"count":0,"href":"https:\/\/asso.unilim.fr\/fablab19\/wp-json\/wp\/v2\/posts\/602\/revisions"}],"wp:featuredmedia":[{"embeddable":true,"href":"https:\/\/asso.unilim.fr\/fablab19\/wp-json\/wp\/v2\/media\/604"}],"wp:attachment":[{"href":"https:\/\/asso.unilim.fr\/fablab19\/wp-json\/wp\/v2\/media?parent=602"}],"wp:term":[{"taxonomy":"category","embeddable":true,"href":"https:\/\/asso.unilim.fr\/fablab19\/wp-json\/wp\/v2\/categories?post=602"},{"taxonomy":"post_tag","embeddable":true,"href":"https:\/\/asso.unilim.fr\/fablab19\/wp-json\/wp\/v2\/tags?post=602"}],"curies":[{"name":"wp","href":"https:\/\/api.w.org\/{rel}","templated":true}]}}