{"id":584,"date":"2020-05-25T14:45:21","date_gmt":"2020-05-25T12:45:21","guid":{"rendered":"http:\/\/asso.unilim.fr\/fablab19\/?p=584"},"modified":"2020-05-25T14:54:13","modified_gmt":"2020-05-25T12:54:13","slug":"fourniture-de-visieres-de-protection-au-personnel-educatif","status":"publish","type":"post","link":"https:\/\/asso.unilim.fr\/fablab19\/2020\/05\/25\/fourniture-de-visieres-de-protection-au-personnel-educatif\/","title":{"rendered":"Fourniture de visi\u00e8res de protection au personnel \u00e9ducatif"},"content":{"rendered":"<p><img loading=\"lazy\" decoding=\"async\" class=\"wp-image-586 alignleft\" src=\"https:\/\/www.unilim.fr\/fablab19\/wp-content\/uploads\/sites\/8\/2020\/05\/J-Valles2020-05-25.png\" alt=\"\" width=\"238\" height=\"314\" srcset=\"https:\/\/www.unilim.fr\/fablab19\/wp-content\/uploads\/sites\/8\/2020\/05\/J-Valles2020-05-25.png 516w, https:\/\/www.unilim.fr\/fablab19\/wp-content\/uploads\/sites\/8\/2020\/05\/J-Valles2020-05-25-228x300.png 228w\" sizes=\"auto, (max-width: 238px) 100vw, 238px\" \/>Le FABAL19 poursuit sa fabrication et distribution gratuite des visi\u00e8res.<\/p>\n<p>Nous en avons fabriqu\u00e9 et distribu\u00e9 aujourd\u2019hui presque 700 dont 110 au centre hospitalier de Brive, aux EPHAD d&rsquo;Allassac, de Meyssac, de St Germain les Belles, de Isle, de Pierre-Buffi\u00e8re, au centre hospitalier de Cornil, &#8230;<\/p>\n<p>Au d\u00e9but du confinement, la demande des soignants \u00e9tait tr\u00e8s importante,\u00a0 et nous avions focalis\u00e9 notre action sur leurs besoins&#8230;<\/p>\n<p>A pr\u00e9sent, avec les reprises des cours, les \u00e9coles et coll\u00e8ges nous en demandent aussi et nous avons d\u00e9j\u00e0 fourni plusieurs d&rsquo;entre eux dont Jules Vall\u00e8s (Brive), JA Argentat, Bouquet (Brive),, Maternelle Lucie Aubrac(Brive),, Coll\u00e8ge Jean Lur\u00e7at (Brive),, &#8230;<\/p>\n","protected":false},"excerpt":{"rendered":"<p>Le FABAL19 poursuit sa fabrication et distribution gratuite des visi\u00e8res. Nous en avons fabriqu\u00e9 et distribu\u00e9 aujourd\u2019hui presque 700 dont 110 au centre hospitalier de Brive, aux EPHAD d&rsquo;Allassac, de Meyssac, de St Germain les Belles, de Isle, de Pierre-Buffi\u00e8re, au centre hospitalier de Cornil, &#8230; Au d\u00e9but du confinement, la demande des soignants \u00e9tait [&hellip;]<\/p>\n","protected":false},"author":89,"featured_media":586,"comment_status":"open","ping_status":"open","sticky":false,"template":"","format":"standard","meta":{"footnotes":""},"categories":[1],"tags":[],"class_list":["post-584","post","type-post","status-publish","format-standard","has-post-thumbnail","hentry","category-actualite"],"yoast_head":"<!-- This site is optimized with the Yoast SEO plugin v26.3 - https:\/\/yoast.com\/wordpress\/plugins\/seo\/ -->\n<title>Fourniture de visi\u00e8res de protection au personnel \u00e9ducatif - FABLAB19<\/title>\n<meta name=\"robots\" content=\"index, follow, max-snippet:-1, max-image-preview:large, max-video-preview:-1\" \/>\n<link rel=\"canonical\" href=\"https:\/\/asso.unilim.fr\/fablab19\/2020\/05\/25\/fourniture-de-visieres-de-protection-au-personnel-educatif\/\" \/>\n<meta property=\"og:locale\" content=\"fr_FR\" \/>\n<meta property=\"og:type\" content=\"article\" \/>\n<meta property=\"og:title\" content=\"Fourniture de visi\u00e8res de protection au personnel \u00e9ducatif - FABLAB19\" \/>\n<meta property=\"og:description\" content=\"Le FABAL19 poursuit sa fabrication et distribution gratuite des visi\u00e8res. Nous en avons fabriqu\u00e9 et distribu\u00e9 aujourd\u2019hui presque 700 dont 110 au centre hospitalier de Brive, aux EPHAD d&rsquo;Allassac, de Meyssac, de St Germain les Belles, de Isle, de Pierre-Buffi\u00e8re, au centre hospitalier de Cornil, &#8230; Au d\u00e9but du confinement, la demande des soignants \u00e9tait [&hellip;]\" \/>\n<meta property=\"og:url\" content=\"https:\/\/asso.unilim.fr\/fablab19\/2020\/05\/25\/fourniture-de-visieres-de-protection-au-personnel-educatif\/\" \/>\n<meta property=\"og:site_name\" content=\"FABLAB19\" \/>\n<meta property=\"article:published_time\" content=\"2020-05-25T12:45:21+00:00\" \/>\n<meta property=\"article:modified_time\" content=\"2020-05-25T12:54:13+00:00\" \/>\n<meta property=\"og:image\" content=\"https:\/\/www.unilim.fr\/fablab19\/wp-content\/uploads\/sites\/8\/2020\/05\/J-Valles2020-05-25.png\" \/>\n\t<meta property=\"og:image:width\" content=\"516\" \/>\n\t<meta property=\"og:image:height\" content=\"680\" \/>\n\t<meta property=\"og:image:type\" content=\"image\/png\" \/>\n<meta name=\"author\" content=\"valenp01\" \/>\n<meta name=\"twitter:card\" content=\"summary_large_image\" \/>\n<meta name=\"twitter:label1\" content=\"\u00c9crit par\" \/>\n\t<meta name=\"twitter:data1\" content=\"valenp01\" \/>\n\t<meta name=\"twitter:label2\" content=\"Dur\u00e9e de lecture estim\u00e9e\" \/>\n\t<meta name=\"twitter:data2\" content=\"1 minute\" \/>\n<script type=\"application\/ld+json\" class=\"yoast-schema-graph\">{\"@context\":\"https:\/\/schema.org\",\"@graph\":[{\"@type\":\"WebPage\",\"@id\":\"https:\/\/asso.unilim.fr\/fablab19\/2020\/05\/25\/fourniture-de-visieres-de-protection-au-personnel-educatif\/\",\"url\":\"https:\/\/asso.unilim.fr\/fablab19\/2020\/05\/25\/fourniture-de-visieres-de-protection-au-personnel-educatif\/\",\"name\":\"Fourniture de visi\u00e8res de protection au personnel \u00e9ducatif - FABLAB19\",\"isPartOf\":{\"@id\":\"https:\/\/asso.unilim.fr\/fablab19\/#website\"},\"primaryImageOfPage\":{\"@id\":\"https:\/\/asso.unilim.fr\/fablab19\/2020\/05\/25\/fourniture-de-visieres-de-protection-au-personnel-educatif\/#primaryimage\"},\"image\":{\"@id\":\"https:\/\/asso.unilim.fr\/fablab19\/2020\/05\/25\/fourniture-de-visieres-de-protection-au-personnel-educatif\/#primaryimage\"},\"thumbnailUrl\":\"https:\/\/www.unilim.fr\/fablab19\/wp-content\/uploads\/sites\/8\/2020\/05\/J-Valles2020-05-25.png\",\"datePublished\":\"2020-05-25T12:45:21+00:00\",\"dateModified\":\"2020-05-25T12:54:13+00:00\",\"author\":{\"@id\":\"https:\/\/asso.unilim.fr\/fablab19\/#\/schema\/person\/285b5dc8147af72e68f54013e21ddbc6\"},\"breadcrumb\":{\"@id\":\"https:\/\/asso.unilim.fr\/fablab19\/2020\/05\/25\/fourniture-de-visieres-de-protection-au-personnel-educatif\/#breadcrumb\"},\"inLanguage\":\"fr-FR\",\"potentialAction\":[{\"@type\":\"ReadAction\",\"target\":[\"https:\/\/asso.unilim.fr\/fablab19\/2020\/05\/25\/fourniture-de-visieres-de-protection-au-personnel-educatif\/\"]}]},{\"@type\":\"ImageObject\",\"inLanguage\":\"fr-FR\",\"@id\":\"https:\/\/asso.unilim.fr\/fablab19\/2020\/05\/25\/fourniture-de-visieres-de-protection-au-personnel-educatif\/#primaryimage\",\"url\":\"https:\/\/www.unilim.fr\/fablab19\/wp-content\/uploads\/sites\/8\/2020\/05\/J-Valles2020-05-25.png\",\"contentUrl\":\"https:\/\/www.unilim.fr\/fablab19\/wp-content\/uploads\/sites\/8\/2020\/05\/J-Valles2020-05-25.png\",\"width\":516,\"height\":680},{\"@type\":\"BreadcrumbList\",\"@id\":\"https:\/\/asso.unilim.fr\/fablab19\/2020\/05\/25\/fourniture-de-visieres-de-protection-au-personnel-educatif\/#breadcrumb\",\"itemListElement\":[{\"@type\":\"ListItem\",\"position\":1,\"name\":\"Accueil\",\"item\":\"https:\/\/asso.unilim.fr\/fablab19\/\"},{\"@type\":\"ListItem\",\"position\":2,\"name\":\"Fourniture de visi\u00e8res de protection au personnel \u00e9ducatif\"}]},{\"@type\":\"WebSite\",\"@id\":\"https:\/\/asso.unilim.fr\/fablab19\/#website\",\"url\":\"https:\/\/asso.unilim.fr\/fablab19\/\",\"name\":\"FABLAB19\",\"description\":\"Fablab19 source de r\u00e9ussites\",\"potentialAction\":[{\"@type\":\"SearchAction\",\"target\":{\"@type\":\"EntryPoint\",\"urlTemplate\":\"https:\/\/asso.unilim.fr\/fablab19\/?s={search_term_string}\"},\"query-input\":{\"@type\":\"PropertyValueSpecification\",\"valueRequired\":true,\"valueName\":\"search_term_string\"}}],\"inLanguage\":\"fr-FR\"},{\"@type\":\"Person\",\"@id\":\"https:\/\/asso.unilim.fr\/fablab19\/#\/schema\/person\/285b5dc8147af72e68f54013e21ddbc6\",\"name\":\"valenp01\",\"image\":{\"@type\":\"ImageObject\",\"inLanguage\":\"fr-FR\",\"@id\":\"https:\/\/asso.unilim.fr\/fablab19\/#\/schema\/person\/image\/\",\"url\":\"https:\/\/secure.gravatar.com\/avatar\/9e7182d28f47357b8913fffd8e16aae15eb5bf8338b259e4bb57baa39d563766?s=96&d=mm&r=g\",\"contentUrl\":\"https:\/\/secure.gravatar.com\/avatar\/9e7182d28f47357b8913fffd8e16aae15eb5bf8338b259e4bb57baa39d563766?s=96&d=mm&r=g\",\"caption\":\"valenp01\"},\"url\":\"https:\/\/asso.unilim.fr\/fablab19\/author\/valenp01\/\"}]}<\/script>\n<!-- \/ Yoast SEO plugin. -->","yoast_head_json":{"title":"Fourniture de visi\u00e8res de protection au personnel \u00e9ducatif - FABLAB19","robots":{"index":"index","follow":"follow","max-snippet":"max-snippet:-1","max-image-preview":"max-image-preview:large","max-video-preview":"max-video-preview:-1"},"canonical":"https:\/\/asso.unilim.fr\/fablab19\/2020\/05\/25\/fourniture-de-visieres-de-protection-au-personnel-educatif\/","og_locale":"fr_FR","og_type":"article","og_title":"Fourniture de visi\u00e8res de protection au personnel \u00e9ducatif - FABLAB19","og_description":"Le FABAL19 poursuit sa fabrication et distribution gratuite des visi\u00e8res. Nous en avons fabriqu\u00e9 et distribu\u00e9 aujourd\u2019hui presque 700 dont 110 au centre hospitalier de Brive, aux EPHAD d&rsquo;Allassac, de Meyssac, de St Germain les Belles, de Isle, de Pierre-Buffi\u00e8re, au centre hospitalier de Cornil, &#8230; Au d\u00e9but du confinement, la demande des soignants \u00e9tait [&hellip;]","og_url":"https:\/\/asso.unilim.fr\/fablab19\/2020\/05\/25\/fourniture-de-visieres-de-protection-au-personnel-educatif\/","og_site_name":"FABLAB19","article_published_time":"2020-05-25T12:45:21+00:00","article_modified_time":"2020-05-25T12:54:13+00:00","og_image":[{"width":516,"height":680,"url":"https:\/\/www.unilim.fr\/fablab19\/wp-content\/uploads\/sites\/8\/2020\/05\/J-Valles2020-05-25.png","type":"image\/png"}],"author":"valenp01","twitter_card":"summary_large_image","twitter_misc":{"\u00c9crit par":"valenp01","Dur\u00e9e de lecture estim\u00e9e":"1 minute"},"schema":{"@context":"https:\/\/schema.org","@graph":[{"@type":"WebPage","@id":"https:\/\/asso.unilim.fr\/fablab19\/2020\/05\/25\/fourniture-de-visieres-de-protection-au-personnel-educatif\/","url":"https:\/\/asso.unilim.fr\/fablab19\/2020\/05\/25\/fourniture-de-visieres-de-protection-au-personnel-educatif\/","name":"Fourniture de visi\u00e8res de protection au personnel \u00e9ducatif - FABLAB19","isPartOf":{"@id":"https:\/\/asso.unilim.fr\/fablab19\/#website"},"primaryImageOfPage":{"@id":"https:\/\/asso.unilim.fr\/fablab19\/2020\/05\/25\/fourniture-de-visieres-de-protection-au-personnel-educatif\/#primaryimage"},"image":{"@id":"https:\/\/asso.unilim.fr\/fablab19\/2020\/05\/25\/fourniture-de-visieres-de-protection-au-personnel-educatif\/#primaryimage"},"thumbnailUrl":"https:\/\/www.unilim.fr\/fablab19\/wp-content\/uploads\/sites\/8\/2020\/05\/J-Valles2020-05-25.png","datePublished":"2020-05-25T12:45:21+00:00","dateModified":"2020-05-25T12:54:13+00:00","author":{"@id":"https:\/\/asso.unilim.fr\/fablab19\/#\/schema\/person\/285b5dc8147af72e68f54013e21ddbc6"},"breadcrumb":{"@id":"https:\/\/asso.unilim.fr\/fablab19\/2020\/05\/25\/fourniture-de-visieres-de-protection-au-personnel-educatif\/#breadcrumb"},"inLanguage":"fr-FR","potentialAction":[{"@type":"ReadAction","target":["https:\/\/asso.unilim.fr\/fablab19\/2020\/05\/25\/fourniture-de-visieres-de-protection-au-personnel-educatif\/"]}]},{"@type":"ImageObject","inLanguage":"fr-FR","@id":"https:\/\/asso.unilim.fr\/fablab19\/2020\/05\/25\/fourniture-de-visieres-de-protection-au-personnel-educatif\/#primaryimage","url":"https:\/\/www.unilim.fr\/fablab19\/wp-content\/uploads\/sites\/8\/2020\/05\/J-Valles2020-05-25.png","contentUrl":"https:\/\/www.unilim.fr\/fablab19\/wp-content\/uploads\/sites\/8\/2020\/05\/J-Valles2020-05-25.png","width":516,"height":680},{"@type":"BreadcrumbList","@id":"https:\/\/asso.unilim.fr\/fablab19\/2020\/05\/25\/fourniture-de-visieres-de-protection-au-personnel-educatif\/#breadcrumb","itemListElement":[{"@type":"ListItem","position":1,"name":"Accueil","item":"https:\/\/asso.unilim.fr\/fablab19\/"},{"@type":"ListItem","position":2,"name":"Fourniture de visi\u00e8res de protection au personnel \u00e9ducatif"}]},{"@type":"WebSite","@id":"https:\/\/asso.unilim.fr\/fablab19\/#website","url":"https:\/\/asso.unilim.fr\/fablab19\/","name":"FABLAB19","description":"Fablab19 source de r\u00e9ussites","potentialAction":[{"@type":"SearchAction","target":{"@type":"EntryPoint","urlTemplate":"https:\/\/asso.unilim.fr\/fablab19\/?s={search_term_string}"},"query-input":{"@type":"PropertyValueSpecification","valueRequired":true,"valueName":"search_term_string"}}],"inLanguage":"fr-FR"},{"@type":"Person","@id":"https:\/\/asso.unilim.fr\/fablab19\/#\/schema\/person\/285b5dc8147af72e68f54013e21ddbc6","name":"valenp01","image":{"@type":"ImageObject","inLanguage":"fr-FR","@id":"https:\/\/asso.unilim.fr\/fablab19\/#\/schema\/person\/image\/","url":"https:\/\/secure.gravatar.com\/avatar\/9e7182d28f47357b8913fffd8e16aae15eb5bf8338b259e4bb57baa39d563766?s=96&d=mm&r=g","contentUrl":"https:\/\/secure.gravatar.com\/avatar\/9e7182d28f47357b8913fffd8e16aae15eb5bf8338b259e4bb57baa39d563766?s=96&d=mm&r=g","caption":"valenp01"},"url":"https:\/\/asso.unilim.fr\/fablab19\/author\/valenp01\/"}]}},"_links":{"self":[{"href":"https:\/\/asso.unilim.fr\/fablab19\/wp-json\/wp\/v2\/posts\/584","targetHints":{"allow":["GET"]}}],"collection":[{"href":"https:\/\/asso.unilim.fr\/fablab19\/wp-json\/wp\/v2\/posts"}],"about":[{"href":"https:\/\/asso.unilim.fr\/fablab19\/wp-json\/wp\/v2\/types\/post"}],"author":[{"embeddable":true,"href":"https:\/\/asso.unilim.fr\/fablab19\/wp-json\/wp\/v2\/users\/89"}],"replies":[{"embeddable":true,"href":"https:\/\/asso.unilim.fr\/fablab19\/wp-json\/wp\/v2\/comments?post=584"}],"version-history":[{"count":0,"href":"https:\/\/asso.unilim.fr\/fablab19\/wp-json\/wp\/v2\/posts\/584\/revisions"}],"wp:featuredmedia":[{"embeddable":true,"href":"https:\/\/asso.unilim.fr\/fablab19\/wp-json\/wp\/v2\/media\/586"}],"wp:attachment":[{"href":"https:\/\/asso.unilim.fr\/fablab19\/wp-json\/wp\/v2\/media?parent=584"}],"wp:term":[{"taxonomy":"category","embeddable":true,"href":"https:\/\/asso.unilim.fr\/fablab19\/wp-json\/wp\/v2\/categories?post=584"},{"taxonomy":"post_tag","embeddable":true,"href":"https:\/\/asso.unilim.fr\/fablab19\/wp-json\/wp\/v2\/tags?post=584"}],"curies":[{"name":"wp","href":"https:\/\/api.w.org\/{rel}","templated":true}]}}