{"id":562,"date":"2020-04-17T20:04:09","date_gmt":"2020-04-17T18:04:09","guid":{"rendered":"http:\/\/asso.unilim.fr\/fablab19\/?p=562"},"modified":"2020-05-13T11:46:29","modified_gmt":"2020-05-13T09:46:29","slug":"visieres-de-protection-pour-les-personnels-soignants","status":"publish","type":"post","link":"https:\/\/asso.unilim.fr\/fablab19\/2020\/04\/17\/visieres-de-protection-pour-les-personnels-soignants\/","title":{"rendered":"Visi\u00e8res de protection pour les personnels soignants"},"content":{"rendered":"<p><img decoding=\"async\" class=\"size-full wp-image-563 alignright\" src=\"https:\/\/www.unilim.fr\/fablab19\/wp-content\/uploads\/sites\/8\/2020\/04\/visiere.png\" alt=\"\" width=\"600\" srcset=\"https:\/\/www.unilim.fr\/fablab19\/wp-content\/uploads\/sites\/8\/2020\/04\/visiere.png 900w, https:\/\/www.unilim.fr\/fablab19\/wp-content\/uploads\/sites\/8\/2020\/04\/visiere-300x100.png 300w, https:\/\/www.unilim.fr\/fablab19\/wp-content\/uploads\/sites\/8\/2020\/04\/visiere-768x256.png 768w\" sizes=\"(max-width: 900px) 100vw, 900px\" \/>Le fablab19 se mobilise pour les personnels soignants ou d&rsquo;aide \u00e0 la personne en fabriquant et distribuant gratuitement des visi\u00e8res de protection.<br \/>\nCe matin, premi\u00e8re livraison de 20 visi\u00e8res \u00e0 l\u2019h\u00f4pital de Brive. Ce mat\u00e9riel est fourni avec une <a href=\"https:\/\/www.unilim.fr\/fablab19\/wp-content\/uploads\/sites\/8\/2020\/04\/notice.pdf\">notice de montage\u00a0<\/a> afin de pouvoir changer ou nettoyer les films transparents .<\/p>\n<p><img loading=\"lazy\" decoding=\"async\" class=\"wp-image-569 alignleft\" src=\"https:\/\/www.unilim.fr\/fablab19\/wp-content\/uploads\/sites\/8\/2020\/04\/bride_fixation.png\" alt=\"\" width=\"311\" height=\"217\" srcset=\"https:\/\/www.unilim.fr\/fablab19\/wp-content\/uploads\/sites\/8\/2020\/04\/bride_fixation.png 389w, https:\/\/www.unilim.fr\/fablab19\/wp-content\/uploads\/sites\/8\/2020\/04\/bride_fixation-300x209.png 300w\" sizes=\"auto, (max-width: 311px) 100vw, 311px\" \/><strong>L&rsquo;\u00e9lastique n&rsquo;est pas fourni mais si vous n&rsquo;avez rien, nous pouvons r\u00e9aliser une bride comme sur la photo<\/strong>.<\/p>\n<p>48 visi\u00e8res ont \u00e9t\u00e9 r\u00e9alis\u00e9es et nous avons plusieurs demandes en attentes que nous comptons honorer en d\u00e9but de semaine prochaine ( l&rsquo;EPHAD d&rsquo;ALLASSAC, cabinets d&rsquo;infirmi\u00e8res, p\u00e9dicure-podologue, m\u00e9decins,&#8230;. )<br \/>\nEn effet nous sommes en attente de mati\u00e8re premi\u00e8re.<\/p>\n<p>Pour vos demandes merci d&rsquo;envoyer un mail \u00e0 Fablab19@unilim.fr nous tenterons de vous donner satisfaction avec les moyens dont nous disposons.<\/p>\n<p>&nbsp;<\/p>\n<p>&nbsp;<\/p>\n<p>Article\u00a0<a href=\"http:\/\/www.brivemag.fr\/fablab-fabrique-des-visieres-de-protection-pour-les-soignants\/?fbclid=IwAR1GpbcSgsxFaoJlTLCncormLBN9s4xTATPAwMcn7wcsujZtpsxcN8zOVXI\"> BRIVEmag&rsquo;\u00a0 du 12 mai 2020<\/a> \u00a0 sur la fabrication de nos visi\u00e8res.<\/p>\n<p>&nbsp;<\/p>\n<hr \/>\n<figure id=\"attachment_578\" aria-describedby=\"caption-attachment-578\" style=\"width: 236px\" class=\"wp-caption alignleft\"><img loading=\"lazy\" decoding=\"async\" class=\"wp-image-578\" src=\"https:\/\/www.unilim.fr\/fablab19\/wp-content\/uploads\/sites\/8\/2020\/04\/article_fablab19.jpg\" alt=\"Article La montagne du 29 avril 2020\" width=\"236\" height=\"315\" srcset=\"https:\/\/www.unilim.fr\/fablab19\/wp-content\/uploads\/sites\/8\/2020\/04\/article_fablab19.jpg 480w, https:\/\/www.unilim.fr\/fablab19\/wp-content\/uploads\/sites\/8\/2020\/04\/article_fablab19-225x300.jpg 225w\" sizes=\"auto, (max-width: 236px) 100vw, 236px\" \/><figcaption id=\"caption-attachment-578\" class=\"wp-caption-text\">Les adh\u00e9rents du Fablab19 se mobilisent pour produire des visi\u00e8res de protection pour les aides \u00e0 la personne&#8230;.<\/figcaption><\/figure>\n<h4>Remarques importantes :<\/h4>\n<blockquote><p><strong><em>Nous devons la conception de cette protection \u00e0 l&rsquo;Electrolab de Nanterre qui a con\u00e7u les prototypes et dont les b\u00e9n\u00e9voles r\u00e9alisent, eux aussi,\u00a0 des protections pour les soignants.\u00a0 Le mat\u00e9riel est financ\u00e9 par l&rsquo;IUT du Limousin et les b\u00e9n\u00e9voles du fablab19\u00a0 fabriquent ces visi\u00e8res par d\u00e9coupe laser.<\/em><\/strong><\/p>\n<p>A ce jour ( 12 mai 2020) nous avons fourni plus de 500 visi\u00e8res \u00e0 diff\u00e9rents services\u00a0 de sant\u00e9\u00a0 ou d&rsquo;aide \u00e0 la personne de\u00a0 la r\u00e9gion\u00a0 dont L\u2019h\u00f4pital de Brive &#8211; la- Gaillarde. Bravo \u00e0\u00a0 vous tous qui prenez soin des plus fragiles &#8230; Fablab19<\/p>\n<p><strong>Nous destinons la fabrication de nos visi\u00e8res\u00a0 \u00e0 des personnels soignants<\/strong> : Ces visi\u00e8res prot\u00e8gent contre les projections. Elles\u00a0 limitent\u00a0 ainsi la possibilit\u00e9 de porter les mains au visage et par cons\u00e9quent\u00a0 de se contaminer.<\/p><\/blockquote>\n<p>&nbsp;<\/p>\n","protected":false},"excerpt":{"rendered":"<p>Le fablab19 se mobilise pour les personnels soignants ou d&rsquo;aide \u00e0 la personne en fabriquant et distribuant gratuitement des visi\u00e8res de protection. Ce matin, premi\u00e8re livraison de 20 visi\u00e8res \u00e0 l\u2019h\u00f4pital de Brive. Ce mat\u00e9riel est fourni avec une notice de montage\u00a0 afin de pouvoir changer ou nettoyer les films transparents . L&rsquo;\u00e9lastique n&rsquo;est pas [&hellip;]<\/p>\n","protected":false},"author":89,"featured_media":571,"comment_status":"open","ping_status":"open","sticky":false,"template":"","format":"standard","meta":{"footnotes":""},"categories":[1],"tags":[],"class_list":["post-562","post","type-post","status-publish","format-standard","has-post-thumbnail","hentry","category-actualite"],"yoast_head":"<!-- This site is optimized with the Yoast SEO plugin v26.3 - https:\/\/yoast.com\/wordpress\/plugins\/seo\/ -->\n<title>Visi\u00e8res de protection pour les personnels soignants - FABLAB19<\/title>\n<meta name=\"robots\" content=\"index, follow, max-snippet:-1, max-image-preview:large, max-video-preview:-1\" \/>\n<link rel=\"canonical\" href=\"https:\/\/asso.unilim.fr\/fablab19\/2020\/04\/17\/visieres-de-protection-pour-les-personnels-soignants\/\" \/>\n<meta property=\"og:locale\" content=\"fr_FR\" \/>\n<meta property=\"og:type\" content=\"article\" \/>\n<meta property=\"og:title\" content=\"Visi\u00e8res de protection pour les personnels soignants - FABLAB19\" \/>\n<meta property=\"og:description\" content=\"Le fablab19 se mobilise pour les personnels soignants ou d&rsquo;aide \u00e0 la personne en fabriquant et distribuant gratuitement des visi\u00e8res de protection. Ce matin, premi\u00e8re livraison de 20 visi\u00e8res \u00e0 l\u2019h\u00f4pital de Brive. Ce mat\u00e9riel est fourni avec une notice de montage\u00a0 afin de pouvoir changer ou nettoyer les films transparents . L&rsquo;\u00e9lastique n&rsquo;est pas [&hellip;]\" \/>\n<meta property=\"og:url\" content=\"https:\/\/asso.unilim.fr\/fablab19\/2020\/04\/17\/visieres-de-protection-pour-les-personnels-soignants\/\" \/>\n<meta property=\"og:site_name\" content=\"FABLAB19\" \/>\n<meta property=\"article:published_time\" content=\"2020-04-17T18:04:09+00:00\" \/>\n<meta property=\"article:modified_time\" content=\"2020-05-13T09:46:29+00:00\" \/>\n<meta property=\"og:image\" content=\"https:\/\/www.unilim.fr\/fablab19\/wp-content\/uploads\/sites\/8\/2020\/04\/visiere1.png\" \/>\n\t<meta property=\"og:image:width\" content=\"321\" \/>\n\t<meta property=\"og:image:height\" content=\"470\" \/>\n\t<meta property=\"og:image:type\" content=\"image\/png\" \/>\n<meta name=\"author\" content=\"valenp01\" \/>\n<meta name=\"twitter:card\" content=\"summary_large_image\" \/>\n<meta name=\"twitter:label1\" content=\"\u00c9crit par\" \/>\n\t<meta name=\"twitter:data1\" content=\"valenp01\" \/>\n\t<meta name=\"twitter:label2\" content=\"Dur\u00e9e de lecture estim\u00e9e\" \/>\n\t<meta name=\"twitter:data2\" content=\"2 minutes\" \/>\n<script type=\"application\/ld+json\" class=\"yoast-schema-graph\">{\"@context\":\"https:\/\/schema.org\",\"@graph\":[{\"@type\":\"WebPage\",\"@id\":\"https:\/\/asso.unilim.fr\/fablab19\/2020\/04\/17\/visieres-de-protection-pour-les-personnels-soignants\/\",\"url\":\"https:\/\/asso.unilim.fr\/fablab19\/2020\/04\/17\/visieres-de-protection-pour-les-personnels-soignants\/\",\"name\":\"Visi\u00e8res de protection pour les personnels soignants - FABLAB19\",\"isPartOf\":{\"@id\":\"https:\/\/asso.unilim.fr\/fablab19\/#website\"},\"primaryImageOfPage\":{\"@id\":\"https:\/\/asso.unilim.fr\/fablab19\/2020\/04\/17\/visieres-de-protection-pour-les-personnels-soignants\/#primaryimage\"},\"image\":{\"@id\":\"https:\/\/asso.unilim.fr\/fablab19\/2020\/04\/17\/visieres-de-protection-pour-les-personnels-soignants\/#primaryimage\"},\"thumbnailUrl\":\"https:\/\/www.unilim.fr\/fablab19\/wp-content\/uploads\/sites\/8\/2020\/04\/visiere1.png\",\"datePublished\":\"2020-04-17T18:04:09+00:00\",\"dateModified\":\"2020-05-13T09:46:29+00:00\",\"author\":{\"@id\":\"https:\/\/asso.unilim.fr\/fablab19\/#\/schema\/person\/285b5dc8147af72e68f54013e21ddbc6\"},\"breadcrumb\":{\"@id\":\"https:\/\/asso.unilim.fr\/fablab19\/2020\/04\/17\/visieres-de-protection-pour-les-personnels-soignants\/#breadcrumb\"},\"inLanguage\":\"fr-FR\",\"potentialAction\":[{\"@type\":\"ReadAction\",\"target\":[\"https:\/\/asso.unilim.fr\/fablab19\/2020\/04\/17\/visieres-de-protection-pour-les-personnels-soignants\/\"]}]},{\"@type\":\"ImageObject\",\"inLanguage\":\"fr-FR\",\"@id\":\"https:\/\/asso.unilim.fr\/fablab19\/2020\/04\/17\/visieres-de-protection-pour-les-personnels-soignants\/#primaryimage\",\"url\":\"https:\/\/www.unilim.fr\/fablab19\/wp-content\/uploads\/sites\/8\/2020\/04\/visiere1.png\",\"contentUrl\":\"https:\/\/www.unilim.fr\/fablab19\/wp-content\/uploads\/sites\/8\/2020\/04\/visiere1.png\",\"width\":321,\"height\":470},{\"@type\":\"BreadcrumbList\",\"@id\":\"https:\/\/asso.unilim.fr\/fablab19\/2020\/04\/17\/visieres-de-protection-pour-les-personnels-soignants\/#breadcrumb\",\"itemListElement\":[{\"@type\":\"ListItem\",\"position\":1,\"name\":\"Accueil\",\"item\":\"https:\/\/asso.unilim.fr\/fablab19\/\"},{\"@type\":\"ListItem\",\"position\":2,\"name\":\"Visi\u00e8res de protection pour les personnels soignants\"}]},{\"@type\":\"WebSite\",\"@id\":\"https:\/\/asso.unilim.fr\/fablab19\/#website\",\"url\":\"https:\/\/asso.unilim.fr\/fablab19\/\",\"name\":\"FABLAB19\",\"description\":\"Fablab19 source de r\u00e9ussites\",\"potentialAction\":[{\"@type\":\"SearchAction\",\"target\":{\"@type\":\"EntryPoint\",\"urlTemplate\":\"https:\/\/asso.unilim.fr\/fablab19\/?s={search_term_string}\"},\"query-input\":{\"@type\":\"PropertyValueSpecification\",\"valueRequired\":true,\"valueName\":\"search_term_string\"}}],\"inLanguage\":\"fr-FR\"},{\"@type\":\"Person\",\"@id\":\"https:\/\/asso.unilim.fr\/fablab19\/#\/schema\/person\/285b5dc8147af72e68f54013e21ddbc6\",\"name\":\"valenp01\",\"image\":{\"@type\":\"ImageObject\",\"inLanguage\":\"fr-FR\",\"@id\":\"https:\/\/asso.unilim.fr\/fablab19\/#\/schema\/person\/image\/\",\"url\":\"https:\/\/secure.gravatar.com\/avatar\/9e7182d28f47357b8913fffd8e16aae15eb5bf8338b259e4bb57baa39d563766?s=96&d=mm&r=g\",\"contentUrl\":\"https:\/\/secure.gravatar.com\/avatar\/9e7182d28f47357b8913fffd8e16aae15eb5bf8338b259e4bb57baa39d563766?s=96&d=mm&r=g\",\"caption\":\"valenp01\"},\"url\":\"https:\/\/asso.unilim.fr\/fablab19\/author\/valenp01\/\"}]}<\/script>\n<!-- \/ Yoast SEO plugin. -->","yoast_head_json":{"title":"Visi\u00e8res de protection pour les personnels soignants - FABLAB19","robots":{"index":"index","follow":"follow","max-snippet":"max-snippet:-1","max-image-preview":"max-image-preview:large","max-video-preview":"max-video-preview:-1"},"canonical":"https:\/\/asso.unilim.fr\/fablab19\/2020\/04\/17\/visieres-de-protection-pour-les-personnels-soignants\/","og_locale":"fr_FR","og_type":"article","og_title":"Visi\u00e8res de protection pour les personnels soignants - FABLAB19","og_description":"Le fablab19 se mobilise pour les personnels soignants ou d&rsquo;aide \u00e0 la personne en fabriquant et distribuant gratuitement des visi\u00e8res de protection. Ce matin, premi\u00e8re livraison de 20 visi\u00e8res \u00e0 l\u2019h\u00f4pital de Brive. Ce mat\u00e9riel est fourni avec une notice de montage\u00a0 afin de pouvoir changer ou nettoyer les films transparents . L&rsquo;\u00e9lastique n&rsquo;est pas [&hellip;]","og_url":"https:\/\/asso.unilim.fr\/fablab19\/2020\/04\/17\/visieres-de-protection-pour-les-personnels-soignants\/","og_site_name":"FABLAB19","article_published_time":"2020-04-17T18:04:09+00:00","article_modified_time":"2020-05-13T09:46:29+00:00","og_image":[{"width":321,"height":470,"url":"https:\/\/www.unilim.fr\/fablab19\/wp-content\/uploads\/sites\/8\/2020\/04\/visiere1.png","type":"image\/png"}],"author":"valenp01","twitter_card":"summary_large_image","twitter_misc":{"\u00c9crit par":"valenp01","Dur\u00e9e de lecture estim\u00e9e":"2 minutes"},"schema":{"@context":"https:\/\/schema.org","@graph":[{"@type":"WebPage","@id":"https:\/\/asso.unilim.fr\/fablab19\/2020\/04\/17\/visieres-de-protection-pour-les-personnels-soignants\/","url":"https:\/\/asso.unilim.fr\/fablab19\/2020\/04\/17\/visieres-de-protection-pour-les-personnels-soignants\/","name":"Visi\u00e8res de protection pour les personnels soignants - FABLAB19","isPartOf":{"@id":"https:\/\/asso.unilim.fr\/fablab19\/#website"},"primaryImageOfPage":{"@id":"https:\/\/asso.unilim.fr\/fablab19\/2020\/04\/17\/visieres-de-protection-pour-les-personnels-soignants\/#primaryimage"},"image":{"@id":"https:\/\/asso.unilim.fr\/fablab19\/2020\/04\/17\/visieres-de-protection-pour-les-personnels-soignants\/#primaryimage"},"thumbnailUrl":"https:\/\/www.unilim.fr\/fablab19\/wp-content\/uploads\/sites\/8\/2020\/04\/visiere1.png","datePublished":"2020-04-17T18:04:09+00:00","dateModified":"2020-05-13T09:46:29+00:00","author":{"@id":"https:\/\/asso.unilim.fr\/fablab19\/#\/schema\/person\/285b5dc8147af72e68f54013e21ddbc6"},"breadcrumb":{"@id":"https:\/\/asso.unilim.fr\/fablab19\/2020\/04\/17\/visieres-de-protection-pour-les-personnels-soignants\/#breadcrumb"},"inLanguage":"fr-FR","potentialAction":[{"@type":"ReadAction","target":["https:\/\/asso.unilim.fr\/fablab19\/2020\/04\/17\/visieres-de-protection-pour-les-personnels-soignants\/"]}]},{"@type":"ImageObject","inLanguage":"fr-FR","@id":"https:\/\/asso.unilim.fr\/fablab19\/2020\/04\/17\/visieres-de-protection-pour-les-personnels-soignants\/#primaryimage","url":"https:\/\/www.unilim.fr\/fablab19\/wp-content\/uploads\/sites\/8\/2020\/04\/visiere1.png","contentUrl":"https:\/\/www.unilim.fr\/fablab19\/wp-content\/uploads\/sites\/8\/2020\/04\/visiere1.png","width":321,"height":470},{"@type":"BreadcrumbList","@id":"https:\/\/asso.unilim.fr\/fablab19\/2020\/04\/17\/visieres-de-protection-pour-les-personnels-soignants\/#breadcrumb","itemListElement":[{"@type":"ListItem","position":1,"name":"Accueil","item":"https:\/\/asso.unilim.fr\/fablab19\/"},{"@type":"ListItem","position":2,"name":"Visi\u00e8res de protection pour les personnels soignants"}]},{"@type":"WebSite","@id":"https:\/\/asso.unilim.fr\/fablab19\/#website","url":"https:\/\/asso.unilim.fr\/fablab19\/","name":"FABLAB19","description":"Fablab19 source de r\u00e9ussites","potentialAction":[{"@type":"SearchAction","target":{"@type":"EntryPoint","urlTemplate":"https:\/\/asso.unilim.fr\/fablab19\/?s={search_term_string}"},"query-input":{"@type":"PropertyValueSpecification","valueRequired":true,"valueName":"search_term_string"}}],"inLanguage":"fr-FR"},{"@type":"Person","@id":"https:\/\/asso.unilim.fr\/fablab19\/#\/schema\/person\/285b5dc8147af72e68f54013e21ddbc6","name":"valenp01","image":{"@type":"ImageObject","inLanguage":"fr-FR","@id":"https:\/\/asso.unilim.fr\/fablab19\/#\/schema\/person\/image\/","url":"https:\/\/secure.gravatar.com\/avatar\/9e7182d28f47357b8913fffd8e16aae15eb5bf8338b259e4bb57baa39d563766?s=96&d=mm&r=g","contentUrl":"https:\/\/secure.gravatar.com\/avatar\/9e7182d28f47357b8913fffd8e16aae15eb5bf8338b259e4bb57baa39d563766?s=96&d=mm&r=g","caption":"valenp01"},"url":"https:\/\/asso.unilim.fr\/fablab19\/author\/valenp01\/"}]}},"_links":{"self":[{"href":"https:\/\/asso.unilim.fr\/fablab19\/wp-json\/wp\/v2\/posts\/562","targetHints":{"allow":["GET"]}}],"collection":[{"href":"https:\/\/asso.unilim.fr\/fablab19\/wp-json\/wp\/v2\/posts"}],"about":[{"href":"https:\/\/asso.unilim.fr\/fablab19\/wp-json\/wp\/v2\/types\/post"}],"author":[{"embeddable":true,"href":"https:\/\/asso.unilim.fr\/fablab19\/wp-json\/wp\/v2\/users\/89"}],"replies":[{"embeddable":true,"href":"https:\/\/asso.unilim.fr\/fablab19\/wp-json\/wp\/v2\/comments?post=562"}],"version-history":[{"count":0,"href":"https:\/\/asso.unilim.fr\/fablab19\/wp-json\/wp\/v2\/posts\/562\/revisions"}],"wp:featuredmedia":[{"embeddable":true,"href":"https:\/\/asso.unilim.fr\/fablab19\/wp-json\/wp\/v2\/media\/571"}],"wp:attachment":[{"href":"https:\/\/asso.unilim.fr\/fablab19\/wp-json\/wp\/v2\/media?parent=562"}],"wp:term":[{"taxonomy":"category","embeddable":true,"href":"https:\/\/asso.unilim.fr\/fablab19\/wp-json\/wp\/v2\/categories?post=562"},{"taxonomy":"post_tag","embeddable":true,"href":"https:\/\/asso.unilim.fr\/fablab19\/wp-json\/wp\/v2\/tags?post=562"}],"curies":[{"name":"wp","href":"https:\/\/api.w.org\/{rel}","templated":true}]}}