{"id":462,"date":"2020-01-13T11:22:56","date_gmt":"2020-01-13T10:22:56","guid":{"rendered":"http:\/\/asso.unilim.fr\/fablab19\/?p=462"},"modified":"2020-01-13T13:55:14","modified_gmt":"2020-01-13T12:55:14","slug":"voeux-2020","status":"publish","type":"post","link":"https:\/\/asso.unilim.fr\/fablab19\/2020\/01\/13\/voeux-2020\/","title":{"rendered":"V\u0153ux 2020"},"content":{"rendered":"<p><img loading=\"lazy\" decoding=\"async\" class=\"wp-image-352 alignleft\" src=\"https:\/\/www.unilim.fr\/fablab19\/wp-content\/uploads\/sites\/8\/2019\/03\/boulery3.jpg\" alt=\"\" width=\"325\" height=\"195\" srcset=\"https:\/\/www.unilim.fr\/fablab19\/wp-content\/uploads\/sites\/8\/2019\/03\/boulery3.jpg 1463w, https:\/\/www.unilim.fr\/fablab19\/wp-content\/uploads\/sites\/8\/2019\/03\/boulery3-300x180.jpg 300w, https:\/\/www.unilim.fr\/fablab19\/wp-content\/uploads\/sites\/8\/2019\/03\/boulery3-768x461.jpg 768w, https:\/\/www.unilim.fr\/fablab19\/wp-content\/uploads\/sites\/8\/2019\/03\/boulery3-1024x615.jpg 1024w\" sizes=\"auto, (max-width: 325px) 100vw, 325px\" \/>Notre Fablab19 permet d&rsquo;activer la richesse de l\u2019intelligence collective pour r\u00e9soudre des probl\u00e8mes complexes.<br \/>\nCette richesse c&rsquo;est la mise en interaction des connaissances, id\u00e9es, doutes et questionnements d&rsquo;un groupe d&rsquo;individu qui permet d&rsquo;obtenir un r\u00e9sultat de r\u00e9alisation et d&rsquo;innovation sup\u00e9rieur \u00e0 la simple addition des contributions de chaque individu. Une remarque\u00a0 importante : pour que cette intelligence fonctionne il faut un certain degr\u00e9 d&rsquo;abn\u00e9gation de chaque individu du groupe.<\/p>\n<p>Nous sommes dans la phase embryonnaire de notre d\u00e9veloppement mais de belles r\u00e9alisations ont \u00e9t\u00e9 obtenues en quelques ann\u00e9es.<\/p>\n<p>Nous souhaitons donc que cette intelligence collective murisse dans notre Fablab19 et qu&rsquo;elle soit source de belles r\u00e9alisations pour 2020.<\/p>\n<p>Bonne ann\u00e9e \u00e0 tous<\/p>\n<p><a href=\"https:\/\/www.unilim.fr\/fablab19\/adhesion-au-fablab19\/\">Simple visiteur? Entreprise ? :\u00a0 n&rsquo;h\u00e9sitez pas \u00e0 venir nous rejoindre et \u00e0 participer \u00e0 notre intelligence collective.<\/a><\/p>\n","protected":false},"excerpt":{"rendered":"<p>Notre Fablab19 permet d&rsquo;activer la richesse de l\u2019intelligence collective pour r\u00e9soudre des probl\u00e8mes complexes. Cette richesse c&rsquo;est la mise en interaction des connaissances, id\u00e9es, doutes et questionnements d&rsquo;un groupe d&rsquo;individu qui permet d&rsquo;obtenir un r\u00e9sultat de r\u00e9alisation et d&rsquo;innovation sup\u00e9rieur \u00e0 la simple addition des contributions de chaque individu. Une remarque\u00a0 importante : pour que [&hellip;]<\/p>\n","protected":false},"author":89,"featured_media":334,"comment_status":"open","ping_status":"open","sticky":false,"template":"","format":"quote","meta":{"footnotes":""},"categories":[1],"tags":[],"class_list":["post-462","post","type-post","status-publish","format-quote","has-post-thumbnail","hentry","category-actualite","post_format-post-format-quote"],"yoast_head":"<!-- This site is optimized with the Yoast SEO plugin v26.3 - https:\/\/yoast.com\/wordpress\/plugins\/seo\/ -->\n<title>V\u0153ux 2020 - FABLAB19<\/title>\n<meta name=\"robots\" content=\"index, follow, max-snippet:-1, max-image-preview:large, max-video-preview:-1\" \/>\n<link rel=\"canonical\" href=\"https:\/\/asso.unilim.fr\/fablab19\/2020\/01\/13\/voeux-2020\/\" \/>\n<meta property=\"og:locale\" content=\"fr_FR\" \/>\n<meta property=\"og:type\" content=\"article\" \/>\n<meta property=\"og:title\" content=\"V\u0153ux 2020 - FABLAB19\" \/>\n<meta property=\"og:description\" content=\"Notre Fablab19 permet d&rsquo;activer la richesse de l\u2019intelligence collective pour r\u00e9soudre des probl\u00e8mes complexes. Cette richesse c&rsquo;est la mise en interaction des connaissances, id\u00e9es, doutes et questionnements d&rsquo;un groupe d&rsquo;individu qui permet d&rsquo;obtenir un r\u00e9sultat de r\u00e9alisation et d&rsquo;innovation sup\u00e9rieur \u00e0 la simple addition des contributions de chaque individu. Une remarque\u00a0 importante : pour que [&hellip;]\" \/>\n<meta property=\"og:url\" content=\"https:\/\/asso.unilim.fr\/fablab19\/2020\/01\/13\/voeux-2020\/\" \/>\n<meta property=\"og:site_name\" content=\"FABLAB19\" \/>\n<meta property=\"article:published_time\" content=\"2020-01-13T10:22:56+00:00\" \/>\n<meta property=\"article:modified_time\" content=\"2020-01-13T12:55:14+00:00\" \/>\n<meta property=\"og:image\" content=\"https:\/\/www.unilim.fr\/fablab19\/wp-content\/uploads\/sites\/8\/2019\/02\/VigeoisTheatreOmbres1-1024x761.png\" \/>\n\t<meta property=\"og:image:width\" content=\"1024\" \/>\n\t<meta property=\"og:image:height\" content=\"761\" \/>\n\t<meta property=\"og:image:type\" content=\"image\/png\" \/>\n<meta name=\"author\" content=\"valenp01\" \/>\n<meta name=\"twitter:card\" content=\"summary_large_image\" \/>\n<meta name=\"twitter:label1\" content=\"\u00c9crit par\" \/>\n\t<meta name=\"twitter:data1\" content=\"valenp01\" \/>\n\t<meta name=\"twitter:label2\" content=\"Dur\u00e9e de lecture estim\u00e9e\" \/>\n\t<meta name=\"twitter:data2\" content=\"1 minute\" \/>\n<script type=\"application\/ld+json\" class=\"yoast-schema-graph\">{\"@context\":\"https:\/\/schema.org\",\"@graph\":[{\"@type\":\"WebPage\",\"@id\":\"https:\/\/asso.unilim.fr\/fablab19\/2020\/01\/13\/voeux-2020\/\",\"url\":\"https:\/\/asso.unilim.fr\/fablab19\/2020\/01\/13\/voeux-2020\/\",\"name\":\"V\u0153ux 2020 - FABLAB19\",\"isPartOf\":{\"@id\":\"https:\/\/asso.unilim.fr\/fablab19\/#website\"},\"primaryImageOfPage\":{\"@id\":\"https:\/\/asso.unilim.fr\/fablab19\/2020\/01\/13\/voeux-2020\/#primaryimage\"},\"image\":{\"@id\":\"https:\/\/asso.unilim.fr\/fablab19\/2020\/01\/13\/voeux-2020\/#primaryimage\"},\"thumbnailUrl\":\"https:\/\/www.unilim.fr\/fablab19\/wp-content\/uploads\/sites\/8\/2019\/02\/VigeoisTheatreOmbres1.png\",\"datePublished\":\"2020-01-13T10:22:56+00:00\",\"dateModified\":\"2020-01-13T12:55:14+00:00\",\"author\":{\"@id\":\"https:\/\/asso.unilim.fr\/fablab19\/#\/schema\/person\/285b5dc8147af72e68f54013e21ddbc6\"},\"breadcrumb\":{\"@id\":\"https:\/\/asso.unilim.fr\/fablab19\/2020\/01\/13\/voeux-2020\/#breadcrumb\"},\"inLanguage\":\"fr-FR\",\"potentialAction\":[{\"@type\":\"ReadAction\",\"target\":[\"https:\/\/asso.unilim.fr\/fablab19\/2020\/01\/13\/voeux-2020\/\"]}]},{\"@type\":\"ImageObject\",\"inLanguage\":\"fr-FR\",\"@id\":\"https:\/\/asso.unilim.fr\/fablab19\/2020\/01\/13\/voeux-2020\/#primaryimage\",\"url\":\"https:\/\/www.unilim.fr\/fablab19\/wp-content\/uploads\/sites\/8\/2019\/02\/VigeoisTheatreOmbres1.png\",\"contentUrl\":\"https:\/\/www.unilim.fr\/fablab19\/wp-content\/uploads\/sites\/8\/2019\/02\/VigeoisTheatreOmbres1.png\",\"width\":1145,\"height\":851},{\"@type\":\"BreadcrumbList\",\"@id\":\"https:\/\/asso.unilim.fr\/fablab19\/2020\/01\/13\/voeux-2020\/#breadcrumb\",\"itemListElement\":[{\"@type\":\"ListItem\",\"position\":1,\"name\":\"Accueil\",\"item\":\"https:\/\/asso.unilim.fr\/fablab19\/\"},{\"@type\":\"ListItem\",\"position\":2,\"name\":\"V\u0153ux 2020\"}]},{\"@type\":\"WebSite\",\"@id\":\"https:\/\/asso.unilim.fr\/fablab19\/#website\",\"url\":\"https:\/\/asso.unilim.fr\/fablab19\/\",\"name\":\"FABLAB19\",\"description\":\"Fablab19 source de r\u00e9ussites\",\"potentialAction\":[{\"@type\":\"SearchAction\",\"target\":{\"@type\":\"EntryPoint\",\"urlTemplate\":\"https:\/\/asso.unilim.fr\/fablab19\/?s={search_term_string}\"},\"query-input\":{\"@type\":\"PropertyValueSpecification\",\"valueRequired\":true,\"valueName\":\"search_term_string\"}}],\"inLanguage\":\"fr-FR\"},{\"@type\":\"Person\",\"@id\":\"https:\/\/asso.unilim.fr\/fablab19\/#\/schema\/person\/285b5dc8147af72e68f54013e21ddbc6\",\"name\":\"valenp01\",\"image\":{\"@type\":\"ImageObject\",\"inLanguage\":\"fr-FR\",\"@id\":\"https:\/\/asso.unilim.fr\/fablab19\/#\/schema\/person\/image\/\",\"url\":\"https:\/\/secure.gravatar.com\/avatar\/9e7182d28f47357b8913fffd8e16aae15eb5bf8338b259e4bb57baa39d563766?s=96&d=mm&r=g\",\"contentUrl\":\"https:\/\/secure.gravatar.com\/avatar\/9e7182d28f47357b8913fffd8e16aae15eb5bf8338b259e4bb57baa39d563766?s=96&d=mm&r=g\",\"caption\":\"valenp01\"},\"url\":\"https:\/\/asso.unilim.fr\/fablab19\/author\/valenp01\/\"}]}<\/script>\n<!-- \/ Yoast SEO plugin. -->","yoast_head_json":{"title":"V\u0153ux 2020 - FABLAB19","robots":{"index":"index","follow":"follow","max-snippet":"max-snippet:-1","max-image-preview":"max-image-preview:large","max-video-preview":"max-video-preview:-1"},"canonical":"https:\/\/asso.unilim.fr\/fablab19\/2020\/01\/13\/voeux-2020\/","og_locale":"fr_FR","og_type":"article","og_title":"V\u0153ux 2020 - FABLAB19","og_description":"Notre Fablab19 permet d&rsquo;activer la richesse de l\u2019intelligence collective pour r\u00e9soudre des probl\u00e8mes complexes. Cette richesse c&rsquo;est la mise en interaction des connaissances, id\u00e9es, doutes et questionnements d&rsquo;un groupe d&rsquo;individu qui permet d&rsquo;obtenir un r\u00e9sultat de r\u00e9alisation et d&rsquo;innovation sup\u00e9rieur \u00e0 la simple addition des contributions de chaque individu. Une remarque\u00a0 importante : pour que [&hellip;]","og_url":"https:\/\/asso.unilim.fr\/fablab19\/2020\/01\/13\/voeux-2020\/","og_site_name":"FABLAB19","article_published_time":"2020-01-13T10:22:56+00:00","article_modified_time":"2020-01-13T12:55:14+00:00","og_image":[{"width":1024,"height":761,"url":"https:\/\/www.unilim.fr\/fablab19\/wp-content\/uploads\/sites\/8\/2019\/02\/VigeoisTheatreOmbres1-1024x761.png","type":"image\/png"}],"author":"valenp01","twitter_card":"summary_large_image","twitter_misc":{"\u00c9crit par":"valenp01","Dur\u00e9e de lecture estim\u00e9e":"1 minute"},"schema":{"@context":"https:\/\/schema.org","@graph":[{"@type":"WebPage","@id":"https:\/\/asso.unilim.fr\/fablab19\/2020\/01\/13\/voeux-2020\/","url":"https:\/\/asso.unilim.fr\/fablab19\/2020\/01\/13\/voeux-2020\/","name":"V\u0153ux 2020 - FABLAB19","isPartOf":{"@id":"https:\/\/asso.unilim.fr\/fablab19\/#website"},"primaryImageOfPage":{"@id":"https:\/\/asso.unilim.fr\/fablab19\/2020\/01\/13\/voeux-2020\/#primaryimage"},"image":{"@id":"https:\/\/asso.unilim.fr\/fablab19\/2020\/01\/13\/voeux-2020\/#primaryimage"},"thumbnailUrl":"https:\/\/www.unilim.fr\/fablab19\/wp-content\/uploads\/sites\/8\/2019\/02\/VigeoisTheatreOmbres1.png","datePublished":"2020-01-13T10:22:56+00:00","dateModified":"2020-01-13T12:55:14+00:00","author":{"@id":"https:\/\/asso.unilim.fr\/fablab19\/#\/schema\/person\/285b5dc8147af72e68f54013e21ddbc6"},"breadcrumb":{"@id":"https:\/\/asso.unilim.fr\/fablab19\/2020\/01\/13\/voeux-2020\/#breadcrumb"},"inLanguage":"fr-FR","potentialAction":[{"@type":"ReadAction","target":["https:\/\/asso.unilim.fr\/fablab19\/2020\/01\/13\/voeux-2020\/"]}]},{"@type":"ImageObject","inLanguage":"fr-FR","@id":"https:\/\/asso.unilim.fr\/fablab19\/2020\/01\/13\/voeux-2020\/#primaryimage","url":"https:\/\/www.unilim.fr\/fablab19\/wp-content\/uploads\/sites\/8\/2019\/02\/VigeoisTheatreOmbres1.png","contentUrl":"https:\/\/www.unilim.fr\/fablab19\/wp-content\/uploads\/sites\/8\/2019\/02\/VigeoisTheatreOmbres1.png","width":1145,"height":851},{"@type":"BreadcrumbList","@id":"https:\/\/asso.unilim.fr\/fablab19\/2020\/01\/13\/voeux-2020\/#breadcrumb","itemListElement":[{"@type":"ListItem","position":1,"name":"Accueil","item":"https:\/\/asso.unilim.fr\/fablab19\/"},{"@type":"ListItem","position":2,"name":"V\u0153ux 2020"}]},{"@type":"WebSite","@id":"https:\/\/asso.unilim.fr\/fablab19\/#website","url":"https:\/\/asso.unilim.fr\/fablab19\/","name":"FABLAB19","description":"Fablab19 source de r\u00e9ussites","potentialAction":[{"@type":"SearchAction","target":{"@type":"EntryPoint","urlTemplate":"https:\/\/asso.unilim.fr\/fablab19\/?s={search_term_string}"},"query-input":{"@type":"PropertyValueSpecification","valueRequired":true,"valueName":"search_term_string"}}],"inLanguage":"fr-FR"},{"@type":"Person","@id":"https:\/\/asso.unilim.fr\/fablab19\/#\/schema\/person\/285b5dc8147af72e68f54013e21ddbc6","name":"valenp01","image":{"@type":"ImageObject","inLanguage":"fr-FR","@id":"https:\/\/asso.unilim.fr\/fablab19\/#\/schema\/person\/image\/","url":"https:\/\/secure.gravatar.com\/avatar\/9e7182d28f47357b8913fffd8e16aae15eb5bf8338b259e4bb57baa39d563766?s=96&d=mm&r=g","contentUrl":"https:\/\/secure.gravatar.com\/avatar\/9e7182d28f47357b8913fffd8e16aae15eb5bf8338b259e4bb57baa39d563766?s=96&d=mm&r=g","caption":"valenp01"},"url":"https:\/\/asso.unilim.fr\/fablab19\/author\/valenp01\/"}]}},"_links":{"self":[{"href":"https:\/\/asso.unilim.fr\/fablab19\/wp-json\/wp\/v2\/posts\/462","targetHints":{"allow":["GET"]}}],"collection":[{"href":"https:\/\/asso.unilim.fr\/fablab19\/wp-json\/wp\/v2\/posts"}],"about":[{"href":"https:\/\/asso.unilim.fr\/fablab19\/wp-json\/wp\/v2\/types\/post"}],"author":[{"embeddable":true,"href":"https:\/\/asso.unilim.fr\/fablab19\/wp-json\/wp\/v2\/users\/89"}],"replies":[{"embeddable":true,"href":"https:\/\/asso.unilim.fr\/fablab19\/wp-json\/wp\/v2\/comments?post=462"}],"version-history":[{"count":0,"href":"https:\/\/asso.unilim.fr\/fablab19\/wp-json\/wp\/v2\/posts\/462\/revisions"}],"wp:featuredmedia":[{"embeddable":true,"href":"https:\/\/asso.unilim.fr\/fablab19\/wp-json\/wp\/v2\/media\/334"}],"wp:attachment":[{"href":"https:\/\/asso.unilim.fr\/fablab19\/wp-json\/wp\/v2\/media?parent=462"}],"wp:term":[{"taxonomy":"category","embeddable":true,"href":"https:\/\/asso.unilim.fr\/fablab19\/wp-json\/wp\/v2\/categories?post=462"},{"taxonomy":"post_tag","embeddable":true,"href":"https:\/\/asso.unilim.fr\/fablab19\/wp-json\/wp\/v2\/tags?post=462"}],"curies":[{"name":"wp","href":"https:\/\/api.w.org\/{rel}","templated":true}]}}