{"id":283,"date":"2020-01-14T16:43:05","date_gmt":"2020-01-14T15:43:05","guid":{"rendered":"http:\/\/asso.unilim.fr\/fablab19\/?p=283"},"modified":"2020-02-06T14:35:16","modified_gmt":"2020-02-06T13:35:16","slug":"appel-a-cotisation","status":"publish","type":"post","link":"https:\/\/asso.unilim.fr\/fablab19\/2020\/01\/14\/appel-a-cotisation\/","title":{"rendered":"Appel \u00e0 cotisation 2020"},"content":{"rendered":"<p><img loading=\"lazy\" decoding=\"async\" class=\"wp-image-288 alignleft\" src=\"https:\/\/www.unilim.fr\/fablab19\/wp-content\/uploads\/sites\/8\/2019\/01\/AppelACotisation.png\" alt=\"\" width=\"281\" height=\"339\" \/>Chers adh\u00e9rents au Fablab19,<\/p>\n<p>Une nouvelle ann\u00e9e d\u00e9bute et c&rsquo;est le moment de l&rsquo; <strong>appel \u00e0 cotisation<\/strong> pour\u00a0 renouveler votre adh\u00e9sion pour <strong>l&rsquo;ann\u00e9e 2020<\/strong>.<\/p>\n<p><strong>Cotisation annuelle\u00a0 du Fablab19<\/strong><\/p>\n<ul>\n<li>20\u20ac pour les \u00e9tudiants<\/li>\n<li>40\u20ac pour des particuliers<\/li>\n<\/ul>\n<p>Pour les entreprises 3 tarifs en fonction de la taille de l\u2019entreprise et ce pour un personnel ayant acc\u00e8s au Fablab.<\/p>\n<ul>\n<li>120\u20ac pour une entreprise de 1 \u00e0 10 salari\u00e9s ou Association<\/li>\n<li>11 \u00e0 50 salari\u00e9s: 200 \u20ac<\/li>\n<li>51 salari\u00e9s et plus: 400 \u20ac<\/li>\n<\/ul>\n<p>L\u2019adh\u00e9sion d\u2019une entreprise ou d\u2019une association donne droit \u00e0 une adh\u00e9sion \u00e0 30 euros pour leurs salari\u00e9s ou adh\u00e9rents.<\/p>\n<p>&nbsp;<\/p>\n<p>________________________________<\/p>\n<p>&nbsp;<\/p>\n<h4>Pour ceux qui souhaitent faire un virement plut\u00f4t qu&rsquo;un ch\u00e8que, vous trouverez nos informations bancaires ci-dessous.<\/h4>\n<p><strong>Merci de mettre :<\/strong><\/p>\n<pre> Nom Pr\u00e9nom 2020\r\n pour l'objet du virement.<\/pre>\n<p><img loading=\"lazy\" decoding=\"async\" class=\"alignnone wp-image-295\" src=\"https:\/\/www.unilim.fr\/fablab19\/wp-content\/uploads\/sites\/8\/2019\/01\/RIB1.jpg\" alt=\"\" width=\"388\" height=\"151\" \/><\/p>\n<p>Cordialement<\/p>\n","protected":false},"excerpt":{"rendered":"<p>Chers adh\u00e9rents au Fablab19, Une nouvelle ann\u00e9e d\u00e9bute et c&rsquo;est le moment de l&rsquo; appel \u00e0 cotisation pour\u00a0 renouveler votre adh\u00e9sion pour l&rsquo;ann\u00e9e 2020. Cotisation annuelle\u00a0 du Fablab19 20\u20ac pour les \u00e9tudiants 40\u20ac pour des particuliers Pour les entreprises 3 tarifs en fonction de la taille de l\u2019entreprise et ce pour un personnel ayant acc\u00e8s [&hellip;]<\/p>\n","protected":false},"author":89,"featured_media":288,"comment_status":"open","ping_status":"open","sticky":false,"template":"","format":"standard","meta":{"footnotes":""},"categories":[1],"tags":[],"class_list":["post-283","post","type-post","status-publish","format-standard","has-post-thumbnail","hentry","category-actualite"],"yoast_head":"<!-- This site is optimized with the Yoast SEO plugin v26.3 - https:\/\/yoast.com\/wordpress\/plugins\/seo\/ -->\n<title>Appel \u00e0 cotisation 2020 - FABLAB19<\/title>\n<meta name=\"robots\" content=\"index, follow, max-snippet:-1, max-image-preview:large, max-video-preview:-1\" \/>\n<link rel=\"canonical\" href=\"https:\/\/asso.unilim.fr\/fablab19\/2020\/01\/14\/appel-a-cotisation\/\" \/>\n<meta property=\"og:locale\" content=\"fr_FR\" \/>\n<meta property=\"og:type\" content=\"article\" \/>\n<meta property=\"og:title\" content=\"Appel \u00e0 cotisation 2020 - FABLAB19\" \/>\n<meta property=\"og:description\" content=\"Chers adh\u00e9rents au Fablab19, Une nouvelle ann\u00e9e d\u00e9bute et c&rsquo;est le moment de l&rsquo; appel \u00e0 cotisation pour\u00a0 renouveler votre adh\u00e9sion pour l&rsquo;ann\u00e9e 2020. Cotisation annuelle\u00a0 du Fablab19 20\u20ac pour les \u00e9tudiants 40\u20ac pour des particuliers Pour les entreprises 3 tarifs en fonction de la taille de l\u2019entreprise et ce pour un personnel ayant acc\u00e8s [&hellip;]\" \/>\n<meta property=\"og:url\" content=\"https:\/\/asso.unilim.fr\/fablab19\/2020\/01\/14\/appel-a-cotisation\/\" \/>\n<meta property=\"og:site_name\" content=\"FABLAB19\" \/>\n<meta property=\"article:published_time\" content=\"2020-01-14T15:43:05+00:00\" \/>\n<meta property=\"article:modified_time\" content=\"2020-02-06T13:35:16+00:00\" \/>\n<meta property=\"og:image\" content=\"https:\/\/www.unilim.fr\/fablab19\/wp-content\/uploads\/sites\/8\/2019\/01\/AppelACotisation.png\" \/>\n\t<meta property=\"og:image:width\" content=\"550\" \/>\n\t<meta property=\"og:image:height\" content=\"663\" \/>\n\t<meta property=\"og:image:type\" content=\"image\/png\" \/>\n<meta name=\"author\" content=\"valenp01\" \/>\n<meta name=\"twitter:card\" content=\"summary_large_image\" \/>\n<meta name=\"twitter:label1\" content=\"\u00c9crit par\" \/>\n\t<meta name=\"twitter:data1\" content=\"valenp01\" \/>\n\t<meta name=\"twitter:label2\" content=\"Dur\u00e9e de lecture estim\u00e9e\" \/>\n\t<meta name=\"twitter:data2\" content=\"1 minute\" \/>\n<script type=\"application\/ld+json\" class=\"yoast-schema-graph\">{\"@context\":\"https:\/\/schema.org\",\"@graph\":[{\"@type\":\"WebPage\",\"@id\":\"https:\/\/asso.unilim.fr\/fablab19\/2020\/01\/14\/appel-a-cotisation\/\",\"url\":\"https:\/\/asso.unilim.fr\/fablab19\/2020\/01\/14\/appel-a-cotisation\/\",\"name\":\"Appel \u00e0 cotisation 2020 - FABLAB19\",\"isPartOf\":{\"@id\":\"https:\/\/asso.unilim.fr\/fablab19\/#website\"},\"primaryImageOfPage\":{\"@id\":\"https:\/\/asso.unilim.fr\/fablab19\/2020\/01\/14\/appel-a-cotisation\/#primaryimage\"},\"image\":{\"@id\":\"https:\/\/asso.unilim.fr\/fablab19\/2020\/01\/14\/appel-a-cotisation\/#primaryimage\"},\"thumbnailUrl\":\"https:\/\/www.unilim.fr\/fablab19\/wp-content\/uploads\/sites\/8\/2019\/01\/AppelACotisation.png\",\"datePublished\":\"2020-01-14T15:43:05+00:00\",\"dateModified\":\"2020-02-06T13:35:16+00:00\",\"author\":{\"@id\":\"https:\/\/asso.unilim.fr\/fablab19\/#\/schema\/person\/285b5dc8147af72e68f54013e21ddbc6\"},\"breadcrumb\":{\"@id\":\"https:\/\/asso.unilim.fr\/fablab19\/2020\/01\/14\/appel-a-cotisation\/#breadcrumb\"},\"inLanguage\":\"fr-FR\",\"potentialAction\":[{\"@type\":\"ReadAction\",\"target\":[\"https:\/\/asso.unilim.fr\/fablab19\/2020\/01\/14\/appel-a-cotisation\/\"]}]},{\"@type\":\"ImageObject\",\"inLanguage\":\"fr-FR\",\"@id\":\"https:\/\/asso.unilim.fr\/fablab19\/2020\/01\/14\/appel-a-cotisation\/#primaryimage\",\"url\":\"https:\/\/www.unilim.fr\/fablab19\/wp-content\/uploads\/sites\/8\/2019\/01\/AppelACotisation.png\",\"contentUrl\":\"https:\/\/www.unilim.fr\/fablab19\/wp-content\/uploads\/sites\/8\/2019\/01\/AppelACotisation.png\",\"width\":552,\"height\":621},{\"@type\":\"BreadcrumbList\",\"@id\":\"https:\/\/asso.unilim.fr\/fablab19\/2020\/01\/14\/appel-a-cotisation\/#breadcrumb\",\"itemListElement\":[{\"@type\":\"ListItem\",\"position\":1,\"name\":\"Accueil\",\"item\":\"https:\/\/asso.unilim.fr\/fablab19\/\"},{\"@type\":\"ListItem\",\"position\":2,\"name\":\"Appel \u00e0 cotisation 2020\"}]},{\"@type\":\"WebSite\",\"@id\":\"https:\/\/asso.unilim.fr\/fablab19\/#website\",\"url\":\"https:\/\/asso.unilim.fr\/fablab19\/\",\"name\":\"FABLAB19\",\"description\":\"Fablab19 source de r\u00e9ussites\",\"potentialAction\":[{\"@type\":\"SearchAction\",\"target\":{\"@type\":\"EntryPoint\",\"urlTemplate\":\"https:\/\/asso.unilim.fr\/fablab19\/?s={search_term_string}\"},\"query-input\":{\"@type\":\"PropertyValueSpecification\",\"valueRequired\":true,\"valueName\":\"search_term_string\"}}],\"inLanguage\":\"fr-FR\"},{\"@type\":\"Person\",\"@id\":\"https:\/\/asso.unilim.fr\/fablab19\/#\/schema\/person\/285b5dc8147af72e68f54013e21ddbc6\",\"name\":\"valenp01\",\"image\":{\"@type\":\"ImageObject\",\"inLanguage\":\"fr-FR\",\"@id\":\"https:\/\/asso.unilim.fr\/fablab19\/#\/schema\/person\/image\/\",\"url\":\"https:\/\/secure.gravatar.com\/avatar\/9e7182d28f47357b8913fffd8e16aae15eb5bf8338b259e4bb57baa39d563766?s=96&d=mm&r=g\",\"contentUrl\":\"https:\/\/secure.gravatar.com\/avatar\/9e7182d28f47357b8913fffd8e16aae15eb5bf8338b259e4bb57baa39d563766?s=96&d=mm&r=g\",\"caption\":\"valenp01\"},\"url\":\"https:\/\/asso.unilim.fr\/fablab19\/author\/valenp01\/\"}]}<\/script>\n<!-- \/ Yoast SEO plugin. -->","yoast_head_json":{"title":"Appel \u00e0 cotisation 2020 - FABLAB19","robots":{"index":"index","follow":"follow","max-snippet":"max-snippet:-1","max-image-preview":"max-image-preview:large","max-video-preview":"max-video-preview:-1"},"canonical":"https:\/\/asso.unilim.fr\/fablab19\/2020\/01\/14\/appel-a-cotisation\/","og_locale":"fr_FR","og_type":"article","og_title":"Appel \u00e0 cotisation 2020 - FABLAB19","og_description":"Chers adh\u00e9rents au Fablab19, Une nouvelle ann\u00e9e d\u00e9bute et c&rsquo;est le moment de l&rsquo; appel \u00e0 cotisation pour\u00a0 renouveler votre adh\u00e9sion pour l&rsquo;ann\u00e9e 2020. Cotisation annuelle\u00a0 du Fablab19 20\u20ac pour les \u00e9tudiants 40\u20ac pour des particuliers Pour les entreprises 3 tarifs en fonction de la taille de l\u2019entreprise et ce pour un personnel ayant acc\u00e8s [&hellip;]","og_url":"https:\/\/asso.unilim.fr\/fablab19\/2020\/01\/14\/appel-a-cotisation\/","og_site_name":"FABLAB19","article_published_time":"2020-01-14T15:43:05+00:00","article_modified_time":"2020-02-06T13:35:16+00:00","og_image":[{"width":550,"height":663,"url":"https:\/\/www.unilim.fr\/fablab19\/wp-content\/uploads\/sites\/8\/2019\/01\/AppelACotisation.png","type":"image\/png"}],"author":"valenp01","twitter_card":"summary_large_image","twitter_misc":{"\u00c9crit par":"valenp01","Dur\u00e9e de lecture estim\u00e9e":"1 minute"},"schema":{"@context":"https:\/\/schema.org","@graph":[{"@type":"WebPage","@id":"https:\/\/asso.unilim.fr\/fablab19\/2020\/01\/14\/appel-a-cotisation\/","url":"https:\/\/asso.unilim.fr\/fablab19\/2020\/01\/14\/appel-a-cotisation\/","name":"Appel \u00e0 cotisation 2020 - FABLAB19","isPartOf":{"@id":"https:\/\/asso.unilim.fr\/fablab19\/#website"},"primaryImageOfPage":{"@id":"https:\/\/asso.unilim.fr\/fablab19\/2020\/01\/14\/appel-a-cotisation\/#primaryimage"},"image":{"@id":"https:\/\/asso.unilim.fr\/fablab19\/2020\/01\/14\/appel-a-cotisation\/#primaryimage"},"thumbnailUrl":"https:\/\/www.unilim.fr\/fablab19\/wp-content\/uploads\/sites\/8\/2019\/01\/AppelACotisation.png","datePublished":"2020-01-14T15:43:05+00:00","dateModified":"2020-02-06T13:35:16+00:00","author":{"@id":"https:\/\/asso.unilim.fr\/fablab19\/#\/schema\/person\/285b5dc8147af72e68f54013e21ddbc6"},"breadcrumb":{"@id":"https:\/\/asso.unilim.fr\/fablab19\/2020\/01\/14\/appel-a-cotisation\/#breadcrumb"},"inLanguage":"fr-FR","potentialAction":[{"@type":"ReadAction","target":["https:\/\/asso.unilim.fr\/fablab19\/2020\/01\/14\/appel-a-cotisation\/"]}]},{"@type":"ImageObject","inLanguage":"fr-FR","@id":"https:\/\/asso.unilim.fr\/fablab19\/2020\/01\/14\/appel-a-cotisation\/#primaryimage","url":"https:\/\/www.unilim.fr\/fablab19\/wp-content\/uploads\/sites\/8\/2019\/01\/AppelACotisation.png","contentUrl":"https:\/\/www.unilim.fr\/fablab19\/wp-content\/uploads\/sites\/8\/2019\/01\/AppelACotisation.png","width":552,"height":621},{"@type":"BreadcrumbList","@id":"https:\/\/asso.unilim.fr\/fablab19\/2020\/01\/14\/appel-a-cotisation\/#breadcrumb","itemListElement":[{"@type":"ListItem","position":1,"name":"Accueil","item":"https:\/\/asso.unilim.fr\/fablab19\/"},{"@type":"ListItem","position":2,"name":"Appel \u00e0 cotisation 2020"}]},{"@type":"WebSite","@id":"https:\/\/asso.unilim.fr\/fablab19\/#website","url":"https:\/\/asso.unilim.fr\/fablab19\/","name":"FABLAB19","description":"Fablab19 source de r\u00e9ussites","potentialAction":[{"@type":"SearchAction","target":{"@type":"EntryPoint","urlTemplate":"https:\/\/asso.unilim.fr\/fablab19\/?s={search_term_string}"},"query-input":{"@type":"PropertyValueSpecification","valueRequired":true,"valueName":"search_term_string"}}],"inLanguage":"fr-FR"},{"@type":"Person","@id":"https:\/\/asso.unilim.fr\/fablab19\/#\/schema\/person\/285b5dc8147af72e68f54013e21ddbc6","name":"valenp01","image":{"@type":"ImageObject","inLanguage":"fr-FR","@id":"https:\/\/asso.unilim.fr\/fablab19\/#\/schema\/person\/image\/","url":"https:\/\/secure.gravatar.com\/avatar\/9e7182d28f47357b8913fffd8e16aae15eb5bf8338b259e4bb57baa39d563766?s=96&d=mm&r=g","contentUrl":"https:\/\/secure.gravatar.com\/avatar\/9e7182d28f47357b8913fffd8e16aae15eb5bf8338b259e4bb57baa39d563766?s=96&d=mm&r=g","caption":"valenp01"},"url":"https:\/\/asso.unilim.fr\/fablab19\/author\/valenp01\/"}]}},"_links":{"self":[{"href":"https:\/\/asso.unilim.fr\/fablab19\/wp-json\/wp\/v2\/posts\/283","targetHints":{"allow":["GET"]}}],"collection":[{"href":"https:\/\/asso.unilim.fr\/fablab19\/wp-json\/wp\/v2\/posts"}],"about":[{"href":"https:\/\/asso.unilim.fr\/fablab19\/wp-json\/wp\/v2\/types\/post"}],"author":[{"embeddable":true,"href":"https:\/\/asso.unilim.fr\/fablab19\/wp-json\/wp\/v2\/users\/89"}],"replies":[{"embeddable":true,"href":"https:\/\/asso.unilim.fr\/fablab19\/wp-json\/wp\/v2\/comments?post=283"}],"version-history":[{"count":0,"href":"https:\/\/asso.unilim.fr\/fablab19\/wp-json\/wp\/v2\/posts\/283\/revisions"}],"wp:featuredmedia":[{"embeddable":true,"href":"https:\/\/asso.unilim.fr\/fablab19\/wp-json\/wp\/v2\/media\/288"}],"wp:attachment":[{"href":"https:\/\/asso.unilim.fr\/fablab19\/wp-json\/wp\/v2\/media?parent=283"}],"wp:term":[{"taxonomy":"category","embeddable":true,"href":"https:\/\/asso.unilim.fr\/fablab19\/wp-json\/wp\/v2\/categories?post=283"},{"taxonomy":"post_tag","embeddable":true,"href":"https:\/\/asso.unilim.fr\/fablab19\/wp-json\/wp\/v2\/tags?post=283"}],"curies":[{"name":"wp","href":"https:\/\/api.w.org\/{rel}","templated":true}]}}