{"id":245,"date":"2018-11-26T08:59:27","date_gmt":"2018-11-26T07:59:27","guid":{"rendered":"http:\/\/asso.unilim.fr\/fablab19\/?p=245"},"modified":"2018-11-26T08:59:58","modified_gmt":"2018-11-26T07:59:58","slug":"intervention-du-fablab19-au-college-notre-dame-abrive","status":"publish","type":"post","link":"https:\/\/asso.unilim.fr\/fablab19\/2018\/11\/26\/intervention-du-fablab19-au-college-notre-dame-abrive\/","title":{"rendered":"Intervention du Fablab19 au coll\u00e8ge Notre Dame \u00e0 Brive"},"content":{"rendered":"<figure id=\"attachment_138\" aria-describedby=\"caption-attachment-138\" style=\"width: 118px\" class=\"wp-caption alignleft\"><img loading=\"lazy\" decoding=\"async\" class=\"wp-image-138\" src=\"https:\/\/www.unilim.fr\/fablab19\/wp-content\/uploads\/sites\/8\/2018\/10\/gravograph_ls100ex.jpg\" alt=\"\" width=\"118\" height=\"63\" srcset=\"https:\/\/www.unilim.fr\/fablab19\/wp-content\/uploads\/sites\/8\/2018\/10\/gravograph_ls100ex.jpg 315w, https:\/\/www.unilim.fr\/fablab19\/wp-content\/uploads\/sites\/8\/2018\/10\/gravograph_ls100ex-300x159.jpg 300w\" sizes=\"auto, (max-width: 118px) 100vw, 118px\" \/><figcaption id=\"caption-attachment-138\" class=\"wp-caption-text\">D\u00e9coupe laser C0\u00b2 &#8211; 35W &#8211; Table de 600x305mm<\/figcaption><\/figure>\n<p>le fablab19 est intervenu en tant qu&rsquo; \u00ab\u00a0expert \u00a0\u00bb dans cadre d&rsquo;un projet du coll\u00e8ge Notre Dame.<\/p>\n<p>Notre adh\u00e9rent expert \u00e0 pr\u00e9sent\u00e9 les outils du Fablab et des pistes de r\u00e9flexions dans le cadre du projet des \u00e9l\u00e8ves.\u00a0 Le projet consiste en la cr\u00e9ation d&rsquo;une mini entreprise et la r\u00e9alisation d&rsquo;un produit en 50 exemplaires. Bien entendu dans ce style de projet les moyens de productions doivent \u00eatre \u00e9tudi\u00e9s afin de pouvoir r\u00e9aliser dans le temps et le budget\u00a0 impartis. C&rsquo;est \u00e0 ce stade que l&rsquo;intervention du fablab et la pr\u00e9sentation de\u00a0 ses outils de production est pertinente.<\/p>\n<p>Une visite des locaux doit \u00eatre programm\u00e9e prochainement.<\/p>\n","protected":false},"excerpt":{"rendered":"<p>le fablab19 est intervenu en tant qu&rsquo; \u00ab\u00a0expert \u00a0\u00bb dans cadre d&rsquo;un projet du coll\u00e8ge Notre Dame. Notre adh\u00e9rent expert \u00e0 pr\u00e9sent\u00e9 les outils du Fablab et des pistes de r\u00e9flexions dans le cadre du projet des \u00e9l\u00e8ves.\u00a0 Le projet consiste en la cr\u00e9ation d&rsquo;une mini entreprise et la r\u00e9alisation d&rsquo;un produit en 50 exemplaires. [&hellip;]<\/p>\n","protected":false},"author":89,"featured_media":124,"comment_status":"open","ping_status":"open","sticky":false,"template":"","format":"standard","meta":{"footnotes":""},"categories":[1],"tags":[],"class_list":["post-245","post","type-post","status-publish","format-standard","has-post-thumbnail","hentry","category-actualite"],"yoast_head":"<!-- This site is optimized with the Yoast SEO plugin v26.3 - https:\/\/yoast.com\/wordpress\/plugins\/seo\/ -->\n<title>Intervention du Fablab19 au coll\u00e8ge Notre Dame \u00e0 Brive - FABLAB19<\/title>\n<meta name=\"robots\" content=\"index, follow, max-snippet:-1, max-image-preview:large, max-video-preview:-1\" \/>\n<link rel=\"canonical\" href=\"https:\/\/asso.unilim.fr\/fablab19\/2018\/11\/26\/intervention-du-fablab19-au-college-notre-dame-abrive\/\" \/>\n<meta property=\"og:locale\" content=\"fr_FR\" \/>\n<meta property=\"og:type\" content=\"article\" \/>\n<meta property=\"og:title\" content=\"Intervention du Fablab19 au coll\u00e8ge Notre Dame \u00e0 Brive - FABLAB19\" \/>\n<meta property=\"og:description\" content=\"le fablab19 est intervenu en tant qu&rsquo; \u00ab\u00a0expert \u00a0\u00bb dans cadre d&rsquo;un projet du coll\u00e8ge Notre Dame. Notre adh\u00e9rent expert \u00e0 pr\u00e9sent\u00e9 les outils du Fablab et des pistes de r\u00e9flexions dans le cadre du projet des \u00e9l\u00e8ves.\u00a0 Le projet consiste en la cr\u00e9ation d&rsquo;une mini entreprise et la r\u00e9alisation d&rsquo;un produit en 50 exemplaires. [&hellip;]\" \/>\n<meta property=\"og:url\" content=\"https:\/\/asso.unilim.fr\/fablab19\/2018\/11\/26\/intervention-du-fablab19-au-college-notre-dame-abrive\/\" \/>\n<meta property=\"og:site_name\" content=\"FABLAB19\" \/>\n<meta property=\"article:published_time\" content=\"2018-11-26T07:59:27+00:00\" \/>\n<meta property=\"article:modified_time\" content=\"2018-11-26T07:59:58+00:00\" \/>\n<meta property=\"og:image\" content=\"https:\/\/www.unilim.fr\/fablab19\/wp-content\/uploads\/sites\/8\/2018\/10\/CNC_20171123.jpg\" \/>\n\t<meta property=\"og:image:width\" content=\"4032\" \/>\n\t<meta property=\"og:image:height\" content=\"3024\" \/>\n\t<meta property=\"og:image:type\" content=\"image\/jpeg\" \/>\n<meta name=\"author\" content=\"valenp01\" \/>\n<meta name=\"twitter:card\" content=\"summary_large_image\" \/>\n<meta name=\"twitter:label1\" content=\"\u00c9crit par\" \/>\n\t<meta name=\"twitter:data1\" content=\"valenp01\" \/>\n\t<meta name=\"twitter:label2\" content=\"Dur\u00e9e de lecture estim\u00e9e\" \/>\n\t<meta name=\"twitter:data2\" content=\"1 minute\" \/>\n<script type=\"application\/ld+json\" class=\"yoast-schema-graph\">{\"@context\":\"https:\/\/schema.org\",\"@graph\":[{\"@type\":\"WebPage\",\"@id\":\"https:\/\/asso.unilim.fr\/fablab19\/2018\/11\/26\/intervention-du-fablab19-au-college-notre-dame-abrive\/\",\"url\":\"https:\/\/asso.unilim.fr\/fablab19\/2018\/11\/26\/intervention-du-fablab19-au-college-notre-dame-abrive\/\",\"name\":\"Intervention du Fablab19 au coll\u00e8ge Notre Dame \u00e0 Brive - FABLAB19\",\"isPartOf\":{\"@id\":\"https:\/\/asso.unilim.fr\/fablab19\/#website\"},\"primaryImageOfPage\":{\"@id\":\"https:\/\/asso.unilim.fr\/fablab19\/2018\/11\/26\/intervention-du-fablab19-au-college-notre-dame-abrive\/#primaryimage\"},\"image\":{\"@id\":\"https:\/\/asso.unilim.fr\/fablab19\/2018\/11\/26\/intervention-du-fablab19-au-college-notre-dame-abrive\/#primaryimage\"},\"thumbnailUrl\":\"https:\/\/www.unilim.fr\/fablab19\/wp-content\/uploads\/sites\/8\/2018\/10\/CNC_20171123.jpg\",\"datePublished\":\"2018-11-26T07:59:27+00:00\",\"dateModified\":\"2018-11-26T07:59:58+00:00\",\"author\":{\"@id\":\"https:\/\/asso.unilim.fr\/fablab19\/#\/schema\/person\/285b5dc8147af72e68f54013e21ddbc6\"},\"breadcrumb\":{\"@id\":\"https:\/\/asso.unilim.fr\/fablab19\/2018\/11\/26\/intervention-du-fablab19-au-college-notre-dame-abrive\/#breadcrumb\"},\"inLanguage\":\"fr-FR\",\"potentialAction\":[{\"@type\":\"ReadAction\",\"target\":[\"https:\/\/asso.unilim.fr\/fablab19\/2018\/11\/26\/intervention-du-fablab19-au-college-notre-dame-abrive\/\"]}]},{\"@type\":\"ImageObject\",\"inLanguage\":\"fr-FR\",\"@id\":\"https:\/\/asso.unilim.fr\/fablab19\/2018\/11\/26\/intervention-du-fablab19-au-college-notre-dame-abrive\/#primaryimage\",\"url\":\"https:\/\/www.unilim.fr\/fablab19\/wp-content\/uploads\/sites\/8\/2018\/10\/CNC_20171123.jpg\",\"contentUrl\":\"https:\/\/www.unilim.fr\/fablab19\/wp-content\/uploads\/sites\/8\/2018\/10\/CNC_20171123.jpg\",\"width\":4032,\"height\":3024},{\"@type\":\"BreadcrumbList\",\"@id\":\"https:\/\/asso.unilim.fr\/fablab19\/2018\/11\/26\/intervention-du-fablab19-au-college-notre-dame-abrive\/#breadcrumb\",\"itemListElement\":[{\"@type\":\"ListItem\",\"position\":1,\"name\":\"Accueil\",\"item\":\"https:\/\/asso.unilim.fr\/fablab19\/\"},{\"@type\":\"ListItem\",\"position\":2,\"name\":\"Intervention du Fablab19 au coll\u00e8ge Notre Dame \u00e0 Brive\"}]},{\"@type\":\"WebSite\",\"@id\":\"https:\/\/asso.unilim.fr\/fablab19\/#website\",\"url\":\"https:\/\/asso.unilim.fr\/fablab19\/\",\"name\":\"FABLAB19\",\"description\":\"Fablab19 source de r\u00e9ussites\",\"potentialAction\":[{\"@type\":\"SearchAction\",\"target\":{\"@type\":\"EntryPoint\",\"urlTemplate\":\"https:\/\/asso.unilim.fr\/fablab19\/?s={search_term_string}\"},\"query-input\":{\"@type\":\"PropertyValueSpecification\",\"valueRequired\":true,\"valueName\":\"search_term_string\"}}],\"inLanguage\":\"fr-FR\"},{\"@type\":\"Person\",\"@id\":\"https:\/\/asso.unilim.fr\/fablab19\/#\/schema\/person\/285b5dc8147af72e68f54013e21ddbc6\",\"name\":\"valenp01\",\"image\":{\"@type\":\"ImageObject\",\"inLanguage\":\"fr-FR\",\"@id\":\"https:\/\/asso.unilim.fr\/fablab19\/#\/schema\/person\/image\/\",\"url\":\"https:\/\/secure.gravatar.com\/avatar\/9e7182d28f47357b8913fffd8e16aae15eb5bf8338b259e4bb57baa39d563766?s=96&d=mm&r=g\",\"contentUrl\":\"https:\/\/secure.gravatar.com\/avatar\/9e7182d28f47357b8913fffd8e16aae15eb5bf8338b259e4bb57baa39d563766?s=96&d=mm&r=g\",\"caption\":\"valenp01\"},\"url\":\"https:\/\/asso.unilim.fr\/fablab19\/author\/valenp01\/\"}]}<\/script>\n<!-- \/ Yoast SEO plugin. -->","yoast_head_json":{"title":"Intervention du Fablab19 au coll\u00e8ge Notre Dame \u00e0 Brive - FABLAB19","robots":{"index":"index","follow":"follow","max-snippet":"max-snippet:-1","max-image-preview":"max-image-preview:large","max-video-preview":"max-video-preview:-1"},"canonical":"https:\/\/asso.unilim.fr\/fablab19\/2018\/11\/26\/intervention-du-fablab19-au-college-notre-dame-abrive\/","og_locale":"fr_FR","og_type":"article","og_title":"Intervention du Fablab19 au coll\u00e8ge Notre Dame \u00e0 Brive - FABLAB19","og_description":"le fablab19 est intervenu en tant qu&rsquo; \u00ab\u00a0expert \u00a0\u00bb dans cadre d&rsquo;un projet du coll\u00e8ge Notre Dame. Notre adh\u00e9rent expert \u00e0 pr\u00e9sent\u00e9 les outils du Fablab et des pistes de r\u00e9flexions dans le cadre du projet des \u00e9l\u00e8ves.\u00a0 Le projet consiste en la cr\u00e9ation d&rsquo;une mini entreprise et la r\u00e9alisation d&rsquo;un produit en 50 exemplaires. [&hellip;]","og_url":"https:\/\/asso.unilim.fr\/fablab19\/2018\/11\/26\/intervention-du-fablab19-au-college-notre-dame-abrive\/","og_site_name":"FABLAB19","article_published_time":"2018-11-26T07:59:27+00:00","article_modified_time":"2018-11-26T07:59:58+00:00","og_image":[{"width":4032,"height":3024,"url":"https:\/\/www.unilim.fr\/fablab19\/wp-content\/uploads\/sites\/8\/2018\/10\/CNC_20171123.jpg","type":"image\/jpeg"}],"author":"valenp01","twitter_card":"summary_large_image","twitter_misc":{"\u00c9crit par":"valenp01","Dur\u00e9e de lecture estim\u00e9e":"1 minute"},"schema":{"@context":"https:\/\/schema.org","@graph":[{"@type":"WebPage","@id":"https:\/\/asso.unilim.fr\/fablab19\/2018\/11\/26\/intervention-du-fablab19-au-college-notre-dame-abrive\/","url":"https:\/\/asso.unilim.fr\/fablab19\/2018\/11\/26\/intervention-du-fablab19-au-college-notre-dame-abrive\/","name":"Intervention du Fablab19 au coll\u00e8ge Notre Dame \u00e0 Brive - FABLAB19","isPartOf":{"@id":"https:\/\/asso.unilim.fr\/fablab19\/#website"},"primaryImageOfPage":{"@id":"https:\/\/asso.unilim.fr\/fablab19\/2018\/11\/26\/intervention-du-fablab19-au-college-notre-dame-abrive\/#primaryimage"},"image":{"@id":"https:\/\/asso.unilim.fr\/fablab19\/2018\/11\/26\/intervention-du-fablab19-au-college-notre-dame-abrive\/#primaryimage"},"thumbnailUrl":"https:\/\/www.unilim.fr\/fablab19\/wp-content\/uploads\/sites\/8\/2018\/10\/CNC_20171123.jpg","datePublished":"2018-11-26T07:59:27+00:00","dateModified":"2018-11-26T07:59:58+00:00","author":{"@id":"https:\/\/asso.unilim.fr\/fablab19\/#\/schema\/person\/285b5dc8147af72e68f54013e21ddbc6"},"breadcrumb":{"@id":"https:\/\/asso.unilim.fr\/fablab19\/2018\/11\/26\/intervention-du-fablab19-au-college-notre-dame-abrive\/#breadcrumb"},"inLanguage":"fr-FR","potentialAction":[{"@type":"ReadAction","target":["https:\/\/asso.unilim.fr\/fablab19\/2018\/11\/26\/intervention-du-fablab19-au-college-notre-dame-abrive\/"]}]},{"@type":"ImageObject","inLanguage":"fr-FR","@id":"https:\/\/asso.unilim.fr\/fablab19\/2018\/11\/26\/intervention-du-fablab19-au-college-notre-dame-abrive\/#primaryimage","url":"https:\/\/www.unilim.fr\/fablab19\/wp-content\/uploads\/sites\/8\/2018\/10\/CNC_20171123.jpg","contentUrl":"https:\/\/www.unilim.fr\/fablab19\/wp-content\/uploads\/sites\/8\/2018\/10\/CNC_20171123.jpg","width":4032,"height":3024},{"@type":"BreadcrumbList","@id":"https:\/\/asso.unilim.fr\/fablab19\/2018\/11\/26\/intervention-du-fablab19-au-college-notre-dame-abrive\/#breadcrumb","itemListElement":[{"@type":"ListItem","position":1,"name":"Accueil","item":"https:\/\/asso.unilim.fr\/fablab19\/"},{"@type":"ListItem","position":2,"name":"Intervention du Fablab19 au coll\u00e8ge Notre Dame \u00e0 Brive"}]},{"@type":"WebSite","@id":"https:\/\/asso.unilim.fr\/fablab19\/#website","url":"https:\/\/asso.unilim.fr\/fablab19\/","name":"FABLAB19","description":"Fablab19 source de r\u00e9ussites","potentialAction":[{"@type":"SearchAction","target":{"@type":"EntryPoint","urlTemplate":"https:\/\/asso.unilim.fr\/fablab19\/?s={search_term_string}"},"query-input":{"@type":"PropertyValueSpecification","valueRequired":true,"valueName":"search_term_string"}}],"inLanguage":"fr-FR"},{"@type":"Person","@id":"https:\/\/asso.unilim.fr\/fablab19\/#\/schema\/person\/285b5dc8147af72e68f54013e21ddbc6","name":"valenp01","image":{"@type":"ImageObject","inLanguage":"fr-FR","@id":"https:\/\/asso.unilim.fr\/fablab19\/#\/schema\/person\/image\/","url":"https:\/\/secure.gravatar.com\/avatar\/9e7182d28f47357b8913fffd8e16aae15eb5bf8338b259e4bb57baa39d563766?s=96&d=mm&r=g","contentUrl":"https:\/\/secure.gravatar.com\/avatar\/9e7182d28f47357b8913fffd8e16aae15eb5bf8338b259e4bb57baa39d563766?s=96&d=mm&r=g","caption":"valenp01"},"url":"https:\/\/asso.unilim.fr\/fablab19\/author\/valenp01\/"}]}},"_links":{"self":[{"href":"https:\/\/asso.unilim.fr\/fablab19\/wp-json\/wp\/v2\/posts\/245","targetHints":{"allow":["GET"]}}],"collection":[{"href":"https:\/\/asso.unilim.fr\/fablab19\/wp-json\/wp\/v2\/posts"}],"about":[{"href":"https:\/\/asso.unilim.fr\/fablab19\/wp-json\/wp\/v2\/types\/post"}],"author":[{"embeddable":true,"href":"https:\/\/asso.unilim.fr\/fablab19\/wp-json\/wp\/v2\/users\/89"}],"replies":[{"embeddable":true,"href":"https:\/\/asso.unilim.fr\/fablab19\/wp-json\/wp\/v2\/comments?post=245"}],"version-history":[{"count":0,"href":"https:\/\/asso.unilim.fr\/fablab19\/wp-json\/wp\/v2\/posts\/245\/revisions"}],"wp:featuredmedia":[{"embeddable":true,"href":"https:\/\/asso.unilim.fr\/fablab19\/wp-json\/wp\/v2\/media\/124"}],"wp:attachment":[{"href":"https:\/\/asso.unilim.fr\/fablab19\/wp-json\/wp\/v2\/media?parent=245"}],"wp:term":[{"taxonomy":"category","embeddable":true,"href":"https:\/\/asso.unilim.fr\/fablab19\/wp-json\/wp\/v2\/categories?post=245"},{"taxonomy":"post_tag","embeddable":true,"href":"https:\/\/asso.unilim.fr\/fablab19\/wp-json\/wp\/v2\/tags?post=245"}],"curies":[{"name":"wp","href":"https:\/\/api.w.org\/{rel}","templated":true}]}}