{"id":1064,"date":"2024-03-08T15:13:12","date_gmt":"2024-03-08T14:13:12","guid":{"rendered":"https:\/\/asso.unilim.fr\/fablab19\/?p=1064"},"modified":"2024-03-08T15:13:12","modified_gmt":"2024-03-08T14:13:12","slug":"nouveau-creneau-douverture-les-samedis","status":"publish","type":"post","link":"https:\/\/asso.unilim.fr\/fablab19\/2024\/03\/08\/nouveau-creneau-douverture-les-samedis\/","title":{"rendered":"Nouveau cr\u00e9neau d&rsquo;ouverture les Samedis"},"content":{"rendered":"<p><img loading=\"lazy\" decoding=\"async\" class=\"alignnone size-medium wp-image-1014\" src=\"https:\/\/www.unilim.fr\/fablab19\/wp-content\/uploads\/sites\/8\/2024\/01\/AG_2024-300x166.png\" alt=\"\" width=\"300\" height=\"166\" srcset=\"https:\/\/www.unilim.fr\/fablab19\/wp-content\/uploads\/sites\/8\/2024\/01\/AG_2024-300x166.png 300w, https:\/\/www.unilim.fr\/fablab19\/wp-content\/uploads\/sites\/8\/2024\/01\/AG_2024-1024x565.png 1024w, https:\/\/www.unilim.fr\/fablab19\/wp-content\/uploads\/sites\/8\/2024\/01\/AG_2024-768x424.png 768w, https:\/\/www.unilim.fr\/fablab19\/wp-content\/uploads\/sites\/8\/2024\/01\/AG_2024.png 1346w\" sizes=\"auto, (max-width: 300px) 100vw, 300px\" \/><\/p>\n<p>Le fablab19 s&rsquo;installe dans ses nouveaux locaux avec de nouvelles activit\u00e9s et p\u00e9riodes d&rsquo;ouvertures. En compl\u00e9ment des mardi et jeudi apr\u00e8s midi,\u00a0 un nouveau cr\u00e9neau d&rsquo;ouverture du Fablab19 les samedis \u00e0 partir de 16h.<\/p>\n<p>Si vous souhaitez\u00a0 venir le Samedi merci d&rsquo;informer les responsables du cr\u00e9neau en utilisant le <a href=\"https:\/\/www.unilim.fr\/fablab19\/nous-contacter-2\/\">formulaire de contact<\/a> en mettant en <strong>OBJET :<\/strong> \u00ab\u00a0<em>Fablab19 &#8211; Ouverture du Samedi ?<\/em>\u00a0\u00bb<\/p>\n<p>&nbsp;<\/p>\n","protected":false},"excerpt":{"rendered":"<p>Le fablab19 s&rsquo;installe dans ses nouveaux locaux avec de nouvelles activit\u00e9s et p\u00e9riodes d&rsquo;ouvertures. En compl\u00e9ment des mardi et jeudi apr\u00e8s midi,\u00a0 un nouveau cr\u00e9neau d&rsquo;ouverture du Fablab19 les samedis \u00e0 partir de 16h. Si vous souhaitez\u00a0 venir le Samedi merci d&rsquo;informer les responsables du cr\u00e9neau en utilisant le formulaire de contact en mettant en [&hellip;]<\/p>\n","protected":false},"author":89,"featured_media":948,"comment_status":"closed","ping_status":"closed","sticky":false,"template":"","format":"standard","meta":{"footnotes":""},"categories":[1,27,28,26],"tags":[],"class_list":["post-1064","post","type-post","status-publish","format-standard","has-post-thumbnail","hentry","category-actualite","category-decoupe-laser","category-equipements","category-faqs"],"yoast_head":"<!-- This site is optimized with the Yoast SEO plugin v26.3 - https:\/\/yoast.com\/wordpress\/plugins\/seo\/ -->\n<title>Nouveau cr\u00e9neau d&#039;ouverture les Samedis - FABLAB19<\/title>\n<meta name=\"robots\" content=\"index, follow, max-snippet:-1, max-image-preview:large, max-video-preview:-1\" \/>\n<link rel=\"canonical\" href=\"https:\/\/asso.unilim.fr\/fablab19\/2024\/03\/08\/nouveau-creneau-douverture-les-samedis\/\" \/>\n<meta property=\"og:locale\" content=\"fr_FR\" \/>\n<meta property=\"og:type\" content=\"article\" \/>\n<meta property=\"og:title\" content=\"Nouveau cr\u00e9neau d&#039;ouverture les Samedis - FABLAB19\" \/>\n<meta property=\"og:description\" content=\"Le fablab19 s&rsquo;installe dans ses nouveaux locaux avec de nouvelles activit\u00e9s et p\u00e9riodes d&rsquo;ouvertures. En compl\u00e9ment des mardi et jeudi apr\u00e8s midi,\u00a0 un nouveau cr\u00e9neau d&rsquo;ouverture du Fablab19 les samedis \u00e0 partir de 16h. Si vous souhaitez\u00a0 venir le Samedi merci d&rsquo;informer les responsables du cr\u00e9neau en utilisant le formulaire de contact en mettant en [&hellip;]\" \/>\n<meta property=\"og:url\" content=\"https:\/\/asso.unilim.fr\/fablab19\/2024\/03\/08\/nouveau-creneau-douverture-les-samedis\/\" \/>\n<meta property=\"og:site_name\" content=\"FABLAB19\" \/>\n<meta property=\"article:published_time\" content=\"2024-03-08T14:13:12+00:00\" \/>\n<meta property=\"og:image\" content=\"https:\/\/www.unilim.fr\/fablab19\/wp-content\/uploads\/sites\/8\/2023\/05\/Bat-fab_ancien.jpg\" \/>\n\t<meta property=\"og:image:width\" content=\"716\" \/>\n\t<meta property=\"og:image:height\" content=\"403\" \/>\n\t<meta property=\"og:image:type\" content=\"image\/jpeg\" \/>\n<meta name=\"author\" content=\"valenp01\" \/>\n<meta name=\"twitter:card\" content=\"summary_large_image\" \/>\n<meta name=\"twitter:label1\" content=\"\u00c9crit par\" \/>\n\t<meta name=\"twitter:data1\" content=\"valenp01\" \/>\n\t<meta name=\"twitter:label2\" content=\"Dur\u00e9e de lecture estim\u00e9e\" \/>\n\t<meta name=\"twitter:data2\" content=\"1 minute\" \/>\n<script type=\"application\/ld+json\" class=\"yoast-schema-graph\">{\"@context\":\"https:\/\/schema.org\",\"@graph\":[{\"@type\":\"WebPage\",\"@id\":\"https:\/\/asso.unilim.fr\/fablab19\/2024\/03\/08\/nouveau-creneau-douverture-les-samedis\/\",\"url\":\"https:\/\/asso.unilim.fr\/fablab19\/2024\/03\/08\/nouveau-creneau-douverture-les-samedis\/\",\"name\":\"Nouveau cr\u00e9neau d'ouverture les Samedis - FABLAB19\",\"isPartOf\":{\"@id\":\"https:\/\/asso.unilim.fr\/fablab19\/#website\"},\"primaryImageOfPage\":{\"@id\":\"https:\/\/asso.unilim.fr\/fablab19\/2024\/03\/08\/nouveau-creneau-douverture-les-samedis\/#primaryimage\"},\"image\":{\"@id\":\"https:\/\/asso.unilim.fr\/fablab19\/2024\/03\/08\/nouveau-creneau-douverture-les-samedis\/#primaryimage\"},\"thumbnailUrl\":\"https:\/\/www.unilim.fr\/fablab19\/wp-content\/uploads\/sites\/8\/2023\/05\/Bat-fab_ancien.jpg\",\"datePublished\":\"2024-03-08T14:13:12+00:00\",\"author\":{\"@id\":\"https:\/\/asso.unilim.fr\/fablab19\/#\/schema\/person\/285b5dc8147af72e68f54013e21ddbc6\"},\"breadcrumb\":{\"@id\":\"https:\/\/asso.unilim.fr\/fablab19\/2024\/03\/08\/nouveau-creneau-douverture-les-samedis\/#breadcrumb\"},\"inLanguage\":\"fr-FR\",\"potentialAction\":[{\"@type\":\"ReadAction\",\"target\":[\"https:\/\/asso.unilim.fr\/fablab19\/2024\/03\/08\/nouveau-creneau-douverture-les-samedis\/\"]}]},{\"@type\":\"ImageObject\",\"inLanguage\":\"fr-FR\",\"@id\":\"https:\/\/asso.unilim.fr\/fablab19\/2024\/03\/08\/nouveau-creneau-douverture-les-samedis\/#primaryimage\",\"url\":\"https:\/\/www.unilim.fr\/fablab19\/wp-content\/uploads\/sites\/8\/2023\/05\/Bat-fab_ancien.jpg\",\"contentUrl\":\"https:\/\/www.unilim.fr\/fablab19\/wp-content\/uploads\/sites\/8\/2023\/05\/Bat-fab_ancien.jpg\",\"width\":716,\"height\":403},{\"@type\":\"BreadcrumbList\",\"@id\":\"https:\/\/asso.unilim.fr\/fablab19\/2024\/03\/08\/nouveau-creneau-douverture-les-samedis\/#breadcrumb\",\"itemListElement\":[{\"@type\":\"ListItem\",\"position\":1,\"name\":\"Accueil\",\"item\":\"https:\/\/asso.unilim.fr\/fablab19\/\"},{\"@type\":\"ListItem\",\"position\":2,\"name\":\"Nouveau cr\u00e9neau d&rsquo;ouverture les Samedis\"}]},{\"@type\":\"WebSite\",\"@id\":\"https:\/\/asso.unilim.fr\/fablab19\/#website\",\"url\":\"https:\/\/asso.unilim.fr\/fablab19\/\",\"name\":\"FABLAB19\",\"description\":\"Fablab19 source de r\u00e9ussites\",\"potentialAction\":[{\"@type\":\"SearchAction\",\"target\":{\"@type\":\"EntryPoint\",\"urlTemplate\":\"https:\/\/asso.unilim.fr\/fablab19\/?s={search_term_string}\"},\"query-input\":{\"@type\":\"PropertyValueSpecification\",\"valueRequired\":true,\"valueName\":\"search_term_string\"}}],\"inLanguage\":\"fr-FR\"},{\"@type\":\"Person\",\"@id\":\"https:\/\/asso.unilim.fr\/fablab19\/#\/schema\/person\/285b5dc8147af72e68f54013e21ddbc6\",\"name\":\"valenp01\",\"image\":{\"@type\":\"ImageObject\",\"inLanguage\":\"fr-FR\",\"@id\":\"https:\/\/asso.unilim.fr\/fablab19\/#\/schema\/person\/image\/\",\"url\":\"https:\/\/secure.gravatar.com\/avatar\/9e7182d28f47357b8913fffd8e16aae15eb5bf8338b259e4bb57baa39d563766?s=96&d=mm&r=g\",\"contentUrl\":\"https:\/\/secure.gravatar.com\/avatar\/9e7182d28f47357b8913fffd8e16aae15eb5bf8338b259e4bb57baa39d563766?s=96&d=mm&r=g\",\"caption\":\"valenp01\"},\"url\":\"https:\/\/asso.unilim.fr\/fablab19\/author\/valenp01\/\"}]}<\/script>\n<!-- \/ Yoast SEO plugin. -->","yoast_head_json":{"title":"Nouveau cr\u00e9neau d'ouverture les Samedis - FABLAB19","robots":{"index":"index","follow":"follow","max-snippet":"max-snippet:-1","max-image-preview":"max-image-preview:large","max-video-preview":"max-video-preview:-1"},"canonical":"https:\/\/asso.unilim.fr\/fablab19\/2024\/03\/08\/nouveau-creneau-douverture-les-samedis\/","og_locale":"fr_FR","og_type":"article","og_title":"Nouveau cr\u00e9neau d'ouverture les Samedis - FABLAB19","og_description":"Le fablab19 s&rsquo;installe dans ses nouveaux locaux avec de nouvelles activit\u00e9s et p\u00e9riodes d&rsquo;ouvertures. En compl\u00e9ment des mardi et jeudi apr\u00e8s midi,\u00a0 un nouveau cr\u00e9neau d&rsquo;ouverture du Fablab19 les samedis \u00e0 partir de 16h. Si vous souhaitez\u00a0 venir le Samedi merci d&rsquo;informer les responsables du cr\u00e9neau en utilisant le formulaire de contact en mettant en [&hellip;]","og_url":"https:\/\/asso.unilim.fr\/fablab19\/2024\/03\/08\/nouveau-creneau-douverture-les-samedis\/","og_site_name":"FABLAB19","article_published_time":"2024-03-08T14:13:12+00:00","og_image":[{"width":716,"height":403,"url":"https:\/\/www.unilim.fr\/fablab19\/wp-content\/uploads\/sites\/8\/2023\/05\/Bat-fab_ancien.jpg","type":"image\/jpeg"}],"author":"valenp01","twitter_card":"summary_large_image","twitter_misc":{"\u00c9crit par":"valenp01","Dur\u00e9e de lecture estim\u00e9e":"1 minute"},"schema":{"@context":"https:\/\/schema.org","@graph":[{"@type":"WebPage","@id":"https:\/\/asso.unilim.fr\/fablab19\/2024\/03\/08\/nouveau-creneau-douverture-les-samedis\/","url":"https:\/\/asso.unilim.fr\/fablab19\/2024\/03\/08\/nouveau-creneau-douverture-les-samedis\/","name":"Nouveau cr\u00e9neau d'ouverture les Samedis - FABLAB19","isPartOf":{"@id":"https:\/\/asso.unilim.fr\/fablab19\/#website"},"primaryImageOfPage":{"@id":"https:\/\/asso.unilim.fr\/fablab19\/2024\/03\/08\/nouveau-creneau-douverture-les-samedis\/#primaryimage"},"image":{"@id":"https:\/\/asso.unilim.fr\/fablab19\/2024\/03\/08\/nouveau-creneau-douverture-les-samedis\/#primaryimage"},"thumbnailUrl":"https:\/\/www.unilim.fr\/fablab19\/wp-content\/uploads\/sites\/8\/2023\/05\/Bat-fab_ancien.jpg","datePublished":"2024-03-08T14:13:12+00:00","author":{"@id":"https:\/\/asso.unilim.fr\/fablab19\/#\/schema\/person\/285b5dc8147af72e68f54013e21ddbc6"},"breadcrumb":{"@id":"https:\/\/asso.unilim.fr\/fablab19\/2024\/03\/08\/nouveau-creneau-douverture-les-samedis\/#breadcrumb"},"inLanguage":"fr-FR","potentialAction":[{"@type":"ReadAction","target":["https:\/\/asso.unilim.fr\/fablab19\/2024\/03\/08\/nouveau-creneau-douverture-les-samedis\/"]}]},{"@type":"ImageObject","inLanguage":"fr-FR","@id":"https:\/\/asso.unilim.fr\/fablab19\/2024\/03\/08\/nouveau-creneau-douverture-les-samedis\/#primaryimage","url":"https:\/\/www.unilim.fr\/fablab19\/wp-content\/uploads\/sites\/8\/2023\/05\/Bat-fab_ancien.jpg","contentUrl":"https:\/\/www.unilim.fr\/fablab19\/wp-content\/uploads\/sites\/8\/2023\/05\/Bat-fab_ancien.jpg","width":716,"height":403},{"@type":"BreadcrumbList","@id":"https:\/\/asso.unilim.fr\/fablab19\/2024\/03\/08\/nouveau-creneau-douverture-les-samedis\/#breadcrumb","itemListElement":[{"@type":"ListItem","position":1,"name":"Accueil","item":"https:\/\/asso.unilim.fr\/fablab19\/"},{"@type":"ListItem","position":2,"name":"Nouveau cr\u00e9neau d&rsquo;ouverture les Samedis"}]},{"@type":"WebSite","@id":"https:\/\/asso.unilim.fr\/fablab19\/#website","url":"https:\/\/asso.unilim.fr\/fablab19\/","name":"FABLAB19","description":"Fablab19 source de r\u00e9ussites","potentialAction":[{"@type":"SearchAction","target":{"@type":"EntryPoint","urlTemplate":"https:\/\/asso.unilim.fr\/fablab19\/?s={search_term_string}"},"query-input":{"@type":"PropertyValueSpecification","valueRequired":true,"valueName":"search_term_string"}}],"inLanguage":"fr-FR"},{"@type":"Person","@id":"https:\/\/asso.unilim.fr\/fablab19\/#\/schema\/person\/285b5dc8147af72e68f54013e21ddbc6","name":"valenp01","image":{"@type":"ImageObject","inLanguage":"fr-FR","@id":"https:\/\/asso.unilim.fr\/fablab19\/#\/schema\/person\/image\/","url":"https:\/\/secure.gravatar.com\/avatar\/9e7182d28f47357b8913fffd8e16aae15eb5bf8338b259e4bb57baa39d563766?s=96&d=mm&r=g","contentUrl":"https:\/\/secure.gravatar.com\/avatar\/9e7182d28f47357b8913fffd8e16aae15eb5bf8338b259e4bb57baa39d563766?s=96&d=mm&r=g","caption":"valenp01"},"url":"https:\/\/asso.unilim.fr\/fablab19\/author\/valenp01\/"}]}},"_links":{"self":[{"href":"https:\/\/asso.unilim.fr\/fablab19\/wp-json\/wp\/v2\/posts\/1064","targetHints":{"allow":["GET"]}}],"collection":[{"href":"https:\/\/asso.unilim.fr\/fablab19\/wp-json\/wp\/v2\/posts"}],"about":[{"href":"https:\/\/asso.unilim.fr\/fablab19\/wp-json\/wp\/v2\/types\/post"}],"author":[{"embeddable":true,"href":"https:\/\/asso.unilim.fr\/fablab19\/wp-json\/wp\/v2\/users\/89"}],"replies":[{"embeddable":true,"href":"https:\/\/asso.unilim.fr\/fablab19\/wp-json\/wp\/v2\/comments?post=1064"}],"version-history":[{"count":0,"href":"https:\/\/asso.unilim.fr\/fablab19\/wp-json\/wp\/v2\/posts\/1064\/revisions"}],"wp:featuredmedia":[{"embeddable":true,"href":"https:\/\/asso.unilim.fr\/fablab19\/wp-json\/wp\/v2\/media\/948"}],"wp:attachment":[{"href":"https:\/\/asso.unilim.fr\/fablab19\/wp-json\/wp\/v2\/media?parent=1064"}],"wp:term":[{"taxonomy":"category","embeddable":true,"href":"https:\/\/asso.unilim.fr\/fablab19\/wp-json\/wp\/v2\/categories?post=1064"},{"taxonomy":"post_tag","embeddable":true,"href":"https:\/\/asso.unilim.fr\/fablab19\/wp-json\/wp\/v2\/tags?post=1064"}],"curies":[{"name":"wp","href":"https:\/\/api.w.org\/{rel}","templated":true}]}}