{"id":1013,"date":"2024-01-26T10:11:50","date_gmt":"2024-01-26T09:11:50","guid":{"rendered":"https:\/\/asso.unilim.fr\/fablab19\/?p=1013"},"modified":"2024-01-29T09:47:58","modified_gmt":"2024-01-29T08:47:58","slug":"assemblee-generale-du-fablab19","status":"publish","type":"post","link":"https:\/\/asso.unilim.fr\/fablab19\/2024\/01\/26\/assemblee-generale-du-fablab19\/","title":{"rendered":"Assembl\u00e9e G\u00e9n\u00e9rale du Fablab19"},"content":{"rendered":"<p><img loading=\"lazy\" decoding=\"async\" class=\" wp-image-1006 alignleft\" src=\"https:\/\/www.unilim.fr\/fablab19\/wp-content\/uploads\/sites\/8\/2024\/01\/Decoupe_fil_chaud-300x172.png\" alt=\"\" width=\"385\" height=\"221\" srcset=\"https:\/\/www.unilim.fr\/fablab19\/wp-content\/uploads\/sites\/8\/2024\/01\/Decoupe_fil_chaud-300x172.png 300w, https:\/\/www.unilim.fr\/fablab19\/wp-content\/uploads\/sites\/8\/2024\/01\/Decoupe_fil_chaud-1024x586.png 1024w, https:\/\/www.unilim.fr\/fablab19\/wp-content\/uploads\/sites\/8\/2024\/01\/Decoupe_fil_chaud-768x440.png 768w, https:\/\/www.unilim.fr\/fablab19\/wp-content\/uploads\/sites\/8\/2024\/01\/Decoupe_fil_chaud.png 1415w\" sizes=\"auto, (max-width: 385px) 100vw, 385px\" \/>Hier soir 25 janvier 2024 s&rsquo;est d\u00e9roul\u00e9e l&rsquo;assembl\u00e9e g\u00e9n\u00e9rale du Fablab19 en pr\u00e9sence d&rsquo;une vingtaine d&rsquo;adh\u00e9rents.<\/p>\n<p>La premi\u00e8re assembl\u00e9e dans les\u00a0 nouveaux locaux\u00a0 de 200m\u00b2 de l&rsquo;association mis \u00e0 disposition par l&rsquo;Universit\u00e9 de Limoges. Ce fut l&rsquo;occasion de pr\u00e9senter le nouvel \u00e9quipement du Fablab19 mis \u00e0 disposition par le club d&rsquo;a\u00e9romod\u00e9lisme. Une machine\u00a0 de d\u00e9coupe \u00e0 fil chaud pilot\u00e9e par ordinateur \u00a0 permettant de travailler des blocs de 1 m x 1m x\u00a0 0,5 m.\u00a0 de diff\u00e9rents mat\u00e9riaux comme\u00a0\u00a0 du\u00a0<strong> polystyr\u00e8ne\u00a0 ou\u00a0 des mousses\u00a0 .. <a href=\"https:\/\/www.unilim.fr\/fablab19\/equipements\/decoupe-a-fil-chaud\/\">(voir fiche \u00e9quipement)<\/a><br \/>\n<\/strong><\/p>\n<p>&nbsp;<\/p>\n<p>&nbsp;<\/p>\n<p>&nbsp;<\/p>\n<p><img loading=\"lazy\" decoding=\"async\" class=\"alignnone wp-image-1007\" src=\"https:\/\/www.unilim.fr\/fablab19\/wp-content\/uploads\/sites\/8\/2024\/01\/Fil_chaud1-300x132.png\" alt=\"\" width=\"650\" height=\"286\" srcset=\"https:\/\/www.unilim.fr\/fablab19\/wp-content\/uploads\/sites\/8\/2024\/01\/Fil_chaud1-300x132.png 300w, https:\/\/www.unilim.fr\/fablab19\/wp-content\/uploads\/sites\/8\/2024\/01\/Fil_chaud1-1024x452.png 1024w, https:\/\/www.unilim.fr\/fablab19\/wp-content\/uploads\/sites\/8\/2024\/01\/Fil_chaud1-768x339.png 768w, https:\/\/www.unilim.fr\/fablab19\/wp-content\/uploads\/sites\/8\/2024\/01\/Fil_chaud1.png 1136w\" sizes=\"auto, (max-width: 650px) 100vw, 650px\" \/><\/p>\n","protected":false},"excerpt":{"rendered":"<p>Hier soir 25 janvier 2024 s&rsquo;est d\u00e9roul\u00e9e l&rsquo;assembl\u00e9e g\u00e9n\u00e9rale du Fablab19 en pr\u00e9sence d&rsquo;une vingtaine d&rsquo;adh\u00e9rents. La premi\u00e8re assembl\u00e9e dans les\u00a0 nouveaux locaux\u00a0 de 200m\u00b2 de l&rsquo;association mis \u00e0 disposition par l&rsquo;Universit\u00e9 de Limoges. Ce fut l&rsquo;occasion de pr\u00e9senter le nouvel \u00e9quipement du Fablab19 mis \u00e0 disposition par le club d&rsquo;a\u00e9romod\u00e9lisme. Une machine\u00a0 de d\u00e9coupe [&hellip;]<\/p>\n","protected":false},"author":89,"featured_media":1014,"comment_status":"open","ping_status":"open","sticky":false,"template":"","format":"standard","meta":{"footnotes":""},"categories":[1,10],"tags":[],"class_list":["post-1013","post","type-post","status-publish","format-standard","has-post-thumbnail","hentry","category-actualite","category-presse"],"yoast_head":"<!-- This site is optimized with the Yoast SEO plugin v26.3 - https:\/\/yoast.com\/wordpress\/plugins\/seo\/ -->\n<title>Assembl\u00e9e G\u00e9n\u00e9rale du Fablab19 - FABLAB19<\/title>\n<meta name=\"robots\" content=\"index, follow, max-snippet:-1, max-image-preview:large, max-video-preview:-1\" \/>\n<link rel=\"canonical\" href=\"https:\/\/asso.unilim.fr\/fablab19\/2024\/01\/26\/assemblee-generale-du-fablab19\/\" \/>\n<meta property=\"og:locale\" content=\"fr_FR\" \/>\n<meta property=\"og:type\" content=\"article\" \/>\n<meta property=\"og:title\" content=\"Assembl\u00e9e G\u00e9n\u00e9rale du Fablab19 - FABLAB19\" \/>\n<meta property=\"og:description\" content=\"Hier soir 25 janvier 2024 s&rsquo;est d\u00e9roul\u00e9e l&rsquo;assembl\u00e9e g\u00e9n\u00e9rale du Fablab19 en pr\u00e9sence d&rsquo;une vingtaine d&rsquo;adh\u00e9rents. La premi\u00e8re assembl\u00e9e dans les\u00a0 nouveaux locaux\u00a0 de 200m\u00b2 de l&rsquo;association mis \u00e0 disposition par l&rsquo;Universit\u00e9 de Limoges. Ce fut l&rsquo;occasion de pr\u00e9senter le nouvel \u00e9quipement du Fablab19 mis \u00e0 disposition par le club d&rsquo;a\u00e9romod\u00e9lisme. Une machine\u00a0 de d\u00e9coupe [&hellip;]\" \/>\n<meta property=\"og:url\" content=\"https:\/\/asso.unilim.fr\/fablab19\/2024\/01\/26\/assemblee-generale-du-fablab19\/\" \/>\n<meta property=\"og:site_name\" content=\"FABLAB19\" \/>\n<meta property=\"article:published_time\" content=\"2024-01-26T09:11:50+00:00\" \/>\n<meta property=\"article:modified_time\" content=\"2024-01-29T08:47:58+00:00\" \/>\n<meta property=\"og:image\" content=\"https:\/\/www.unilim.fr\/fablab19\/wp-content\/uploads\/sites\/8\/2024\/01\/AG_2024.png\" \/>\n\t<meta property=\"og:image:width\" content=\"1346\" \/>\n\t<meta property=\"og:image:height\" content=\"743\" \/>\n\t<meta property=\"og:image:type\" content=\"image\/png\" \/>\n<meta name=\"author\" content=\"valenp01\" \/>\n<meta name=\"twitter:card\" content=\"summary_large_image\" \/>\n<meta name=\"twitter:label1\" content=\"\u00c9crit par\" \/>\n\t<meta name=\"twitter:data1\" content=\"valenp01\" \/>\n\t<meta name=\"twitter:label2\" content=\"Dur\u00e9e de lecture estim\u00e9e\" \/>\n\t<meta name=\"twitter:data2\" content=\"1 minute\" \/>\n<script type=\"application\/ld+json\" class=\"yoast-schema-graph\">{\"@context\":\"https:\/\/schema.org\",\"@graph\":[{\"@type\":\"WebPage\",\"@id\":\"https:\/\/asso.unilim.fr\/fablab19\/2024\/01\/26\/assemblee-generale-du-fablab19\/\",\"url\":\"https:\/\/asso.unilim.fr\/fablab19\/2024\/01\/26\/assemblee-generale-du-fablab19\/\",\"name\":\"Assembl\u00e9e G\u00e9n\u00e9rale du Fablab19 - FABLAB19\",\"isPartOf\":{\"@id\":\"https:\/\/asso.unilim.fr\/fablab19\/#website\"},\"primaryImageOfPage\":{\"@id\":\"https:\/\/asso.unilim.fr\/fablab19\/2024\/01\/26\/assemblee-generale-du-fablab19\/#primaryimage\"},\"image\":{\"@id\":\"https:\/\/asso.unilim.fr\/fablab19\/2024\/01\/26\/assemblee-generale-du-fablab19\/#primaryimage\"},\"thumbnailUrl\":\"https:\/\/www.unilim.fr\/fablab19\/wp-content\/uploads\/sites\/8\/2024\/01\/AG_2024.png\",\"datePublished\":\"2024-01-26T09:11:50+00:00\",\"dateModified\":\"2024-01-29T08:47:58+00:00\",\"author\":{\"@id\":\"https:\/\/asso.unilim.fr\/fablab19\/#\/schema\/person\/285b5dc8147af72e68f54013e21ddbc6\"},\"breadcrumb\":{\"@id\":\"https:\/\/asso.unilim.fr\/fablab19\/2024\/01\/26\/assemblee-generale-du-fablab19\/#breadcrumb\"},\"inLanguage\":\"fr-FR\",\"potentialAction\":[{\"@type\":\"ReadAction\",\"target\":[\"https:\/\/asso.unilim.fr\/fablab19\/2024\/01\/26\/assemblee-generale-du-fablab19\/\"]}]},{\"@type\":\"ImageObject\",\"inLanguage\":\"fr-FR\",\"@id\":\"https:\/\/asso.unilim.fr\/fablab19\/2024\/01\/26\/assemblee-generale-du-fablab19\/#primaryimage\",\"url\":\"https:\/\/www.unilim.fr\/fablab19\/wp-content\/uploads\/sites\/8\/2024\/01\/AG_2024.png\",\"contentUrl\":\"https:\/\/www.unilim.fr\/fablab19\/wp-content\/uploads\/sites\/8\/2024\/01\/AG_2024.png\",\"width\":1346,\"height\":743},{\"@type\":\"BreadcrumbList\",\"@id\":\"https:\/\/asso.unilim.fr\/fablab19\/2024\/01\/26\/assemblee-generale-du-fablab19\/#breadcrumb\",\"itemListElement\":[{\"@type\":\"ListItem\",\"position\":1,\"name\":\"Accueil\",\"item\":\"https:\/\/asso.unilim.fr\/fablab19\/\"},{\"@type\":\"ListItem\",\"position\":2,\"name\":\"Assembl\u00e9e G\u00e9n\u00e9rale du Fablab19\"}]},{\"@type\":\"WebSite\",\"@id\":\"https:\/\/asso.unilim.fr\/fablab19\/#website\",\"url\":\"https:\/\/asso.unilim.fr\/fablab19\/\",\"name\":\"FABLAB19\",\"description\":\"Fablab19 source de r\u00e9ussites\",\"potentialAction\":[{\"@type\":\"SearchAction\",\"target\":{\"@type\":\"EntryPoint\",\"urlTemplate\":\"https:\/\/asso.unilim.fr\/fablab19\/?s={search_term_string}\"},\"query-input\":{\"@type\":\"PropertyValueSpecification\",\"valueRequired\":true,\"valueName\":\"search_term_string\"}}],\"inLanguage\":\"fr-FR\"},{\"@type\":\"Person\",\"@id\":\"https:\/\/asso.unilim.fr\/fablab19\/#\/schema\/person\/285b5dc8147af72e68f54013e21ddbc6\",\"name\":\"valenp01\",\"image\":{\"@type\":\"ImageObject\",\"inLanguage\":\"fr-FR\",\"@id\":\"https:\/\/asso.unilim.fr\/fablab19\/#\/schema\/person\/image\/\",\"url\":\"https:\/\/secure.gravatar.com\/avatar\/9e7182d28f47357b8913fffd8e16aae15eb5bf8338b259e4bb57baa39d563766?s=96&d=mm&r=g\",\"contentUrl\":\"https:\/\/secure.gravatar.com\/avatar\/9e7182d28f47357b8913fffd8e16aae15eb5bf8338b259e4bb57baa39d563766?s=96&d=mm&r=g\",\"caption\":\"valenp01\"},\"url\":\"https:\/\/asso.unilim.fr\/fablab19\/author\/valenp01\/\"}]}<\/script>\n<!-- \/ Yoast SEO plugin. -->","yoast_head_json":{"title":"Assembl\u00e9e G\u00e9n\u00e9rale du Fablab19 - FABLAB19","robots":{"index":"index","follow":"follow","max-snippet":"max-snippet:-1","max-image-preview":"max-image-preview:large","max-video-preview":"max-video-preview:-1"},"canonical":"https:\/\/asso.unilim.fr\/fablab19\/2024\/01\/26\/assemblee-generale-du-fablab19\/","og_locale":"fr_FR","og_type":"article","og_title":"Assembl\u00e9e G\u00e9n\u00e9rale du Fablab19 - FABLAB19","og_description":"Hier soir 25 janvier 2024 s&rsquo;est d\u00e9roul\u00e9e l&rsquo;assembl\u00e9e g\u00e9n\u00e9rale du Fablab19 en pr\u00e9sence d&rsquo;une vingtaine d&rsquo;adh\u00e9rents. La premi\u00e8re assembl\u00e9e dans les\u00a0 nouveaux locaux\u00a0 de 200m\u00b2 de l&rsquo;association mis \u00e0 disposition par l&rsquo;Universit\u00e9 de Limoges. Ce fut l&rsquo;occasion de pr\u00e9senter le nouvel \u00e9quipement du Fablab19 mis \u00e0 disposition par le club d&rsquo;a\u00e9romod\u00e9lisme. Une machine\u00a0 de d\u00e9coupe [&hellip;]","og_url":"https:\/\/asso.unilim.fr\/fablab19\/2024\/01\/26\/assemblee-generale-du-fablab19\/","og_site_name":"FABLAB19","article_published_time":"2024-01-26T09:11:50+00:00","article_modified_time":"2024-01-29T08:47:58+00:00","og_image":[{"width":1346,"height":743,"url":"https:\/\/www.unilim.fr\/fablab19\/wp-content\/uploads\/sites\/8\/2024\/01\/AG_2024.png","type":"image\/png"}],"author":"valenp01","twitter_card":"summary_large_image","twitter_misc":{"\u00c9crit par":"valenp01","Dur\u00e9e de lecture estim\u00e9e":"1 minute"},"schema":{"@context":"https:\/\/schema.org","@graph":[{"@type":"WebPage","@id":"https:\/\/asso.unilim.fr\/fablab19\/2024\/01\/26\/assemblee-generale-du-fablab19\/","url":"https:\/\/asso.unilim.fr\/fablab19\/2024\/01\/26\/assemblee-generale-du-fablab19\/","name":"Assembl\u00e9e G\u00e9n\u00e9rale du Fablab19 - FABLAB19","isPartOf":{"@id":"https:\/\/asso.unilim.fr\/fablab19\/#website"},"primaryImageOfPage":{"@id":"https:\/\/asso.unilim.fr\/fablab19\/2024\/01\/26\/assemblee-generale-du-fablab19\/#primaryimage"},"image":{"@id":"https:\/\/asso.unilim.fr\/fablab19\/2024\/01\/26\/assemblee-generale-du-fablab19\/#primaryimage"},"thumbnailUrl":"https:\/\/www.unilim.fr\/fablab19\/wp-content\/uploads\/sites\/8\/2024\/01\/AG_2024.png","datePublished":"2024-01-26T09:11:50+00:00","dateModified":"2024-01-29T08:47:58+00:00","author":{"@id":"https:\/\/asso.unilim.fr\/fablab19\/#\/schema\/person\/285b5dc8147af72e68f54013e21ddbc6"},"breadcrumb":{"@id":"https:\/\/asso.unilim.fr\/fablab19\/2024\/01\/26\/assemblee-generale-du-fablab19\/#breadcrumb"},"inLanguage":"fr-FR","potentialAction":[{"@type":"ReadAction","target":["https:\/\/asso.unilim.fr\/fablab19\/2024\/01\/26\/assemblee-generale-du-fablab19\/"]}]},{"@type":"ImageObject","inLanguage":"fr-FR","@id":"https:\/\/asso.unilim.fr\/fablab19\/2024\/01\/26\/assemblee-generale-du-fablab19\/#primaryimage","url":"https:\/\/www.unilim.fr\/fablab19\/wp-content\/uploads\/sites\/8\/2024\/01\/AG_2024.png","contentUrl":"https:\/\/www.unilim.fr\/fablab19\/wp-content\/uploads\/sites\/8\/2024\/01\/AG_2024.png","width":1346,"height":743},{"@type":"BreadcrumbList","@id":"https:\/\/asso.unilim.fr\/fablab19\/2024\/01\/26\/assemblee-generale-du-fablab19\/#breadcrumb","itemListElement":[{"@type":"ListItem","position":1,"name":"Accueil","item":"https:\/\/asso.unilim.fr\/fablab19\/"},{"@type":"ListItem","position":2,"name":"Assembl\u00e9e G\u00e9n\u00e9rale du Fablab19"}]},{"@type":"WebSite","@id":"https:\/\/asso.unilim.fr\/fablab19\/#website","url":"https:\/\/asso.unilim.fr\/fablab19\/","name":"FABLAB19","description":"Fablab19 source de r\u00e9ussites","potentialAction":[{"@type":"SearchAction","target":{"@type":"EntryPoint","urlTemplate":"https:\/\/asso.unilim.fr\/fablab19\/?s={search_term_string}"},"query-input":{"@type":"PropertyValueSpecification","valueRequired":true,"valueName":"search_term_string"}}],"inLanguage":"fr-FR"},{"@type":"Person","@id":"https:\/\/asso.unilim.fr\/fablab19\/#\/schema\/person\/285b5dc8147af72e68f54013e21ddbc6","name":"valenp01","image":{"@type":"ImageObject","inLanguage":"fr-FR","@id":"https:\/\/asso.unilim.fr\/fablab19\/#\/schema\/person\/image\/","url":"https:\/\/secure.gravatar.com\/avatar\/9e7182d28f47357b8913fffd8e16aae15eb5bf8338b259e4bb57baa39d563766?s=96&d=mm&r=g","contentUrl":"https:\/\/secure.gravatar.com\/avatar\/9e7182d28f47357b8913fffd8e16aae15eb5bf8338b259e4bb57baa39d563766?s=96&d=mm&r=g","caption":"valenp01"},"url":"https:\/\/asso.unilim.fr\/fablab19\/author\/valenp01\/"}]}},"_links":{"self":[{"href":"https:\/\/asso.unilim.fr\/fablab19\/wp-json\/wp\/v2\/posts\/1013","targetHints":{"allow":["GET"]}}],"collection":[{"href":"https:\/\/asso.unilim.fr\/fablab19\/wp-json\/wp\/v2\/posts"}],"about":[{"href":"https:\/\/asso.unilim.fr\/fablab19\/wp-json\/wp\/v2\/types\/post"}],"author":[{"embeddable":true,"href":"https:\/\/asso.unilim.fr\/fablab19\/wp-json\/wp\/v2\/users\/89"}],"replies":[{"embeddable":true,"href":"https:\/\/asso.unilim.fr\/fablab19\/wp-json\/wp\/v2\/comments?post=1013"}],"version-history":[{"count":0,"href":"https:\/\/asso.unilim.fr\/fablab19\/wp-json\/wp\/v2\/posts\/1013\/revisions"}],"wp:featuredmedia":[{"embeddable":true,"href":"https:\/\/asso.unilim.fr\/fablab19\/wp-json\/wp\/v2\/media\/1014"}],"wp:attachment":[{"href":"https:\/\/asso.unilim.fr\/fablab19\/wp-json\/wp\/v2\/media?parent=1013"}],"wp:term":[{"taxonomy":"category","embeddable":true,"href":"https:\/\/asso.unilim.fr\/fablab19\/wp-json\/wp\/v2\/categories?post=1013"},{"taxonomy":"post_tag","embeddable":true,"href":"https:\/\/asso.unilim.fr\/fablab19\/wp-json\/wp\/v2\/tags?post=1013"}],"curies":[{"name":"wp","href":"https:\/\/api.w.org\/{rel}","templated":true}]}}