{"id":764,"date":"2026-04-23T13:33:43","date_gmt":"2026-04-23T11:33:43","guid":{"rendered":"http:\/\/asso.unilim.fr\/daguesseau\/?p=764"},"modified":"2026-04-23T13:33:43","modified_gmt":"2026-04-23T11:33:43","slug":"remise-du-prix-de-these-2026","status":"publish","type":"post","link":"https:\/\/asso.unilim.fr\/daguesseau\/2026\/04\/23\/remise-du-prix-de-these-2026\/","title":{"rendered":"Remise du prix de th\u00e8se 2026"},"content":{"rendered":"<p>Le jeudi 26 mars 2026, le Prix de th\u00e8se des\u00a0<em>Entretiens d&rsquo;Aguesseau<\/em> a \u00e9t\u00e9 remis \u00e0 M. Francesco Tavaglione pour sa th\u00e8se sur l&rsquo;histoire de la responsabilit\u00e9 aquilienne. Apr\u00e8s les discours d&rsquo;usage du Pr\u00e9sident Pierre Valleix et du Vice-Pr\u00e9sident Pascal Plas, le candidat a pr\u00e9sent\u00e9 son travail au public.<\/p>\n","protected":false},"excerpt":{"rendered":"<p>Le jeudi 26 mars 2026, le Prix de th\u00e8se des\u00a0Entretiens d&rsquo;Aguesseau a \u00e9t\u00e9 remis \u00e0 M. Francesco Tavaglione pour sa th\u00e8se sur l&rsquo;histoire de la responsabilit\u00e9 aquilienne. Apr\u00e8s les discours d&rsquo;usage du Pr\u00e9sident Pierre Valleix et du Vice-Pr\u00e9sident Pascal Plas, le candidat a pr\u00e9sent\u00e9 son travail au public.<\/p>\n","protected":false},"author":256,"featured_media":765,"comment_status":"closed","ping_status":"closed","sticky":false,"template":"","format":"standard","meta":{"footnotes":""},"categories":[1],"tags":[],"class_list":["post-764","post","type-post","status-publish","format-standard","has-post-thumbnail","hentry","category-actualite"],"yoast_head":"<!-- This site is optimized with the Yoast SEO plugin v26.3 - https:\/\/yoast.com\/wordpress\/plugins\/seo\/ -->\n<title>Remise du prix de th\u00e8se 2026 - Entretiens d&#039;Aguesseau<\/title>\n<meta name=\"robots\" content=\"index, follow, max-snippet:-1, max-image-preview:large, max-video-preview:-1\" \/>\n<link rel=\"canonical\" href=\"http:\/\/asso.unilim.fr\/daguesseau\/2026\/04\/23\/remise-du-prix-de-these-2026\/\" \/>\n<meta property=\"og:locale\" content=\"fr_FR\" \/>\n<meta property=\"og:type\" content=\"article\" \/>\n<meta property=\"og:title\" content=\"Remise du prix de th\u00e8se 2026 - Entretiens d&#039;Aguesseau\" \/>\n<meta property=\"og:description\" content=\"Le jeudi 26 mars 2026, le Prix de th\u00e8se des\u00a0Entretiens d&rsquo;Aguesseau a \u00e9t\u00e9 remis \u00e0 M. Francesco Tavaglione pour sa th\u00e8se sur l&rsquo;histoire de la responsabilit\u00e9 aquilienne. Apr\u00e8s les discours d&rsquo;usage du Pr\u00e9sident Pierre Valleix et du Vice-Pr\u00e9sident Pascal Plas, le candidat a pr\u00e9sent\u00e9 son travail au public.\" \/>\n<meta property=\"og:url\" content=\"http:\/\/asso.unilim.fr\/daguesseau\/2026\/04\/23\/remise-du-prix-de-these-2026\/\" \/>\n<meta property=\"og:site_name\" content=\"Entretiens d&#039;Aguesseau\" \/>\n<meta property=\"article:published_time\" content=\"2026-04-23T11:33:43+00:00\" \/>\n<meta property=\"og:image\" content=\"https:\/\/www.daguesseau.fr\/wp-content\/uploads\/sites\/10\/2026\/04\/Prix-de-these.jpg\" \/>\n\t<meta property=\"og:image:width\" content=\"768\" \/>\n\t<meta property=\"og:image:height\" content=\"1024\" \/>\n\t<meta property=\"og:image:type\" content=\"image\/jpeg\" \/>\n<meta name=\"author\" content=\"faderp01\" \/>\n<meta name=\"twitter:card\" content=\"summary_large_image\" \/>\n<meta name=\"twitter:label1\" content=\"\u00c9crit par\" \/>\n\t<meta name=\"twitter:data1\" content=\"faderp01\" \/>\n<script type=\"application\/ld+json\" class=\"yoast-schema-graph\">{\"@context\":\"https:\/\/schema.org\",\"@graph\":[{\"@type\":\"WebPage\",\"@id\":\"http:\/\/asso.unilim.fr\/daguesseau\/2026\/04\/23\/remise-du-prix-de-these-2026\/\",\"url\":\"http:\/\/asso.unilim.fr\/daguesseau\/2026\/04\/23\/remise-du-prix-de-these-2026\/\",\"name\":\"Remise du prix de th\u00e8se 2026 - Entretiens d&#039;Aguesseau\",\"isPartOf\":{\"@id\":\"http:\/\/asso.unilim.fr\/daguesseau\/#website\"},\"primaryImageOfPage\":{\"@id\":\"http:\/\/asso.unilim.fr\/daguesseau\/2026\/04\/23\/remise-du-prix-de-these-2026\/#primaryimage\"},\"image\":{\"@id\":\"http:\/\/asso.unilim.fr\/daguesseau\/2026\/04\/23\/remise-du-prix-de-these-2026\/#primaryimage\"},\"thumbnailUrl\":\"https:\/\/www.daguesseau.fr\/wp-content\/uploads\/sites\/10\/2026\/04\/Prix-de-these.jpg\",\"datePublished\":\"2026-04-23T11:33:43+00:00\",\"author\":{\"@id\":\"http:\/\/asso.unilim.fr\/daguesseau\/#\/schema\/person\/88e87aaf5678801456ba8bbf11523a05\"},\"breadcrumb\":{\"@id\":\"http:\/\/asso.unilim.fr\/daguesseau\/2026\/04\/23\/remise-du-prix-de-these-2026\/#breadcrumb\"},\"inLanguage\":\"fr-FR\",\"potentialAction\":[{\"@type\":\"ReadAction\",\"target\":[\"http:\/\/asso.unilim.fr\/daguesseau\/2026\/04\/23\/remise-du-prix-de-these-2026\/\"]}]},{\"@type\":\"ImageObject\",\"inLanguage\":\"fr-FR\",\"@id\":\"http:\/\/asso.unilim.fr\/daguesseau\/2026\/04\/23\/remise-du-prix-de-these-2026\/#primaryimage\",\"url\":\"https:\/\/www.daguesseau.fr\/wp-content\/uploads\/sites\/10\/2026\/04\/Prix-de-these.jpg\",\"contentUrl\":\"https:\/\/www.daguesseau.fr\/wp-content\/uploads\/sites\/10\/2026\/04\/Prix-de-these.jpg\",\"width\":768,\"height\":1024},{\"@type\":\"BreadcrumbList\",\"@id\":\"http:\/\/asso.unilim.fr\/daguesseau\/2026\/04\/23\/remise-du-prix-de-these-2026\/#breadcrumb\",\"itemListElement\":[{\"@type\":\"ListItem\",\"position\":1,\"name\":\"Accueil\",\"item\":\"http:\/\/asso.unilim.fr\/daguesseau\/\"},{\"@type\":\"ListItem\",\"position\":2,\"name\":\"Remise du prix de th\u00e8se 2026\"}]},{\"@type\":\"WebSite\",\"@id\":\"http:\/\/asso.unilim.fr\/daguesseau\/#website\",\"url\":\"http:\/\/asso.unilim.fr\/daguesseau\/\",\"name\":\"Entretiens d&#039;Aguesseau\",\"description\":\"universit\u00e9 ouverte source de r\u00e9ussites\",\"potentialAction\":[{\"@type\":\"SearchAction\",\"target\":{\"@type\":\"EntryPoint\",\"urlTemplate\":\"http:\/\/asso.unilim.fr\/daguesseau\/?s={search_term_string}\"},\"query-input\":{\"@type\":\"PropertyValueSpecification\",\"valueRequired\":true,\"valueName\":\"search_term_string\"}}],\"inLanguage\":\"fr-FR\"},{\"@type\":\"Person\",\"@id\":\"http:\/\/asso.unilim.fr\/daguesseau\/#\/schema\/person\/88e87aaf5678801456ba8bbf11523a05\",\"name\":\"faderp01\",\"image\":{\"@type\":\"ImageObject\",\"inLanguage\":\"fr-FR\",\"@id\":\"http:\/\/asso.unilim.fr\/daguesseau\/#\/schema\/person\/image\/\",\"url\":\"https:\/\/secure.gravatar.com\/avatar\/3c144c46ff9d9574db3dc05872c63d7b1435d054271c1ef75b81508c2f0f5dad?s=96&d=mm&r=g\",\"contentUrl\":\"https:\/\/secure.gravatar.com\/avatar\/3c144c46ff9d9574db3dc05872c63d7b1435d054271c1ef75b81508c2f0f5dad?s=96&d=mm&r=g\",\"caption\":\"faderp01\"},\"url\":\"https:\/\/asso.unilim.fr\/daguesseau\/author\/faderp01\/\"}]}<\/script>\n<!-- \/ Yoast SEO plugin. -->","yoast_head_json":{"title":"Remise du prix de th\u00e8se 2026 - Entretiens d&#039;Aguesseau","robots":{"index":"index","follow":"follow","max-snippet":"max-snippet:-1","max-image-preview":"max-image-preview:large","max-video-preview":"max-video-preview:-1"},"canonical":"http:\/\/asso.unilim.fr\/daguesseau\/2026\/04\/23\/remise-du-prix-de-these-2026\/","og_locale":"fr_FR","og_type":"article","og_title":"Remise du prix de th\u00e8se 2026 - Entretiens d&#039;Aguesseau","og_description":"Le jeudi 26 mars 2026, le Prix de th\u00e8se des\u00a0Entretiens d&rsquo;Aguesseau a \u00e9t\u00e9 remis \u00e0 M. Francesco Tavaglione pour sa th\u00e8se sur l&rsquo;histoire de la responsabilit\u00e9 aquilienne. Apr\u00e8s les discours d&rsquo;usage du Pr\u00e9sident Pierre Valleix et du Vice-Pr\u00e9sident Pascal Plas, le candidat a pr\u00e9sent\u00e9 son travail au public.","og_url":"http:\/\/asso.unilim.fr\/daguesseau\/2026\/04\/23\/remise-du-prix-de-these-2026\/","og_site_name":"Entretiens d&#039;Aguesseau","article_published_time":"2026-04-23T11:33:43+00:00","og_image":[{"width":768,"height":1024,"url":"https:\/\/www.daguesseau.fr\/wp-content\/uploads\/sites\/10\/2026\/04\/Prix-de-these.jpg","type":"image\/jpeg"}],"author":"faderp01","twitter_card":"summary_large_image","twitter_misc":{"\u00c9crit par":"faderp01"},"schema":{"@context":"https:\/\/schema.org","@graph":[{"@type":"WebPage","@id":"http:\/\/asso.unilim.fr\/daguesseau\/2026\/04\/23\/remise-du-prix-de-these-2026\/","url":"http:\/\/asso.unilim.fr\/daguesseau\/2026\/04\/23\/remise-du-prix-de-these-2026\/","name":"Remise du prix de th\u00e8se 2026 - Entretiens d&#039;Aguesseau","isPartOf":{"@id":"http:\/\/asso.unilim.fr\/daguesseau\/#website"},"primaryImageOfPage":{"@id":"http:\/\/asso.unilim.fr\/daguesseau\/2026\/04\/23\/remise-du-prix-de-these-2026\/#primaryimage"},"image":{"@id":"http:\/\/asso.unilim.fr\/daguesseau\/2026\/04\/23\/remise-du-prix-de-these-2026\/#primaryimage"},"thumbnailUrl":"https:\/\/www.daguesseau.fr\/wp-content\/uploads\/sites\/10\/2026\/04\/Prix-de-these.jpg","datePublished":"2026-04-23T11:33:43+00:00","author":{"@id":"http:\/\/asso.unilim.fr\/daguesseau\/#\/schema\/person\/88e87aaf5678801456ba8bbf11523a05"},"breadcrumb":{"@id":"http:\/\/asso.unilim.fr\/daguesseau\/2026\/04\/23\/remise-du-prix-de-these-2026\/#breadcrumb"},"inLanguage":"fr-FR","potentialAction":[{"@type":"ReadAction","target":["http:\/\/asso.unilim.fr\/daguesseau\/2026\/04\/23\/remise-du-prix-de-these-2026\/"]}]},{"@type":"ImageObject","inLanguage":"fr-FR","@id":"http:\/\/asso.unilim.fr\/daguesseau\/2026\/04\/23\/remise-du-prix-de-these-2026\/#primaryimage","url":"https:\/\/www.daguesseau.fr\/wp-content\/uploads\/sites\/10\/2026\/04\/Prix-de-these.jpg","contentUrl":"https:\/\/www.daguesseau.fr\/wp-content\/uploads\/sites\/10\/2026\/04\/Prix-de-these.jpg","width":768,"height":1024},{"@type":"BreadcrumbList","@id":"http:\/\/asso.unilim.fr\/daguesseau\/2026\/04\/23\/remise-du-prix-de-these-2026\/#breadcrumb","itemListElement":[{"@type":"ListItem","position":1,"name":"Accueil","item":"http:\/\/asso.unilim.fr\/daguesseau\/"},{"@type":"ListItem","position":2,"name":"Remise du prix de th\u00e8se 2026"}]},{"@type":"WebSite","@id":"http:\/\/asso.unilim.fr\/daguesseau\/#website","url":"http:\/\/asso.unilim.fr\/daguesseau\/","name":"Entretiens d&#039;Aguesseau","description":"universit\u00e9 ouverte source de r\u00e9ussites","potentialAction":[{"@type":"SearchAction","target":{"@type":"EntryPoint","urlTemplate":"http:\/\/asso.unilim.fr\/daguesseau\/?s={search_term_string}"},"query-input":{"@type":"PropertyValueSpecification","valueRequired":true,"valueName":"search_term_string"}}],"inLanguage":"fr-FR"},{"@type":"Person","@id":"http:\/\/asso.unilim.fr\/daguesseau\/#\/schema\/person\/88e87aaf5678801456ba8bbf11523a05","name":"faderp01","image":{"@type":"ImageObject","inLanguage":"fr-FR","@id":"http:\/\/asso.unilim.fr\/daguesseau\/#\/schema\/person\/image\/","url":"https:\/\/secure.gravatar.com\/avatar\/3c144c46ff9d9574db3dc05872c63d7b1435d054271c1ef75b81508c2f0f5dad?s=96&d=mm&r=g","contentUrl":"https:\/\/secure.gravatar.com\/avatar\/3c144c46ff9d9574db3dc05872c63d7b1435d054271c1ef75b81508c2f0f5dad?s=96&d=mm&r=g","caption":"faderp01"},"url":"https:\/\/asso.unilim.fr\/daguesseau\/author\/faderp01\/"}]}},"_links":{"self":[{"href":"https:\/\/asso.unilim.fr\/daguesseau\/wp-json\/wp\/v2\/posts\/764","targetHints":{"allow":["GET"]}}],"collection":[{"href":"https:\/\/asso.unilim.fr\/daguesseau\/wp-json\/wp\/v2\/posts"}],"about":[{"href":"https:\/\/asso.unilim.fr\/daguesseau\/wp-json\/wp\/v2\/types\/post"}],"author":[{"embeddable":true,"href":"https:\/\/asso.unilim.fr\/daguesseau\/wp-json\/wp\/v2\/users\/256"}],"replies":[{"embeddable":true,"href":"https:\/\/asso.unilim.fr\/daguesseau\/wp-json\/wp\/v2\/comments?post=764"}],"version-history":[{"count":2,"href":"https:\/\/asso.unilim.fr\/daguesseau\/wp-json\/wp\/v2\/posts\/764\/revisions"}],"predecessor-version":[{"id":767,"href":"https:\/\/asso.unilim.fr\/daguesseau\/wp-json\/wp\/v2\/posts\/764\/revisions\/767"}],"wp:featuredmedia":[{"embeddable":true,"href":"https:\/\/asso.unilim.fr\/daguesseau\/wp-json\/wp\/v2\/media\/765"}],"wp:attachment":[{"href":"https:\/\/asso.unilim.fr\/daguesseau\/wp-json\/wp\/v2\/media?parent=764"}],"wp:term":[{"taxonomy":"category","embeddable":true,"href":"https:\/\/asso.unilim.fr\/daguesseau\/wp-json\/wp\/v2\/categories?post=764"},{"taxonomy":"post_tag","embeddable":true,"href":"https:\/\/asso.unilim.fr\/daguesseau\/wp-json\/wp\/v2\/tags?post=764"}],"curies":[{"name":"wp","href":"https:\/\/api.w.org\/{rel}","templated":true}]}}