{"id":685,"date":"2023-11-08T11:29:14","date_gmt":"2023-11-08T10:29:14","guid":{"rendered":"http:\/\/asso.unilim.fr\/daguesseau\/?p=685"},"modified":"2023-11-08T11:30:40","modified_gmt":"2023-11-08T10:30:40","slug":"conference-de-mme-chantal-arens-9-novembre-2023","status":"publish","type":"post","link":"https:\/\/asso.unilim.fr\/daguesseau\/2023\/11\/08\/conference-de-mme-chantal-arens-9-novembre-2023\/","title":{"rendered":"Conf\u00e9rence de Mme Chantal Arens &#8211; 9 novembre 2023"},"content":{"rendered":"<p>Mme Chantal Arens, Premi\u00e8re pr\u00e9sidente honoraire de la Cour de Cassation, donnera une <strong>conf\u00e9rence le jeudi 09 novembre \u00e0 14h15,\u00a0<\/strong> \u00e0 la la Facult\u00e9 de Droit et de Sciences \u00e9conomiques de Limoges (Site de Turgot), Amphi Chevalier, sur le th\u00e8me de<strong> L&rsquo;ind\u00e9pendance de la justice dans un \u00c9tat de droit.<\/strong><\/p>\n<p>&nbsp;<\/p>\n","protected":false},"excerpt":{"rendered":"<p>Mme Chantal Arens, Premi\u00e8re pr\u00e9sidente honoraire de la Cour de Cassation, donnera une conf\u00e9rence le jeudi 09 novembre \u00e0 14h15,\u00a0 \u00e0 la la Facult\u00e9 de Droit et de Sciences \u00e9conomiques de Limoges (Site de Turgot), Amphi Chevalier, sur le th\u00e8me de L&rsquo;ind\u00e9pendance de la justice dans un \u00c9tat de droit. &nbsp;<\/p>\n","protected":false},"author":97,"featured_media":475,"comment_status":"open","ping_status":"open","sticky":false,"template":"","format":"standard","meta":{"footnotes":""},"categories":[1],"tags":[],"class_list":["post-685","post","type-post","status-publish","format-standard","has-post-thumbnail","hentry","category-actualite"],"yoast_head":"<!-- This site is optimized with the Yoast SEO plugin v26.3 - https:\/\/yoast.com\/wordpress\/plugins\/seo\/ -->\n<title>Conf\u00e9rence de Mme Chantal Arens - 9 novembre 2023 - Entretiens d&#039;Aguesseau<\/title>\n<meta name=\"robots\" content=\"index, follow, max-snippet:-1, max-image-preview:large, max-video-preview:-1\" \/>\n<link rel=\"canonical\" href=\"http:\/\/asso.unilim.fr\/daguesseau\/2023\/11\/08\/conference-de-mme-chantal-arens-9-novembre-2023\/\" \/>\n<meta property=\"og:locale\" content=\"fr_FR\" \/>\n<meta property=\"og:type\" content=\"article\" \/>\n<meta property=\"og:title\" content=\"Conf\u00e9rence de Mme Chantal Arens - 9 novembre 2023 - Entretiens d&#039;Aguesseau\" \/>\n<meta property=\"og:description\" content=\"Mme Chantal Arens, Premi\u00e8re pr\u00e9sidente honoraire de la Cour de Cassation, donnera une conf\u00e9rence le jeudi 09 novembre \u00e0 14h15,\u00a0 \u00e0 la la Facult\u00e9 de Droit et de Sciences \u00e9conomiques de Limoges (Site de Turgot), Amphi Chevalier, sur le th\u00e8me de L&rsquo;ind\u00e9pendance de la justice dans un \u00c9tat de droit. &nbsp;\" \/>\n<meta property=\"og:url\" content=\"http:\/\/asso.unilim.fr\/daguesseau\/2023\/11\/08\/conference-de-mme-chantal-arens-9-novembre-2023\/\" \/>\n<meta property=\"og:site_name\" content=\"Entretiens d&#039;Aguesseau\" \/>\n<meta property=\"article:published_time\" content=\"2023-11-08T10:29:14+00:00\" \/>\n<meta property=\"article:modified_time\" content=\"2023-11-08T10:30:40+00:00\" \/>\n<meta property=\"og:image\" content=\"https:\/\/www.daguesseau.fr\/wp-content\/uploads\/sites\/10\/2021\/06\/E_A_19049.jpg\" \/>\n\t<meta property=\"og:image:width\" content=\"1680\" \/>\n\t<meta property=\"og:image:height\" content=\"855\" \/>\n\t<meta property=\"og:image:type\" content=\"image\/jpeg\" \/>\n<meta name=\"author\" content=\"capelp01\" \/>\n<meta name=\"twitter:card\" content=\"summary_large_image\" \/>\n<meta name=\"twitter:label1\" content=\"\u00c9crit par\" \/>\n\t<meta name=\"twitter:data1\" content=\"capelp01\" \/>\n<script type=\"application\/ld+json\" class=\"yoast-schema-graph\">{\"@context\":\"https:\/\/schema.org\",\"@graph\":[{\"@type\":\"WebPage\",\"@id\":\"http:\/\/asso.unilim.fr\/daguesseau\/2023\/11\/08\/conference-de-mme-chantal-arens-9-novembre-2023\/\",\"url\":\"http:\/\/asso.unilim.fr\/daguesseau\/2023\/11\/08\/conference-de-mme-chantal-arens-9-novembre-2023\/\",\"name\":\"Conf\u00e9rence de Mme Chantal Arens - 9 novembre 2023 - Entretiens d&#039;Aguesseau\",\"isPartOf\":{\"@id\":\"http:\/\/asso.unilim.fr\/daguesseau\/#website\"},\"primaryImageOfPage\":{\"@id\":\"http:\/\/asso.unilim.fr\/daguesseau\/2023\/11\/08\/conference-de-mme-chantal-arens-9-novembre-2023\/#primaryimage\"},\"image\":{\"@id\":\"http:\/\/asso.unilim.fr\/daguesseau\/2023\/11\/08\/conference-de-mme-chantal-arens-9-novembre-2023\/#primaryimage\"},\"thumbnailUrl\":\"https:\/\/www.daguesseau.fr\/wp-content\/uploads\/sites\/10\/2021\/06\/E_A_19049.jpg\",\"datePublished\":\"2023-11-08T10:29:14+00:00\",\"dateModified\":\"2023-11-08T10:30:40+00:00\",\"author\":{\"@id\":\"http:\/\/asso.unilim.fr\/daguesseau\/#\/schema\/person\/9bf76a68261bb7d83e4d4684c7e3299d\"},\"breadcrumb\":{\"@id\":\"http:\/\/asso.unilim.fr\/daguesseau\/2023\/11\/08\/conference-de-mme-chantal-arens-9-novembre-2023\/#breadcrumb\"},\"inLanguage\":\"fr-FR\",\"potentialAction\":[{\"@type\":\"ReadAction\",\"target\":[\"http:\/\/asso.unilim.fr\/daguesseau\/2023\/11\/08\/conference-de-mme-chantal-arens-9-novembre-2023\/\"]}]},{\"@type\":\"ImageObject\",\"inLanguage\":\"fr-FR\",\"@id\":\"http:\/\/asso.unilim.fr\/daguesseau\/2023\/11\/08\/conference-de-mme-chantal-arens-9-novembre-2023\/#primaryimage\",\"url\":\"https:\/\/www.daguesseau.fr\/wp-content\/uploads\/sites\/10\/2021\/06\/E_A_19049.jpg\",\"contentUrl\":\"https:\/\/www.daguesseau.fr\/wp-content\/uploads\/sites\/10\/2021\/06\/E_A_19049.jpg\",\"width\":1680,\"height\":855},{\"@type\":\"BreadcrumbList\",\"@id\":\"http:\/\/asso.unilim.fr\/daguesseau\/2023\/11\/08\/conference-de-mme-chantal-arens-9-novembre-2023\/#breadcrumb\",\"itemListElement\":[{\"@type\":\"ListItem\",\"position\":1,\"name\":\"Accueil\",\"item\":\"http:\/\/asso.unilim.fr\/daguesseau\/\"},{\"@type\":\"ListItem\",\"position\":2,\"name\":\"Conf\u00e9rence de Mme Chantal Arens &#8211; 9 novembre 2023\"}]},{\"@type\":\"WebSite\",\"@id\":\"http:\/\/asso.unilim.fr\/daguesseau\/#website\",\"url\":\"http:\/\/asso.unilim.fr\/daguesseau\/\",\"name\":\"Entretiens d&#039;Aguesseau\",\"description\":\"universit\u00e9 ouverte source de r\u00e9ussites\",\"potentialAction\":[{\"@type\":\"SearchAction\",\"target\":{\"@type\":\"EntryPoint\",\"urlTemplate\":\"http:\/\/asso.unilim.fr\/daguesseau\/?s={search_term_string}\"},\"query-input\":{\"@type\":\"PropertyValueSpecification\",\"valueRequired\":true,\"valueName\":\"search_term_string\"}}],\"inLanguage\":\"fr-FR\"},{\"@type\":\"Person\",\"@id\":\"http:\/\/asso.unilim.fr\/daguesseau\/#\/schema\/person\/9bf76a68261bb7d83e4d4684c7e3299d\",\"name\":\"capelp01\",\"image\":{\"@type\":\"ImageObject\",\"inLanguage\":\"fr-FR\",\"@id\":\"http:\/\/asso.unilim.fr\/daguesseau\/#\/schema\/person\/image\/\",\"url\":\"https:\/\/secure.gravatar.com\/avatar\/6c61dbbfa0cc6c4ed079c18440cce335543f40005760fa6a62d7fa79f5857c06?s=96&d=mm&r=g\",\"contentUrl\":\"https:\/\/secure.gravatar.com\/avatar\/6c61dbbfa0cc6c4ed079c18440cce335543f40005760fa6a62d7fa79f5857c06?s=96&d=mm&r=g\",\"caption\":\"capelp01\"},\"url\":\"https:\/\/asso.unilim.fr\/daguesseau\/author\/capelp01\/\"}]}<\/script>\n<!-- \/ Yoast SEO plugin. -->","yoast_head_json":{"title":"Conf\u00e9rence de Mme Chantal Arens - 9 novembre 2023 - Entretiens d&#039;Aguesseau","robots":{"index":"index","follow":"follow","max-snippet":"max-snippet:-1","max-image-preview":"max-image-preview:large","max-video-preview":"max-video-preview:-1"},"canonical":"http:\/\/asso.unilim.fr\/daguesseau\/2023\/11\/08\/conference-de-mme-chantal-arens-9-novembre-2023\/","og_locale":"fr_FR","og_type":"article","og_title":"Conf\u00e9rence de Mme Chantal Arens - 9 novembre 2023 - Entretiens d&#039;Aguesseau","og_description":"Mme Chantal Arens, Premi\u00e8re pr\u00e9sidente honoraire de la Cour de Cassation, donnera une conf\u00e9rence le jeudi 09 novembre \u00e0 14h15,\u00a0 \u00e0 la la Facult\u00e9 de Droit et de Sciences \u00e9conomiques de Limoges (Site de Turgot), Amphi Chevalier, sur le th\u00e8me de L&rsquo;ind\u00e9pendance de la justice dans un \u00c9tat de droit. &nbsp;","og_url":"http:\/\/asso.unilim.fr\/daguesseau\/2023\/11\/08\/conference-de-mme-chantal-arens-9-novembre-2023\/","og_site_name":"Entretiens d&#039;Aguesseau","article_published_time":"2023-11-08T10:29:14+00:00","article_modified_time":"2023-11-08T10:30:40+00:00","og_image":[{"width":1680,"height":855,"url":"https:\/\/www.daguesseau.fr\/wp-content\/uploads\/sites\/10\/2021\/06\/E_A_19049.jpg","type":"image\/jpeg"}],"author":"capelp01","twitter_card":"summary_large_image","twitter_misc":{"\u00c9crit par":"capelp01"},"schema":{"@context":"https:\/\/schema.org","@graph":[{"@type":"WebPage","@id":"http:\/\/asso.unilim.fr\/daguesseau\/2023\/11\/08\/conference-de-mme-chantal-arens-9-novembre-2023\/","url":"http:\/\/asso.unilim.fr\/daguesseau\/2023\/11\/08\/conference-de-mme-chantal-arens-9-novembre-2023\/","name":"Conf\u00e9rence de Mme Chantal Arens - 9 novembre 2023 - Entretiens d&#039;Aguesseau","isPartOf":{"@id":"http:\/\/asso.unilim.fr\/daguesseau\/#website"},"primaryImageOfPage":{"@id":"http:\/\/asso.unilim.fr\/daguesseau\/2023\/11\/08\/conference-de-mme-chantal-arens-9-novembre-2023\/#primaryimage"},"image":{"@id":"http:\/\/asso.unilim.fr\/daguesseau\/2023\/11\/08\/conference-de-mme-chantal-arens-9-novembre-2023\/#primaryimage"},"thumbnailUrl":"https:\/\/www.daguesseau.fr\/wp-content\/uploads\/sites\/10\/2021\/06\/E_A_19049.jpg","datePublished":"2023-11-08T10:29:14+00:00","dateModified":"2023-11-08T10:30:40+00:00","author":{"@id":"http:\/\/asso.unilim.fr\/daguesseau\/#\/schema\/person\/9bf76a68261bb7d83e4d4684c7e3299d"},"breadcrumb":{"@id":"http:\/\/asso.unilim.fr\/daguesseau\/2023\/11\/08\/conference-de-mme-chantal-arens-9-novembre-2023\/#breadcrumb"},"inLanguage":"fr-FR","potentialAction":[{"@type":"ReadAction","target":["http:\/\/asso.unilim.fr\/daguesseau\/2023\/11\/08\/conference-de-mme-chantal-arens-9-novembre-2023\/"]}]},{"@type":"ImageObject","inLanguage":"fr-FR","@id":"http:\/\/asso.unilim.fr\/daguesseau\/2023\/11\/08\/conference-de-mme-chantal-arens-9-novembre-2023\/#primaryimage","url":"https:\/\/www.daguesseau.fr\/wp-content\/uploads\/sites\/10\/2021\/06\/E_A_19049.jpg","contentUrl":"https:\/\/www.daguesseau.fr\/wp-content\/uploads\/sites\/10\/2021\/06\/E_A_19049.jpg","width":1680,"height":855},{"@type":"BreadcrumbList","@id":"http:\/\/asso.unilim.fr\/daguesseau\/2023\/11\/08\/conference-de-mme-chantal-arens-9-novembre-2023\/#breadcrumb","itemListElement":[{"@type":"ListItem","position":1,"name":"Accueil","item":"http:\/\/asso.unilim.fr\/daguesseau\/"},{"@type":"ListItem","position":2,"name":"Conf\u00e9rence de Mme Chantal Arens &#8211; 9 novembre 2023"}]},{"@type":"WebSite","@id":"http:\/\/asso.unilim.fr\/daguesseau\/#website","url":"http:\/\/asso.unilim.fr\/daguesseau\/","name":"Entretiens d&#039;Aguesseau","description":"universit\u00e9 ouverte source de r\u00e9ussites","potentialAction":[{"@type":"SearchAction","target":{"@type":"EntryPoint","urlTemplate":"http:\/\/asso.unilim.fr\/daguesseau\/?s={search_term_string}"},"query-input":{"@type":"PropertyValueSpecification","valueRequired":true,"valueName":"search_term_string"}}],"inLanguage":"fr-FR"},{"@type":"Person","@id":"http:\/\/asso.unilim.fr\/daguesseau\/#\/schema\/person\/9bf76a68261bb7d83e4d4684c7e3299d","name":"capelp01","image":{"@type":"ImageObject","inLanguage":"fr-FR","@id":"http:\/\/asso.unilim.fr\/daguesseau\/#\/schema\/person\/image\/","url":"https:\/\/secure.gravatar.com\/avatar\/6c61dbbfa0cc6c4ed079c18440cce335543f40005760fa6a62d7fa79f5857c06?s=96&d=mm&r=g","contentUrl":"https:\/\/secure.gravatar.com\/avatar\/6c61dbbfa0cc6c4ed079c18440cce335543f40005760fa6a62d7fa79f5857c06?s=96&d=mm&r=g","caption":"capelp01"},"url":"https:\/\/asso.unilim.fr\/daguesseau\/author\/capelp01\/"}]}},"_links":{"self":[{"href":"https:\/\/asso.unilim.fr\/daguesseau\/wp-json\/wp\/v2\/posts\/685","targetHints":{"allow":["GET"]}}],"collection":[{"href":"https:\/\/asso.unilim.fr\/daguesseau\/wp-json\/wp\/v2\/posts"}],"about":[{"href":"https:\/\/asso.unilim.fr\/daguesseau\/wp-json\/wp\/v2\/types\/post"}],"author":[{"embeddable":true,"href":"https:\/\/asso.unilim.fr\/daguesseau\/wp-json\/wp\/v2\/users\/97"}],"replies":[{"embeddable":true,"href":"https:\/\/asso.unilim.fr\/daguesseau\/wp-json\/wp\/v2\/comments?post=685"}],"version-history":[{"count":0,"href":"https:\/\/asso.unilim.fr\/daguesseau\/wp-json\/wp\/v2\/posts\/685\/revisions"}],"wp:featuredmedia":[{"embeddable":true,"href":"https:\/\/asso.unilim.fr\/daguesseau\/wp-json\/wp\/v2\/media\/475"}],"wp:attachment":[{"href":"https:\/\/asso.unilim.fr\/daguesseau\/wp-json\/wp\/v2\/media?parent=685"}],"wp:term":[{"taxonomy":"category","embeddable":true,"href":"https:\/\/asso.unilim.fr\/daguesseau\/wp-json\/wp\/v2\/categories?post=685"},{"taxonomy":"post_tag","embeddable":true,"href":"https:\/\/asso.unilim.fr\/daguesseau\/wp-json\/wp\/v2\/tags?post=685"}],"curies":[{"name":"wp","href":"https:\/\/api.w.org\/{rel}","templated":true}]}}