{"id":682,"date":"2023-10-26T17:50:56","date_gmt":"2023-10-26T15:50:56","guid":{"rendered":"http:\/\/asso.unilim.fr\/daguesseau\/?p=682"},"modified":"2023-10-26T17:55:07","modified_gmt":"2023-10-26T15:55:07","slug":"prix-de-these-d-aguesseau-2023","status":"publish","type":"post","link":"https:\/\/asso.unilim.fr\/daguesseau\/2023\/10\/26\/prix-de-these-d-aguesseau-2023\/","title":{"rendered":"PRIX DE TH\u00c8SE D&rsquo; AGUESSEAU 2023"},"content":{"rendered":"<p>Le Jury du Prix d\u2019Aguesseau 2023,\u00a0 r\u00e9uni dans le cadre des Entretiens d\u2019Aguesseau,\u00a0 a retenu <strong>pour un premier prix <em>ex aequo<\/em><\/strong> les travaux de messieurs <strong>Arnaud de Solminihac, <em>La vie priv\u00e9e : les racines d\u2019un concept juridique prot\u00e9iforme<\/em>, <em>XVI\u00e8me-XIX\u00e8me si\u00e8cle<\/em> et Louis Terracol, <em>Le gouvernement de fait. De la R\u00e9volution \u00e0 la Lib\u00e9ration<\/em>.<\/strong><\/p>\n<p>Si le Jury n\u2019a pas cru devoir retenir les autres\u00a0 travaux, il en a n\u00e9anmoins relev\u00e9 la tr\u00e8s\u00a0 grande qualit\u00e9 et tient \u00e0 remercier\u00a0 tous ceux qui ont particip\u00e9\u00a0 \u00e0 ce prix de th\u00e8se en formulant des v\u0153ux chaleureux pour la suite de leur carri\u00e8re.<\/p>\n<p>Le Prix sera remis le 9 novembre \u00e0 19 heure au restaurant l&rsquo;Antiq par madame Chantal Arens, premi\u00e8re pr\u00e9sidente honoraire de la Cour de Cassation.<\/p>\n","protected":false},"excerpt":{"rendered":"<p>Le Jury du Prix d\u2019Aguesseau 2023,\u00a0 r\u00e9uni dans le cadre des Entretiens d\u2019Aguesseau,\u00a0 a retenu pour un premier prix ex aequo les travaux de messieurs Arnaud de Solminihac, La vie priv\u00e9e : les racines d\u2019un concept juridique prot\u00e9iforme, XVI\u00e8me-XIX\u00e8me si\u00e8cle et Louis Terracol, Le gouvernement de fait. De la R\u00e9volution \u00e0 la Lib\u00e9ration. Si le [&hellip;]<\/p>\n","protected":false},"author":97,"featured_media":340,"comment_status":"open","ping_status":"open","sticky":false,"template":"","format":"standard","meta":{"footnotes":""},"categories":[1],"tags":[],"class_list":["post-682","post","type-post","status-publish","format-standard","has-post-thumbnail","hentry","category-actualite"],"yoast_head":"<!-- This site is optimized with the Yoast SEO plugin v26.3 - https:\/\/yoast.com\/wordpress\/plugins\/seo\/ -->\n<title>PRIX DE TH\u00c8SE D&#039; AGUESSEAU 2023 - Entretiens d&#039;Aguesseau<\/title>\n<meta name=\"robots\" content=\"index, follow, max-snippet:-1, max-image-preview:large, max-video-preview:-1\" \/>\n<link rel=\"canonical\" href=\"http:\/\/asso.unilim.fr\/daguesseau\/2023\/10\/26\/prix-de-these-d-aguesseau-2023\/\" \/>\n<meta property=\"og:locale\" content=\"fr_FR\" \/>\n<meta property=\"og:type\" content=\"article\" \/>\n<meta property=\"og:title\" content=\"PRIX DE TH\u00c8SE D&#039; AGUESSEAU 2023 - Entretiens d&#039;Aguesseau\" \/>\n<meta property=\"og:description\" content=\"Le Jury du Prix d\u2019Aguesseau 2023,\u00a0 r\u00e9uni dans le cadre des Entretiens d\u2019Aguesseau,\u00a0 a retenu pour un premier prix ex aequo les travaux de messieurs Arnaud de Solminihac, La vie priv\u00e9e : les racines d\u2019un concept juridique prot\u00e9iforme, XVI\u00e8me-XIX\u00e8me si\u00e8cle et Louis Terracol, Le gouvernement de fait. De la R\u00e9volution \u00e0 la Lib\u00e9ration. Si le [&hellip;]\" \/>\n<meta property=\"og:url\" content=\"http:\/\/asso.unilim.fr\/daguesseau\/2023\/10\/26\/prix-de-these-d-aguesseau-2023\/\" \/>\n<meta property=\"og:site_name\" content=\"Entretiens d&#039;Aguesseau\" \/>\n<meta property=\"article:published_time\" content=\"2023-10-26T15:50:56+00:00\" \/>\n<meta property=\"article:modified_time\" content=\"2023-10-26T15:55:07+00:00\" \/>\n<meta property=\"og:image\" content=\"https:\/\/www.daguesseau.fr\/wp-content\/uploads\/sites\/10\/2019\/03\/Statue_of_dAguesseau_Palais_Bourbon_Paris_28_July_2015.jpg\" \/>\n\t<meta property=\"og:image:width\" content=\"4691\" \/>\n\t<meta property=\"og:image:height\" content=\"3127\" \/>\n\t<meta property=\"og:image:type\" content=\"image\/jpeg\" \/>\n<meta name=\"author\" content=\"capelp01\" \/>\n<meta name=\"twitter:card\" content=\"summary_large_image\" \/>\n<meta name=\"twitter:label1\" content=\"\u00c9crit par\" \/>\n\t<meta name=\"twitter:data1\" content=\"capelp01\" \/>\n\t<meta name=\"twitter:label2\" content=\"Dur\u00e9e de lecture estim\u00e9e\" \/>\n\t<meta name=\"twitter:data2\" content=\"1 minute\" \/>\n<script type=\"application\/ld+json\" class=\"yoast-schema-graph\">{\"@context\":\"https:\/\/schema.org\",\"@graph\":[{\"@type\":\"WebPage\",\"@id\":\"http:\/\/asso.unilim.fr\/daguesseau\/2023\/10\/26\/prix-de-these-d-aguesseau-2023\/\",\"url\":\"http:\/\/asso.unilim.fr\/daguesseau\/2023\/10\/26\/prix-de-these-d-aguesseau-2023\/\",\"name\":\"PRIX DE TH\u00c8SE D' AGUESSEAU 2023 - Entretiens d&#039;Aguesseau\",\"isPartOf\":{\"@id\":\"http:\/\/asso.unilim.fr\/daguesseau\/#website\"},\"primaryImageOfPage\":{\"@id\":\"http:\/\/asso.unilim.fr\/daguesseau\/2023\/10\/26\/prix-de-these-d-aguesseau-2023\/#primaryimage\"},\"image\":{\"@id\":\"http:\/\/asso.unilim.fr\/daguesseau\/2023\/10\/26\/prix-de-these-d-aguesseau-2023\/#primaryimage\"},\"thumbnailUrl\":\"https:\/\/www.daguesseau.fr\/wp-content\/uploads\/sites\/10\/2019\/03\/Statue_of_dAguesseau_Palais_Bourbon_Paris_28_July_2015.jpg\",\"datePublished\":\"2023-10-26T15:50:56+00:00\",\"dateModified\":\"2023-10-26T15:55:07+00:00\",\"author\":{\"@id\":\"http:\/\/asso.unilim.fr\/daguesseau\/#\/schema\/person\/9bf76a68261bb7d83e4d4684c7e3299d\"},\"breadcrumb\":{\"@id\":\"http:\/\/asso.unilim.fr\/daguesseau\/2023\/10\/26\/prix-de-these-d-aguesseau-2023\/#breadcrumb\"},\"inLanguage\":\"fr-FR\",\"potentialAction\":[{\"@type\":\"ReadAction\",\"target\":[\"http:\/\/asso.unilim.fr\/daguesseau\/2023\/10\/26\/prix-de-these-d-aguesseau-2023\/\"]}]},{\"@type\":\"ImageObject\",\"inLanguage\":\"fr-FR\",\"@id\":\"http:\/\/asso.unilim.fr\/daguesseau\/2023\/10\/26\/prix-de-these-d-aguesseau-2023\/#primaryimage\",\"url\":\"https:\/\/www.daguesseau.fr\/wp-content\/uploads\/sites\/10\/2019\/03\/Statue_of_dAguesseau_Palais_Bourbon_Paris_28_July_2015.jpg\",\"contentUrl\":\"https:\/\/www.daguesseau.fr\/wp-content\/uploads\/sites\/10\/2019\/03\/Statue_of_dAguesseau_Palais_Bourbon_Paris_28_July_2015.jpg\",\"width\":4691,\"height\":3127},{\"@type\":\"BreadcrumbList\",\"@id\":\"http:\/\/asso.unilim.fr\/daguesseau\/2023\/10\/26\/prix-de-these-d-aguesseau-2023\/#breadcrumb\",\"itemListElement\":[{\"@type\":\"ListItem\",\"position\":1,\"name\":\"Accueil\",\"item\":\"http:\/\/asso.unilim.fr\/daguesseau\/\"},{\"@type\":\"ListItem\",\"position\":2,\"name\":\"PRIX DE TH\u00c8SE D&rsquo; AGUESSEAU 2023\"}]},{\"@type\":\"WebSite\",\"@id\":\"http:\/\/asso.unilim.fr\/daguesseau\/#website\",\"url\":\"http:\/\/asso.unilim.fr\/daguesseau\/\",\"name\":\"Entretiens d&#039;Aguesseau\",\"description\":\"universit\u00e9 ouverte source de r\u00e9ussites\",\"potentialAction\":[{\"@type\":\"SearchAction\",\"target\":{\"@type\":\"EntryPoint\",\"urlTemplate\":\"http:\/\/asso.unilim.fr\/daguesseau\/?s={search_term_string}\"},\"query-input\":{\"@type\":\"PropertyValueSpecification\",\"valueRequired\":true,\"valueName\":\"search_term_string\"}}],\"inLanguage\":\"fr-FR\"},{\"@type\":\"Person\",\"@id\":\"http:\/\/asso.unilim.fr\/daguesseau\/#\/schema\/person\/9bf76a68261bb7d83e4d4684c7e3299d\",\"name\":\"capelp01\",\"image\":{\"@type\":\"ImageObject\",\"inLanguage\":\"fr-FR\",\"@id\":\"http:\/\/asso.unilim.fr\/daguesseau\/#\/schema\/person\/image\/\",\"url\":\"https:\/\/secure.gravatar.com\/avatar\/6c61dbbfa0cc6c4ed079c18440cce335543f40005760fa6a62d7fa79f5857c06?s=96&d=mm&r=g\",\"contentUrl\":\"https:\/\/secure.gravatar.com\/avatar\/6c61dbbfa0cc6c4ed079c18440cce335543f40005760fa6a62d7fa79f5857c06?s=96&d=mm&r=g\",\"caption\":\"capelp01\"},\"url\":\"https:\/\/asso.unilim.fr\/daguesseau\/author\/capelp01\/\"}]}<\/script>\n<!-- \/ Yoast SEO plugin. -->","yoast_head_json":{"title":"PRIX DE TH\u00c8SE D' AGUESSEAU 2023 - Entretiens d&#039;Aguesseau","robots":{"index":"index","follow":"follow","max-snippet":"max-snippet:-1","max-image-preview":"max-image-preview:large","max-video-preview":"max-video-preview:-1"},"canonical":"http:\/\/asso.unilim.fr\/daguesseau\/2023\/10\/26\/prix-de-these-d-aguesseau-2023\/","og_locale":"fr_FR","og_type":"article","og_title":"PRIX DE TH\u00c8SE D' AGUESSEAU 2023 - Entretiens d&#039;Aguesseau","og_description":"Le Jury du Prix d\u2019Aguesseau 2023,\u00a0 r\u00e9uni dans le cadre des Entretiens d\u2019Aguesseau,\u00a0 a retenu pour un premier prix ex aequo les travaux de messieurs Arnaud de Solminihac, La vie priv\u00e9e : les racines d\u2019un concept juridique prot\u00e9iforme, XVI\u00e8me-XIX\u00e8me si\u00e8cle et Louis Terracol, Le gouvernement de fait. De la R\u00e9volution \u00e0 la Lib\u00e9ration. Si le [&hellip;]","og_url":"http:\/\/asso.unilim.fr\/daguesseau\/2023\/10\/26\/prix-de-these-d-aguesseau-2023\/","og_site_name":"Entretiens d&#039;Aguesseau","article_published_time":"2023-10-26T15:50:56+00:00","article_modified_time":"2023-10-26T15:55:07+00:00","og_image":[{"width":4691,"height":3127,"url":"https:\/\/www.daguesseau.fr\/wp-content\/uploads\/sites\/10\/2019\/03\/Statue_of_dAguesseau_Palais_Bourbon_Paris_28_July_2015.jpg","type":"image\/jpeg"}],"author":"capelp01","twitter_card":"summary_large_image","twitter_misc":{"\u00c9crit par":"capelp01","Dur\u00e9e de lecture estim\u00e9e":"1 minute"},"schema":{"@context":"https:\/\/schema.org","@graph":[{"@type":"WebPage","@id":"http:\/\/asso.unilim.fr\/daguesseau\/2023\/10\/26\/prix-de-these-d-aguesseau-2023\/","url":"http:\/\/asso.unilim.fr\/daguesseau\/2023\/10\/26\/prix-de-these-d-aguesseau-2023\/","name":"PRIX DE TH\u00c8SE D' AGUESSEAU 2023 - Entretiens d&#039;Aguesseau","isPartOf":{"@id":"http:\/\/asso.unilim.fr\/daguesseau\/#website"},"primaryImageOfPage":{"@id":"http:\/\/asso.unilim.fr\/daguesseau\/2023\/10\/26\/prix-de-these-d-aguesseau-2023\/#primaryimage"},"image":{"@id":"http:\/\/asso.unilim.fr\/daguesseau\/2023\/10\/26\/prix-de-these-d-aguesseau-2023\/#primaryimage"},"thumbnailUrl":"https:\/\/www.daguesseau.fr\/wp-content\/uploads\/sites\/10\/2019\/03\/Statue_of_dAguesseau_Palais_Bourbon_Paris_28_July_2015.jpg","datePublished":"2023-10-26T15:50:56+00:00","dateModified":"2023-10-26T15:55:07+00:00","author":{"@id":"http:\/\/asso.unilim.fr\/daguesseau\/#\/schema\/person\/9bf76a68261bb7d83e4d4684c7e3299d"},"breadcrumb":{"@id":"http:\/\/asso.unilim.fr\/daguesseau\/2023\/10\/26\/prix-de-these-d-aguesseau-2023\/#breadcrumb"},"inLanguage":"fr-FR","potentialAction":[{"@type":"ReadAction","target":["http:\/\/asso.unilim.fr\/daguesseau\/2023\/10\/26\/prix-de-these-d-aguesseau-2023\/"]}]},{"@type":"ImageObject","inLanguage":"fr-FR","@id":"http:\/\/asso.unilim.fr\/daguesseau\/2023\/10\/26\/prix-de-these-d-aguesseau-2023\/#primaryimage","url":"https:\/\/www.daguesseau.fr\/wp-content\/uploads\/sites\/10\/2019\/03\/Statue_of_dAguesseau_Palais_Bourbon_Paris_28_July_2015.jpg","contentUrl":"https:\/\/www.daguesseau.fr\/wp-content\/uploads\/sites\/10\/2019\/03\/Statue_of_dAguesseau_Palais_Bourbon_Paris_28_July_2015.jpg","width":4691,"height":3127},{"@type":"BreadcrumbList","@id":"http:\/\/asso.unilim.fr\/daguesseau\/2023\/10\/26\/prix-de-these-d-aguesseau-2023\/#breadcrumb","itemListElement":[{"@type":"ListItem","position":1,"name":"Accueil","item":"http:\/\/asso.unilim.fr\/daguesseau\/"},{"@type":"ListItem","position":2,"name":"PRIX DE TH\u00c8SE D&rsquo; AGUESSEAU 2023"}]},{"@type":"WebSite","@id":"http:\/\/asso.unilim.fr\/daguesseau\/#website","url":"http:\/\/asso.unilim.fr\/daguesseau\/","name":"Entretiens d&#039;Aguesseau","description":"universit\u00e9 ouverte source de r\u00e9ussites","potentialAction":[{"@type":"SearchAction","target":{"@type":"EntryPoint","urlTemplate":"http:\/\/asso.unilim.fr\/daguesseau\/?s={search_term_string}"},"query-input":{"@type":"PropertyValueSpecification","valueRequired":true,"valueName":"search_term_string"}}],"inLanguage":"fr-FR"},{"@type":"Person","@id":"http:\/\/asso.unilim.fr\/daguesseau\/#\/schema\/person\/9bf76a68261bb7d83e4d4684c7e3299d","name":"capelp01","image":{"@type":"ImageObject","inLanguage":"fr-FR","@id":"http:\/\/asso.unilim.fr\/daguesseau\/#\/schema\/person\/image\/","url":"https:\/\/secure.gravatar.com\/avatar\/6c61dbbfa0cc6c4ed079c18440cce335543f40005760fa6a62d7fa79f5857c06?s=96&d=mm&r=g","contentUrl":"https:\/\/secure.gravatar.com\/avatar\/6c61dbbfa0cc6c4ed079c18440cce335543f40005760fa6a62d7fa79f5857c06?s=96&d=mm&r=g","caption":"capelp01"},"url":"https:\/\/asso.unilim.fr\/daguesseau\/author\/capelp01\/"}]}},"_links":{"self":[{"href":"https:\/\/asso.unilim.fr\/daguesseau\/wp-json\/wp\/v2\/posts\/682","targetHints":{"allow":["GET"]}}],"collection":[{"href":"https:\/\/asso.unilim.fr\/daguesseau\/wp-json\/wp\/v2\/posts"}],"about":[{"href":"https:\/\/asso.unilim.fr\/daguesseau\/wp-json\/wp\/v2\/types\/post"}],"author":[{"embeddable":true,"href":"https:\/\/asso.unilim.fr\/daguesseau\/wp-json\/wp\/v2\/users\/97"}],"replies":[{"embeddable":true,"href":"https:\/\/asso.unilim.fr\/daguesseau\/wp-json\/wp\/v2\/comments?post=682"}],"version-history":[{"count":0,"href":"https:\/\/asso.unilim.fr\/daguesseau\/wp-json\/wp\/v2\/posts\/682\/revisions"}],"wp:featuredmedia":[{"embeddable":true,"href":"https:\/\/asso.unilim.fr\/daguesseau\/wp-json\/wp\/v2\/media\/340"}],"wp:attachment":[{"href":"https:\/\/asso.unilim.fr\/daguesseau\/wp-json\/wp\/v2\/media?parent=682"}],"wp:term":[{"taxonomy":"category","embeddable":true,"href":"https:\/\/asso.unilim.fr\/daguesseau\/wp-json\/wp\/v2\/categories?post=682"},{"taxonomy":"post_tag","embeddable":true,"href":"https:\/\/asso.unilim.fr\/daguesseau\/wp-json\/wp\/v2\/tags?post=682"}],"curies":[{"name":"wp","href":"https:\/\/api.w.org\/{rel}","templated":true}]}}